{"id":4822,"date":"2022-04-08T14:29:21","date_gmt":"2022-04-08T14:29:21","guid":{"rendered":"https:\/\/diariotiempo.com.uy\/noticias\/?p=4822"},"modified":"2022-04-08T14:29:22","modified_gmt":"2022-04-08T14:29:22","slug":"primera-reunion-de-trabajo-de-instrumentacion-del-observatorio-economico-de-canelones","status":"publish","type":"post","link":"https:\/\/diariotiempo.com.uy\/noticias\/2022\/04\/08\/primera-reunion-de-trabajo-de-instrumentacion-del-observatorio-economico-de-canelones\/","title":{"rendered":"Primera reuni\u00f3n de trabajo de Instrumentaci\u00f3n del Observatorio Econ\u00f3mico de Canelones"},"content":{"rendered":"\n<figure class=\"wp-block-image size-full\"><img loading=\"lazy\" decoding=\"async\" width=\"800\" height=\"600\" src=\"https:\/\/diariotiempo.com.uy\/noticias\/wp-content\/uploads\/2022\/04\/camara.jpg\" alt=\"\" class=\"wp-image-4823\" srcset=\"https:\/\/diariotiempo.com.uy\/noticias\/wp-content\/uploads\/2022\/04\/camara.jpg 800w, https:\/\/diariotiempo.com.uy\/noticias\/wp-content\/uploads\/2022\/04\/camara-300x225.jpg 300w, https:\/\/diariotiempo.com.uy\/noticias\/wp-content\/uploads\/2022\/04\/camara-768x576.jpg 768w\" sizes=\"auto, (max-width: 800px) 100vw, 800px\" \/><\/figure>\n\n\n\n<p>El mi\u00e9rcoles 6 , en las instalaciones de la C\u00e1mara Comercial Industrial Agraria Pando, se llev\u00f3 a cabo la primer reuni\u00f3n del proceso de instrumentaci\u00f3n del Observatorio Econ\u00f3mico de Canelones.<\/p>\n\n\n\n<p>En la oportunidad, estuvieron presentes representantes de C\u00e1mara de Comercio, de la C\u00e1mara Empresarial Canaria (integrada por gremiales del dpto.), y la Empresa Equipos, quien desarrollar\u00e1 el trabajo de capacitaci\u00f3n y consultor\u00eda. Este proceso es avalado y respaldado por la OIT. A la fecha, con este instrumento, ser\u00e1 el noveno departamento, que contar\u00e1 con un Observatorio Econ\u00f3mico.<\/p>\n","protected":false},"excerpt":{"rendered":"<p>El mi\u00e9rcoles 6 , en las instalaciones de la C\u00e1mara Comercial Industrial Agraria Pando, se&#8230;<\/p>\n","protected":false},"author":1,"featured_media":4823,"comment_status":"open","ping_status":"open","sticky":false,"template":"","format":"standard","meta":{"_monsterinsights_skip_tracking":false,"_monsterinsights_sitenote_active":false,"_monsterinsights_sitenote_note":"","_monsterinsights_sitenote_category":0,"footnotes":""},"categories":[19],"tags":[],"class_list":["post-4822","post","type-post","status-publish","format-standard","has-post-thumbnail","hentry","category-pando"],"featured_image_urls":{"full":["https:\/\/diariotiempo.com.uy\/noticias\/wp-content\/uploads\/2022\/04\/camara.jpg",800,600,false],"thumbnail":["https:\/\/diariotiempo.com.uy\/noticias\/wp-content\/uploads\/2022\/04\/camara-150x150.jpg",150,150,true],"medium":["https:\/\/diariotiempo.com.uy\/noticias\/wp-content\/uploads\/2022\/04\/camara-300x225.jpg",300,225,true],"medium_large":["https:\/\/diariotiempo.com.uy\/noticias\/wp-content\/uploads\/2022\/04\/camara-768x576.jpg",640,480,true],"large":["https:\/\/diariotiempo.com.uy\/noticias\/wp-content\/uploads\/2022\/04\/camara.jpg",640,480,false],"rpg_gallery_admin_thumb":["https:\/\/diariotiempo.com.uy\/noticias\/wp-content\/uploads\/2022\/04\/camara.jpg",150,113,false],"rpg_gallery_thumb":["https:\/\/diariotiempo.com.uy\/noticias\/wp-content\/uploads\/2022\/04\/camara.jpg",150,113,false],"1536x1536":["https:\/\/diariotiempo.com.uy\/noticias\/wp-content\/uploads\/2022\/04\/camara.jpg",800,600,false],"2048x2048":["https:\/\/diariotiempo.com.uy\/noticias\/wp-content\/uploads\/2022\/04\/camara.jpg",800,600,false],"covernews-slider-full":["https:\/\/diariotiempo.com.uy\/noticias\/wp-content\/uploads\/2022\/04\/camara.jpg",800,600,false],"covernews-slider-center":["https:\/\/diariotiempo.com.uy\/noticias\/wp-content\/uploads\/2022\/04\/camara-800x500.jpg",800,500,true],"covernews-featured":["https:\/\/diariotiempo.com.uy\/noticias\/wp-content\/uploads\/2022\/04\/camara.jpg",800,600,false],"covernews-medium":["https:\/\/diariotiempo.com.uy\/noticias\/wp-content\/uploads\/2022\/04\/camara-540x340.jpg",540,340,true],"covernews-medium-square":["https:\/\/diariotiempo.com.uy\/noticias\/wp-content\/uploads\/2022\/04\/camara-400x250.jpg",400,250,true]},"author_info":{"display_name":"diario","author_link":"https:\/\/diariotiempo.com.uy\/noticias\/author\/diario\/"},"category_info":"<a href=\"https:\/\/diariotiempo.com.uy\/noticias\/category\/departamental\/pando\/\" rel=\"category tag\">Pando<\/a>","tag_info":"Pando","comment_count":"0","_links":{"self":[{"href":"https:\/\/diariotiempo.com.uy\/noticias\/wp-json\/wp\/v2\/posts\/4822","targetHints":{"allow":["GET"]}}],"collection":[{"href":"https:\/\/diariotiempo.com.uy\/noticias\/wp-json\/wp\/v2\/posts"}],"about":[{"href":"https:\/\/diariotiempo.com.uy\/noticias\/wp-json\/wp\/v2\/types\/post"}],"author":[{"embeddable":true,"href":"https:\/\/diariotiempo.com.uy\/noticias\/wp-json\/wp\/v2\/users\/1"}],"replies":[{"embeddable":true,"href":"https:\/\/diariotiempo.com.uy\/noticias\/wp-json\/wp\/v2\/comments?post=4822"}],"version-history":[{"count":1,"href":"https:\/\/diariotiempo.com.uy\/noticias\/wp-json\/wp\/v2\/posts\/4822\/revisions"}],"predecessor-version":[{"id":4824,"href":"https:\/\/diariotiempo.com.uy\/noticias\/wp-json\/wp\/v2\/posts\/4822\/revisions\/4824"}],"wp:featuredmedia":[{"embeddable":true,"href":"https:\/\/diariotiempo.com.uy\/noticias\/wp-json\/wp\/v2\/media\/4823"}],"wp:attachment":[{"href":"https:\/\/diariotiempo.com.uy\/noticias\/wp-json\/wp\/v2\/media?parent=4822"}],"wp:term":[{"taxonomy":"category","embeddable":true,"href":"https:\/\/diariotiempo.com.uy\/noticias\/wp-json\/wp\/v2\/categories?post=4822"},{"taxonomy":"post_tag","embeddable":true,"href":"https:\/\/diariotiempo.com.uy\/noticias\/wp-json\/wp\/v2\/tags?post=4822"}],"curies":[{"name":"wp","href":"https:\/\/api.w.org\/{rel}","templated":true}]}}