{"id":5133,"date":"2022-05-02T16:46:21","date_gmt":"2022-05-02T16:46:21","guid":{"rendered":"https:\/\/diariotiempo.com.uy\/noticias\/?p=5133"},"modified":"2022-05-02T16:46:22","modified_gmt":"2022-05-02T16:46:22","slug":"inauguraron-edificio-de-la-facultad-de-ingenieria-de-la-universidad-de-montevideo","status":"publish","type":"post","link":"https:\/\/diariotiempo.com.uy\/noticias\/2022\/05\/02\/inauguraron-edificio-de-la-facultad-de-ingenieria-de-la-universidad-de-montevideo\/","title":{"rendered":"Inauguraron edificio de la Facultad de Ingenier\u00eda de la Universidad de Montevideo"},"content":{"rendered":"\n<figure class=\"wp-block-image size-full\"><img loading=\"lazy\" decoding=\"async\" width=\"800\" height=\"532\" src=\"https:\/\/diariotiempo.com.uy\/noticias\/wp-content\/uploads\/2022\/05\/robot.jpg\" alt=\"\" class=\"wp-image-5134\" srcset=\"https:\/\/diariotiempo.com.uy\/noticias\/wp-content\/uploads\/2022\/05\/robot.jpg 800w, https:\/\/diariotiempo.com.uy\/noticias\/wp-content\/uploads\/2022\/05\/robot-300x200.jpg 300w, https:\/\/diariotiempo.com.uy\/noticias\/wp-content\/uploads\/2022\/05\/robot-768x511.jpg 768w\" sizes=\"auto, (max-width: 800px) 100vw, 800px\" \/><\/figure>\n\n\n\n<p>\u201cEl pa\u00eds de la calidad y la excelencia es posible\u201d, expres\u00f3 el titular del Laboratorio Tecnol\u00f3gico del Uruguay (LATU), Ruperto Long, quien asisti\u00f3, junto con el presidente de la Rep\u00fablica, Luis Lacalle Pou, a la inauguraci\u00f3n del edificio de la Facultad de Ingenier\u00eda de la Universidad de Montevideo, en el Parque Tecnol\u00f3gico del LATU. La edificaci\u00f3n consta de tres plantas con aulas, laboratorios y espacios de recreaci\u00f3n.<\/p>\n\n\n\n<p>En la ceremonia, realizada este viernes 29, acompa\u00f1aron tambi\u00e9n al mandatario la vicepresidenta de la Rep\u00fablica, Beatriz Argim\u00f3n; el secretario de Presidencia, \u00c1lvaro Delgado; el ministro de Industria, Omar Paganini; el director de la Oficina de Planeamiento y Presupuesto, Isaac Alfie; la subsecretaria de Educaci\u00f3n y Cultura, Ana Ribeiro, y el rector de la Universidad de Montevideo, Juan Manuel Guti\u00e9rrez, as\u00ed como docentes, graduados y alumnos.<\/p>\n\n\n\n<p>Luis Lacalle Pou cort\u00f3 la cinta inaugural y recorri\u00f3 las instalaciones en continuo di\u00e1logo con los estudiantes.<\/p>\n\n\n\n<p>El edificio, de 3.000 metros cuadrados, contiene trece aulas, cuatro laboratorios, una biblioteca, oficinas de profesores, estaciones de trabajo abiertas para docentes y alumnos, salas de estudio y cafeter\u00eda.<\/p>\n\n\n\n<p>Long record\u00f3, durante la actividad protocolar, la importancia actual del parque tecnol\u00f3gico para los sectores emprendedor, innovador y educativo, dada la presencia de la Direcci\u00f3n General de Educaci\u00f3n T\u00e9cnico Profesional &#8211; UTU, la Universidad Tecnol\u00f3gica (UTEC) y, desde ahora, la Universidad de Montevideo.<\/p>\n\n\n\n<p>Con esta nueva instituci\u00f3n educativa en el predio del LATU, la cifra de estudiantes que concurren al Parque Tecnol\u00f3gico asciende a unos 700.<br>\u201cEs una riqueza donde surgen enorme cantidad de cosas que hacen mucho bien. Ac\u00e1 est\u00e1 la respuesta, el pa\u00eds de la calidad y la excelencia es posible\u201d, afirm\u00f3 el jerarca.<\/p>\n","protected":false},"excerpt":{"rendered":"<p>\u201cEl pa\u00eds de la calidad y la excelencia es posible\u201d, expres\u00f3 el titular del Laboratorio&#8230;<\/p>\n","protected":false},"author":1,"featured_media":5134,"comment_status":"open","ping_status":"open","sticky":false,"template":"","format":"standard","meta":{"_monsterinsights_skip_tracking":false,"_monsterinsights_sitenote_active":false,"_monsterinsights_sitenote_note":"","_monsterinsights_sitenote_category":0,"footnotes":""},"categories":[79],"tags":[],"class_list":["post-5133","post","type-post","status-publish","format-standard","has-post-thumbnail","hentry","category-nacionales"],"featured_image_urls":{"full":["https:\/\/diariotiempo.com.uy\/noticias\/wp-content\/uploads\/2022\/05\/robot.jpg",800,532,false],"thumbnail":["https:\/\/diariotiempo.com.uy\/noticias\/wp-content\/uploads\/2022\/05\/robot-150x150.jpg",150,150,true],"medium":["https:\/\/diariotiempo.com.uy\/noticias\/wp-content\/uploads\/2022\/05\/robot-300x200.jpg",300,200,true],"medium_large":["https:\/\/diariotiempo.com.uy\/noticias\/wp-content\/uploads\/2022\/05\/robot-768x511.jpg",640,426,true],"large":["https:\/\/diariotiempo.com.uy\/noticias\/wp-content\/uploads\/2022\/05\/robot.jpg",640,426,false],"rpg_gallery_admin_thumb":["https:\/\/diariotiempo.com.uy\/noticias\/wp-content\/uploads\/2022\/05\/robot.jpg",150,100,false],"rpg_gallery_thumb":["https:\/\/diariotiempo.com.uy\/noticias\/wp-content\/uploads\/2022\/05\/robot.jpg",150,100,false],"1536x1536":["https:\/\/diariotiempo.com.uy\/noticias\/wp-content\/uploads\/2022\/05\/robot.jpg",800,532,false],"2048x2048":["https:\/\/diariotiempo.com.uy\/noticias\/wp-content\/uploads\/2022\/05\/robot.jpg",800,532,false],"covernews-slider-full":["https:\/\/diariotiempo.com.uy\/noticias\/wp-content\/uploads\/2022\/05\/robot.jpg",800,532,false],"covernews-slider-center":["https:\/\/diariotiempo.com.uy\/noticias\/wp-content\/uploads\/2022\/05\/robot-800x500.jpg",800,500,true],"covernews-featured":["https:\/\/diariotiempo.com.uy\/noticias\/wp-content\/uploads\/2022\/05\/robot.jpg",800,532,false],"covernews-medium":["https:\/\/diariotiempo.com.uy\/noticias\/wp-content\/uploads\/2022\/05\/robot-540x340.jpg",540,340,true],"covernews-medium-square":["https:\/\/diariotiempo.com.uy\/noticias\/wp-content\/uploads\/2022\/05\/robot-400x250.jpg",400,250,true]},"author_info":{"display_name":"diario","author_link":"https:\/\/diariotiempo.com.uy\/noticias\/author\/diario\/"},"category_info":"<a href=\"https:\/\/diariotiempo.com.uy\/noticias\/category\/nacionales\/\" rel=\"category tag\">NACIONALES<\/a>","tag_info":"NACIONALES","comment_count":"0","_links":{"self":[{"href":"https:\/\/diariotiempo.com.uy\/noticias\/wp-json\/wp\/v2\/posts\/5133","targetHints":{"allow":["GET"]}}],"collection":[{"href":"https:\/\/diariotiempo.com.uy\/noticias\/wp-json\/wp\/v2\/posts"}],"about":[{"href":"https:\/\/diariotiempo.com.uy\/noticias\/wp-json\/wp\/v2\/types\/post"}],"author":[{"embeddable":true,"href":"https:\/\/diariotiempo.com.uy\/noticias\/wp-json\/wp\/v2\/users\/1"}],"replies":[{"embeddable":true,"href":"https:\/\/diariotiempo.com.uy\/noticias\/wp-json\/wp\/v2\/comments?post=5133"}],"version-history":[{"count":1,"href":"https:\/\/diariotiempo.com.uy\/noticias\/wp-json\/wp\/v2\/posts\/5133\/revisions"}],"predecessor-version":[{"id":5135,"href":"https:\/\/diariotiempo.com.uy\/noticias\/wp-json\/wp\/v2\/posts\/5133\/revisions\/5135"}],"wp:featuredmedia":[{"embeddable":true,"href":"https:\/\/diariotiempo.com.uy\/noticias\/wp-json\/wp\/v2\/media\/5134"}],"wp:attachment":[{"href":"https:\/\/diariotiempo.com.uy\/noticias\/wp-json\/wp\/v2\/media?parent=5133"}],"wp:term":[{"taxonomy":"category","embeddable":true,"href":"https:\/\/diariotiempo.com.uy\/noticias\/wp-json\/wp\/v2\/categories?post=5133"},{"taxonomy":"post_tag","embeddable":true,"href":"https:\/\/diariotiempo.com.uy\/noticias\/wp-json\/wp\/v2\/tags?post=5133"}],"curies":[{"name":"wp","href":"https:\/\/api.w.org\/{rel}","templated":true}]}}