{"id":5395,"date":"2022-05-20T13:37:42","date_gmt":"2022-05-20T13:37:42","guid":{"rendered":"https:\/\/diariotiempo.com.uy\/noticias\/?p=5395"},"modified":"2022-05-20T13:37:43","modified_gmt":"2022-05-20T13:37:43","slug":"en-el-dia-mundial-del-reciclaje-se-realizo-en-pando-un-foro-internacional-del-sector-plastico","status":"publish","type":"post","link":"https:\/\/diariotiempo.com.uy\/noticias\/2022\/05\/20\/en-el-dia-mundial-del-reciclaje-se-realizo-en-pando-un-foro-internacional-del-sector-plastico\/","title":{"rendered":"En el D\u00eda Mundial del Reciclaje se realiz\u00f3 en Pando un Foro Internacional del Sector Pl\u00e1stico"},"content":{"rendered":"\n<figure class=\"wp-block-image size-full\"><img loading=\"lazy\" decoding=\"async\" width=\"800\" height=\"600\" src=\"https:\/\/diariotiempo.com.uy\/noticias\/wp-content\/uploads\/2022\/05\/gente.jpg\" alt=\"\" class=\"wp-image-5396\" srcset=\"https:\/\/diariotiempo.com.uy\/noticias\/wp-content\/uploads\/2022\/05\/gente.jpg 800w, https:\/\/diariotiempo.com.uy\/noticias\/wp-content\/uploads\/2022\/05\/gente-300x225.jpg 300w, https:\/\/diariotiempo.com.uy\/noticias\/wp-content\/uploads\/2022\/05\/gente-768x576.jpg 768w\" sizes=\"auto, (max-width: 800px) 100vw, 800px\" \/><\/figure>\n\n\n\n<p>El pasado 17 y 18 de mayo la Intendencia de Canelones y la Asociaci\u00f3n Uruguaya de Industrias del Pl\u00e1stico, realizaron una jornada virtual en el marco del D\u00eda Mundial del Reciclaje, referente al Foro Internacional del Sector Pl\u00e1stico \u201cInnovar, reciclar, educar. Iniciativa Canelones\u201d.<\/p>\n\n\n\n<p>Este Foro convoc\u00f3 a referentes de diferentes ciudades a compartir experiencias de recuperaci\u00f3n, reciclaje y valorizaci\u00f3n de residuos, con especial \u00e9nfasis en programas basados en el uso circular del pl\u00e1stico en nuestra regi\u00f3n. Se present\u00f3 el contexto global a partir de la declaraci\u00f3n de Nairobi: Poner fin a la contaminaci\u00f3n por pl\u00e1sticos, hacia un acuerdo Internacional jur\u00eddicamente vinculante. recibiendo aportes del Programa de Naciones Unidas para el Medio Ambiente (PNUMA); organizaciones sociales, empresariales y representantes de Gobierno, con el objetivo de generar condiciones para aportar al intercambio y definiciones globales.<\/p>\n\n\n\n<p>Participaron autoridades de la Intendencia de Canelones, de la Asociaci\u00f3n Uruguaya de Industrias del Pl\u00e1stico, de la C\u00e1mara Comercial Industrial Agraria de Pando, representantes del Ministerio de Medio Ambiente, de la red de Mercociudades, del Programa de las Naciones Unidas para el Medio Ambiente, de la Comisi\u00f3n Econ\u00f3mica para Am\u00e9rica Latina y el Caribe de las Naciones Unidas, del Centro Tecnol\u00f3gico del Pl\u00e1stico, de ANMYPE, de la Universidad de la Rep\u00fablica, University of St. Andrews, PIT-CNT, Visi\u00f3n 3030, WIEGO, entre otros.<\/p>\n","protected":false},"excerpt":{"rendered":"<p>El pasado 17 y 18 de mayo la Intendencia de Canelones y la Asociaci\u00f3n Uruguaya&#8230;<\/p>\n","protected":false},"author":1,"featured_media":5396,"comment_status":"open","ping_status":"open","sticky":false,"template":"","format":"standard","meta":{"_monsterinsights_skip_tracking":false,"_monsterinsights_sitenote_active":false,"_monsterinsights_sitenote_note":"","_monsterinsights_sitenote_category":0,"footnotes":""},"categories":[19],"tags":[],"class_list":["post-5395","post","type-post","status-publish","format-standard","has-post-thumbnail","hentry","category-pando"],"featured_image_urls":{"full":["https:\/\/diariotiempo.com.uy\/noticias\/wp-content\/uploads\/2022\/05\/gente.jpg",800,600,false],"thumbnail":["https:\/\/diariotiempo.com.uy\/noticias\/wp-content\/uploads\/2022\/05\/gente-150x150.jpg",150,150,true],"medium":["https:\/\/diariotiempo.com.uy\/noticias\/wp-content\/uploads\/2022\/05\/gente-300x225.jpg",300,225,true],"medium_large":["https:\/\/diariotiempo.com.uy\/noticias\/wp-content\/uploads\/2022\/05\/gente-768x576.jpg",640,480,true],"large":["https:\/\/diariotiempo.com.uy\/noticias\/wp-content\/uploads\/2022\/05\/gente.jpg",640,480,false],"rpg_gallery_admin_thumb":["https:\/\/diariotiempo.com.uy\/noticias\/wp-content\/uploads\/2022\/05\/gente.jpg",150,113,false],"rpg_gallery_thumb":["https:\/\/diariotiempo.com.uy\/noticias\/wp-content\/uploads\/2022\/05\/gente.jpg",150,113,false],"1536x1536":["https:\/\/diariotiempo.com.uy\/noticias\/wp-content\/uploads\/2022\/05\/gente.jpg",800,600,false],"2048x2048":["https:\/\/diariotiempo.com.uy\/noticias\/wp-content\/uploads\/2022\/05\/gente.jpg",800,600,false],"covernews-slider-full":["https:\/\/diariotiempo.com.uy\/noticias\/wp-content\/uploads\/2022\/05\/gente.jpg",800,600,false],"covernews-slider-center":["https:\/\/diariotiempo.com.uy\/noticias\/wp-content\/uploads\/2022\/05\/gente-800x500.jpg",800,500,true],"covernews-featured":["https:\/\/diariotiempo.com.uy\/noticias\/wp-content\/uploads\/2022\/05\/gente.jpg",800,600,false],"covernews-medium":["https:\/\/diariotiempo.com.uy\/noticias\/wp-content\/uploads\/2022\/05\/gente-540x340.jpg",540,340,true],"covernews-medium-square":["https:\/\/diariotiempo.com.uy\/noticias\/wp-content\/uploads\/2022\/05\/gente-400x250.jpg",400,250,true]},"author_info":{"display_name":"diario","author_link":"https:\/\/diariotiempo.com.uy\/noticias\/author\/diario\/"},"category_info":"<a href=\"https:\/\/diariotiempo.com.uy\/noticias\/category\/departamental\/pando\/\" rel=\"category tag\">Pando<\/a>","tag_info":"Pando","comment_count":"0","_links":{"self":[{"href":"https:\/\/diariotiempo.com.uy\/noticias\/wp-json\/wp\/v2\/posts\/5395","targetHints":{"allow":["GET"]}}],"collection":[{"href":"https:\/\/diariotiempo.com.uy\/noticias\/wp-json\/wp\/v2\/posts"}],"about":[{"href":"https:\/\/diariotiempo.com.uy\/noticias\/wp-json\/wp\/v2\/types\/post"}],"author":[{"embeddable":true,"href":"https:\/\/diariotiempo.com.uy\/noticias\/wp-json\/wp\/v2\/users\/1"}],"replies":[{"embeddable":true,"href":"https:\/\/diariotiempo.com.uy\/noticias\/wp-json\/wp\/v2\/comments?post=5395"}],"version-history":[{"count":1,"href":"https:\/\/diariotiempo.com.uy\/noticias\/wp-json\/wp\/v2\/posts\/5395\/revisions"}],"predecessor-version":[{"id":5397,"href":"https:\/\/diariotiempo.com.uy\/noticias\/wp-json\/wp\/v2\/posts\/5395\/revisions\/5397"}],"wp:featuredmedia":[{"embeddable":true,"href":"https:\/\/diariotiempo.com.uy\/noticias\/wp-json\/wp\/v2\/media\/5396"}],"wp:attachment":[{"href":"https:\/\/diariotiempo.com.uy\/noticias\/wp-json\/wp\/v2\/media?parent=5395"}],"wp:term":[{"taxonomy":"category","embeddable":true,"href":"https:\/\/diariotiempo.com.uy\/noticias\/wp-json\/wp\/v2\/categories?post=5395"},{"taxonomy":"post_tag","embeddable":true,"href":"https:\/\/diariotiempo.com.uy\/noticias\/wp-json\/wp\/v2\/tags?post=5395"}],"curies":[{"name":"wp","href":"https:\/\/api.w.org\/{rel}","templated":true}]}}