{"id":5433,"date":"2022-05-20T13:59:49","date_gmt":"2022-05-20T13:59:49","guid":{"rendered":"https:\/\/diariotiempo.com.uy\/noticias\/?p=5433"},"modified":"2022-05-20T13:59:50","modified_gmt":"2022-05-20T13:59:50","slug":"vargas-llosa","status":"publish","type":"post","link":"https:\/\/diariotiempo.com.uy\/noticias\/2022\/05\/20\/vargas-llosa\/","title":{"rendered":"VARGAS LLOSA"},"content":{"rendered":"\n<p>Estaba \u00abcantado\u00bb; unos cuantos se iban sentir molestos por las palabras de Mario Vargas Llosa porque saben, y muy bien que lo saben, que, con su reconocida erudici\u00f3n, el Premio N\u00f3bel de literatura iba a decir lo que no les agrada escuchar. El Rector de la Universidad de la Rep\u00fablica, Rodrigo Arim, con absoluta justicia, le entreg\u00f3 el Doctorado Honoris Causa y no lo hab\u00eda podido hacer antes porque voces universitarias, en su momento, dijeron que Vargas hab\u00eda defendido posturas contrarias a la Universidad. Pocas cosas resultan tan tontas, por decir lo menos. De ah\u00ed que las expresiones del autor de \u00abCinco Esquinas\u00bb, de \u00abLa Fiesta del Chivo\u00bb y de tantas otras novelas traducidas a decenas de idiomas, vertidas en la conferencia organizada por el Centro de Estudios para el Desarrollo, hayan sido recogidas por destacados medios de comunicaci\u00f3n a nivel mundial. Por lo tanto, el peruano es una de esas voces que hacen que muchos procuren bajarle el volumen, ya que cuenta con dos condiciones que, desde algunos sectores, se ven como contrapuestas: es un intelectual; y no es de izquierda. O, por lo menos, no piensa como a algunos les gustar\u00eda que pensara. \u00a1Y mucho cuidado cuando comienza a disertar sobre Am\u00e9rica Latina! La conoce a fondo y, siendo un republicano que no adhiri\u00f3 nunca a dictaduras ni a sistemas parecidos a las mismas, no se casa con cualquiera. Entonces, si esto sucede, hay que tener en cuenta lo que Vargas dijo y al escucharlo, o al leerlo, las conclusiones aparecen sin esfuerzo alguno. A modo de resumen se puede decir que, en lo que tiene que ver con Brasil, no est\u00e1 de acuerdo con varias de las pol\u00edticas del Presidente Bolsonaro, el cual no es, para nada, santo de su devoci\u00f3n. Pero lo prefiere a Lula quien, si bien las encuestas dicen que podr\u00eda volver a Planalto, se ha puesto a favor del Zar en la guerra contra Ucrania y aplaude sus excesos. Cuando le toc\u00f3 hablar de Argentina, no fue para nada complaciente con el gobierno de Alberto Fern\u00e1ndez. Vargas, que fustiga al peronismo, entiende que all\u00ed no se avizoran cambios de importancia. Se cuid\u00f3 de mencionar a la m\u00e1s pujante figura pol\u00edtica que ha surgido en la Argentina actual, que es el Diputado Javier Milei, quien hoy est\u00e1 al tope de todas las consultas de opini\u00f3n. Vargas actu\u00f3 con moderaci\u00f3n y esto es una condici\u00f3n que debe resaltarse. De pronto entendi\u00f3 que no tiene los suficientes elementos de juicio para pronunciarse sobre ese incipiente l\u00edder del que habremos de hablar en su oportunidad. Con respecto a su pa\u00eds, dice que el actual Presidente peruano \u00abes una verg\u00fcenza\u00bb, y eso exime de todo comentario. Y viene lo peor: Vargas habla bien sobre el Uruguay, destacando su firme institucionalidad. El mero hecho de que nos considere \u00abuna excepci\u00f3n\u00bb en la regi\u00f3n, causa escozor y cuando dice que el gobierno uruguayo va en la direcci\u00f3n acertada\u2026 \u00a1para qu\u00e9! Pero es as\u00ed, tal como lo dice Vargas, aunque algunos no lo crean o no se atrevan a reconocerlo para no quedar mal con sus adl\u00e1teres. Eso s\u00ed: acelerador a fondo en todos y cada uno de los temas que le importan a la gente. El elogio s\u00f3lo puede tener el efecto de mantener las acciones que llevaron a emitirlo.<\/p>\n","protected":false},"excerpt":{"rendered":"<p>Estaba \u00abcantado\u00bb; unos cuantos se iban sentir molestos por las palabras de Mario Vargas Llosa&#8230;<\/p>\n","protected":false},"author":1,"featured_media":1161,"comment_status":"open","ping_status":"open","sticky":false,"template":"","format":"standard","meta":{"_monsterinsights_skip_tracking":false,"_monsterinsights_sitenote_active":false,"_monsterinsights_sitenote_note":"","_monsterinsights_sitenote_category":0,"footnotes":""},"categories":[13],"tags":[],"class_list":["post-5433","post","type-post","status-publish","format-standard","has-post-thumbnail","hentry","category-articulos-de-opinion"],"featured_image_urls":{"full":["https:\/\/diariotiempo.com.uy\/noticias\/wp-content\/uploads\/2021\/06\/Master-Escribe-Cardozo.jpg",300,185,false],"thumbnail":["https:\/\/diariotiempo.com.uy\/noticias\/wp-content\/uploads\/2021\/06\/Master-Escribe-Cardozo-150x150.jpg",150,150,true],"medium":["https:\/\/diariotiempo.com.uy\/noticias\/wp-content\/uploads\/2021\/06\/Master-Escribe-Cardozo.jpg",300,185,false],"medium_large":["https:\/\/diariotiempo.com.uy\/noticias\/wp-content\/uploads\/2021\/06\/Master-Escribe-Cardozo.jpg",300,185,false],"large":["https:\/\/diariotiempo.com.uy\/noticias\/wp-content\/uploads\/2021\/06\/Master-Escribe-Cardozo.jpg",300,185,false],"rpg_gallery_admin_thumb":["https:\/\/diariotiempo.com.uy\/noticias\/wp-content\/uploads\/2021\/06\/Master-Escribe-Cardozo.jpg",150,93,false],"rpg_gallery_thumb":["https:\/\/diariotiempo.com.uy\/noticias\/wp-content\/uploads\/2021\/06\/Master-Escribe-Cardozo.jpg",150,93,false],"1536x1536":["https:\/\/diariotiempo.com.uy\/noticias\/wp-content\/uploads\/2021\/06\/Master-Escribe-Cardozo.jpg",300,185,false],"2048x2048":["https:\/\/diariotiempo.com.uy\/noticias\/wp-content\/uploads\/2021\/06\/Master-Escribe-Cardozo.jpg",300,185,false],"covernews-slider-full":["https:\/\/diariotiempo.com.uy\/noticias\/wp-content\/uploads\/2021\/06\/Master-Escribe-Cardozo.jpg",300,185,false],"covernews-slider-center":["https:\/\/diariotiempo.com.uy\/noticias\/wp-content\/uploads\/2021\/06\/Master-Escribe-Cardozo.jpg",300,185,false],"covernews-featured":["https:\/\/diariotiempo.com.uy\/noticias\/wp-content\/uploads\/2021\/06\/Master-Escribe-Cardozo.jpg",300,185,false],"covernews-medium":["https:\/\/diariotiempo.com.uy\/noticias\/wp-content\/uploads\/2021\/06\/Master-Escribe-Cardozo.jpg",300,185,false],"covernews-medium-square":["https:\/\/diariotiempo.com.uy\/noticias\/wp-content\/uploads\/2021\/06\/Master-Escribe-Cardozo.jpg",300,185,false]},"author_info":{"display_name":"diario","author_link":"https:\/\/diariotiempo.com.uy\/noticias\/author\/diario\/"},"category_info":"<a href=\"https:\/\/diariotiempo.com.uy\/noticias\/category\/opinion\/articulos-de-opinion\/\" rel=\"category tag\">Art\u00edculos de Opini\u00f3n<\/a>","tag_info":"Art\u00edculos de Opini\u00f3n","comment_count":"0","_links":{"self":[{"href":"https:\/\/diariotiempo.com.uy\/noticias\/wp-json\/wp\/v2\/posts\/5433","targetHints":{"allow":["GET"]}}],"collection":[{"href":"https:\/\/diariotiempo.com.uy\/noticias\/wp-json\/wp\/v2\/posts"}],"about":[{"href":"https:\/\/diariotiempo.com.uy\/noticias\/wp-json\/wp\/v2\/types\/post"}],"author":[{"embeddable":true,"href":"https:\/\/diariotiempo.com.uy\/noticias\/wp-json\/wp\/v2\/users\/1"}],"replies":[{"embeddable":true,"href":"https:\/\/diariotiempo.com.uy\/noticias\/wp-json\/wp\/v2\/comments?post=5433"}],"version-history":[{"count":1,"href":"https:\/\/diariotiempo.com.uy\/noticias\/wp-json\/wp\/v2\/posts\/5433\/revisions"}],"predecessor-version":[{"id":5434,"href":"https:\/\/diariotiempo.com.uy\/noticias\/wp-json\/wp\/v2\/posts\/5433\/revisions\/5434"}],"wp:featuredmedia":[{"embeddable":true,"href":"https:\/\/diariotiempo.com.uy\/noticias\/wp-json\/wp\/v2\/media\/1161"}],"wp:attachment":[{"href":"https:\/\/diariotiempo.com.uy\/noticias\/wp-json\/wp\/v2\/media?parent=5433"}],"wp:term":[{"taxonomy":"category","embeddable":true,"href":"https:\/\/diariotiempo.com.uy\/noticias\/wp-json\/wp\/v2\/categories?post=5433"},{"taxonomy":"post_tag","embeddable":true,"href":"https:\/\/diariotiempo.com.uy\/noticias\/wp-json\/wp\/v2\/tags?post=5433"}],"curies":[{"name":"wp","href":"https:\/\/api.w.org\/{rel}","templated":true}]}}