{"id":5538,"date":"2022-05-27T16:41:47","date_gmt":"2022-05-27T16:41:47","guid":{"rendered":"https:\/\/diariotiempo.com.uy\/noticias\/?p=5538"},"modified":"2022-05-27T16:41:48","modified_gmt":"2022-05-27T16:41:48","slug":"cuando-la-justicia-tarda-la-memoria-es-la-unica-salvaguarda","status":"publish","type":"post","link":"https:\/\/diariotiempo.com.uy\/noticias\/2022\/05\/27\/cuando-la-justicia-tarda-la-memoria-es-la-unica-salvaguarda\/","title":{"rendered":"CUANDO LA JUSTICIA TARDA LA MEMORIA ES LA UNICA SALVAGUARDA"},"content":{"rendered":"\n<p>Como la justicia en los temas de los desaparecidos tarda y los avances han sido muy escasos, apelamos a la memoria como la \u00fanica forma de mantener por encima del tiempo el mayor trauma sufrido por la sociedad uruguaya, que permanece en yaga viva.<br>Cada a\u00f1o un nuevo hito por el cual nuevas generaciones se introducen en una protesta silenciosa pero de alto valor moral y \u00e9tico, por encima de los partidos pol\u00edticos o instituciones o corporaciones, en un corte horizontal que no admite liderazgos o ventajas personales.<br>Aquellos que fuimos observadores activos de los sucesos que llevaron a la realidad actual podemos hacer un llamado a nuestra memoria, para aclarar algunos aspectos que se mencionan en forma puntual con objetivos diferentes por quienes quieren minimizar el hecho y con virulencia, por quienes quieren sacar partido por lo sucedido o sucede, mientras la comisi\u00f3n de Madres y Familiares de Uruguayos Detenidos y Desaparecidos, sigue un camino de lucha continua y sostenida sin alharacas o estridencia, simplemente tratando que la verdad no se diluya y permanezca aunque hayan resultados muy exiguos.<br>Existen algunas premisas que insoslayablemente deber\u00edamos repasar, para entender lo que pas\u00f3 y por lo cual la verdad est\u00e1 en aquellos que tienen sus manos manchadas o contaminadas por los cr\u00edmenes cometidos y dif\u00edcilmente se presten voluntariamente a revelar la verdad.<br>Lo primero a aclarar es que la guerrilla urbana primero y luego rural con las famosas tatuceras que le dieron poco \u00e9xito al MLN comenz\u00f3 en 1967, con el robo de armas del club de tiro de Colonia Suiza en plena \u00e9poca democr\u00e1tica y a poco tiempo de asumir Pacheco como presidente, el cual no ten\u00eda demasiados antecedentes pol\u00edticos y era un periodista jefe del diario El D\u00eda, aunque pod\u00eda haber sido el propio Michelini que no acept\u00f3 la propuesta del general Gestido.<br>Por lo tanto la paternidad de defender las instituciones frente a la dictadura que se adjudica el MLN es muy discutible, siendo un relato bastante sesgado o dir\u00eda una especie de justificaci\u00f3n frente a la poblaci\u00f3n joven, que no vivieron los acontecimientos y sabemos que les cuesta buscar la verdad por s\u00ed.<br>La propuesta de la guerrilla que fuera hasta no recomendada por el Che Guevara cuando estaba en su primeros pasos en 1968, fue por parte de grupos pol\u00edticos desilusionados por sus propios representantes que empujaron a muchos j\u00f3venes a radicalizarse e invitar a otros incluso de los partidos tradicionales m\u00e1s progresistas (Zabalza, Mujica, o Albanel eran provenientes del partido nacional).<br>Sendic y los principales dirigentes proven\u00edan del partido socialista, luego de la recordada Uni\u00f3n Popular de Erro con este partido, que termin\u00f3 perdiendo cualquier representaci\u00f3n, ya que el \u00fanico cargo obtenido se volvi\u00f3 r\u00e1pidamente al Partido Nacional, dejando a su partido fuera de la discusi\u00f3n pol\u00edtica.<br>Recuerdo perfectamente aquella jornada de abril del 1972, cuando llegamos al m\u00e1ximo enfrentamiento entre la guerrilla y la represi\u00f3n con muertos de ambos lados, mientras las fuerzas conjuntas lograban desbaratar mediante la derrota militar a los guerrilleros y un locutor (Nogareda) segu\u00eda pasando a Viglietti cantando\u201dla sangre de T\u00fapac, la sangre de amaru, la sangre que grita lib\u00e9rate hermano\u201d, en forma continua por CX 44, mostrando la polarizaci\u00f3n existente.<br>Luego de este enfrentamiento podr\u00edamos decir que hubo de hecho un reconocimiento de la derrota de los tupamaros, que comenzaron a buscar salidas hacia el exterior en forma apresurada, habiendo sido una compa\u00f1era de Pando clave en la salida obligada de muchos de ellos hacia diferentes destinos.<br>Aclaro que posteriormente hubieron algunos intentos de reorganizaci\u00f3n, que con la represi\u00f3n existentes fueron desbaratados r\u00e1pidamente, habiendo tenido la triste experiencia de enterarme antes de ir a estudiar con ellos, que tres compa\u00f1eros fueron detenidos un s\u00e1bado de 1974, estando presos varios meses y por suerte no pasar a la justicia militar lo que hubiera complicado<br>su situaci\u00f3n, ya que tuvieron una r\u00e1pida defensa profesional y familiar, que evit\u00f3 males mayores ( se llevaron algunos apremios f\u00edsicos y algunos siguieron retenidos por un tiempo largo).<br>Otro detalle no menor es la existencia de otros grupos armados como los OPR 33 de tendencia anarquista y formada a partir de la corriente o la tendencia que formaban la CNT, habiendo sido el robo de la bandera de los 33 y el secuestro al empresario Molaguero de Santa Luc\u00eda de los hechos m\u00e1s conocidos, aunque dentro de la c\u00e1rcel pasaron a ser tratados al igual que los tupas, siendo en Argentina donde tuvieron la mayor represi\u00f3n e incluso donde desaparecieron sus l\u00edderes.<br>El partido comunista si bien ten\u00eda armas en forma preventiva nunca lleg\u00f3 a usarlas por motivos estrat\u00e9gicos e incluso muchos de sus integrantes pasaron a la clandestinidad, algunos de los cuales cruc\u00e9 por Montevideo durante la dictadura y posteriormente fueron presos y\/o salieron del pa\u00eds, especialmente a M\u00e9xico, donde aceptaban a los inmigrantes pol\u00edticos mientras reprim\u00edan a sus compatriotas sin compasi\u00f3n alguna, verdaderos hip\u00f3critas de los derechos humanos.<br>Cuando comienza el proceso C\u00edvico Militar aparecen noticias muy fragmentadas o incluso un gran silencio en cuanto la existencia de apremios f\u00edsicos a los detenidos, sucediendo que en muchos casos nos enter\u00e1bamos cuando los hechos ya estaban consumados apareciendo alg\u00fan preso muerto por torturas, muy dif\u00edciles de denunciar en aquel contexto represivo.<br>No hace muchos d\u00edas, recordaba que en a\u00f1o \u201873 la secretaria de la intendencia de Paysand\u00fa que fue brutalmente torturada en el cuartel, por unos cuadros faltantes y al pretender Jorge Batlle interpelar al ministro de defensa Legnani de la \u00e9poca, apareci\u00f3 la bomba en Ingenier\u00eda y la posterior disoluci\u00f3n de las c\u00e1maras, lo que aparenta que fue la causa ocasional del atropello al Parlamento.<br>De igual manera no deber\u00edamos olvidarnos del caso Roslic en plena democracia o la muerte de la parejita de j\u00f3venes en el Parque Roosevelt secuestrados frente al Pereira Rossel por un comando represivo independiente que segu\u00eda actuando, o el caso Berrios a pedido de Pinochet, dejando en evidencia que el poder era desempe\u00f1ado incluso por encima de las leyes posteriormente al regreso de la vigencia constitucional.<br>Al principio de la recuperaci\u00f3n democr\u00e1tica hab\u00eda mucha gente esc\u00e9ptica del relato de los desaparecidos, pero con las evidencias que fueron apareciendo, especialmente con el reconocimiento internacional del plan C\u00f3ndor, los vuelos de la muerte e incluso juicios en pa\u00edses como Francia o Italia, muchos compatriotas tuvieron que reconocer la existencia de desaparecidos por la fuerza de los hechos.<br>Todos sabemos que en Uruguay se hablaba de una dicta-blanda en referencia a la dictadura por la cantidad de presos que hubo, cuando en pa\u00edses vecinos la ejecuci\u00f3n fue lo predominante, con un saldo en Argentina de 30.000 muertos.<br>Recuerdo las manifestaciones de un militar esposo de una compa\u00f1era de trabajo, cuando comentaba lo sucedido afirmando que ellos eran criticados por la cantidad de presos por sus colegas de la regi\u00f3n, y afirmaba suelto de cuerpo, en la pr\u00f3xima no quedaran huellas de la confrontaci\u00f3n, en alusi\u00f3n a una posici\u00f3n de odio y revanchismo inaudito a esa altura de los acontecimientos.<br>No quisiera seguir dando informaci\u00f3n que demuestra la responsabilidad de la dictadura en la desaparici\u00f3n de compatriotas y el derecho de sus familiares en saber que sucedi\u00f3, para recuperar sus restos para darle digna sepultura, cerrando definitivamente su sufrimiento permanente.<br>Cuando hablamos de muertes no hacemos diferencias de un lado u otro, pero debemos aclarar que cuando menos los representantes del r\u00e9gimen pudieron llorar a sus muertos, que sin justificar lo sucedido seguramente trajo un poco de paz a sus almas, evitando el recorrido de b\u00fasqueda continuo que han realizado los familiares de los desaparecidos.<br>Por \u00faltimo quisiera poner sobre la mesa una pregunta que lamentablemente nadie tiene en cuenta, son los militares y algunos civiles del proceso empleados p\u00fablicos o no (\u00bf?); porque luego de jubilados es m\u00e1s dif\u00edcil quitarles sus privilegios.<br>Yo pregunto: el supremos general de las fuerzas armadas nunca pudo obligar a sus subalternos a denunciar hechos que hab\u00edan sido protagonistas, porque ahora me parece que ya es tarde, pero ning\u00fan presidente fue capaz de aplicar la ley o quiz\u00e1s no pudieron?????<br>La ley 17060 en su art\u00edculo 8, y el 177 del C\u00f3digo Penal obligan a los funcionarios p\u00fablicos a denunciar hechos de corrupci\u00f3n o delitos de cualquier tipo o en su defecto de ser pasible de ser destituidos mediante las garant\u00edas del proceso, con lo cual hubiera sido una herramienta muy poderosa para acercarse a la verdad.<br>Resultan lamentable los esfuerzos econ\u00f3micos y humanos realizados en busca de desaparecidos durante tantos a\u00f1os, e incluso con informaci\u00f3n err\u00f3nea realizada por los propios involucrados (recuerden el caso Gelman cuando concurrieron con el Comandante en jefe Bertollotti), siendo una pista falsa la que se hizo llegar, burlando a las autoridades del momento y por supuesto a la expectativas de los familiares directos del posible hallazgo.<br>Lamentablemente el poder de la memoria se va quedando dormido en p\u00e1ginas de papel o en archivos de computadora que muchas veces adolecen de la imparcialidad necesaria para avanzar y siempre con la negativa de los directamente responsables de lo sucedido.<br>Seguramente la justicia tardar\u00e1 tanto que llegar\u00e1 renga y tarde, pero la memoria junto a la verdad cada d\u00eda ser\u00e1 m\u00e1s fuerte, porque m\u00e1s ciudadanos tomar\u00e1n los retratos en sus manos pidiendo no solo la reparaci\u00f3n, el mensaje m\u00e1s potente ser\u00e1 y es, nunca m\u00e1s.<\/p>\n","protected":false},"excerpt":{"rendered":"<p>Como la justicia en los temas de los desaparecidos tarda y los avances han sido&#8230;<\/p>\n","protected":false},"author":1,"featured_media":1160,"comment_status":"open","ping_status":"open","sticky":false,"template":"","format":"standard","meta":{"_monsterinsights_skip_tracking":false,"_monsterinsights_sitenote_active":false,"_monsterinsights_sitenote_note":"","_monsterinsights_sitenote_category":0,"footnotes":""},"categories":[13],"tags":[],"class_list":["post-5538","post","type-post","status-publish","format-standard","has-post-thumbnail","hentry","category-articulos-de-opinion"],"featured_image_urls":{"full":["https:\/\/diariotiempo.com.uy\/noticias\/wp-content\/uploads\/2021\/07\/Master-Escribe-Casanova.jpg",300,185,false],"thumbnail":["https:\/\/diariotiempo.com.uy\/noticias\/wp-content\/uploads\/2021\/07\/Master-Escribe-Casanova-150x150.jpg",150,150,true],"medium":["https:\/\/diariotiempo.com.uy\/noticias\/wp-content\/uploads\/2021\/07\/Master-Escribe-Casanova.jpg",300,185,false],"medium_large":["https:\/\/diariotiempo.com.uy\/noticias\/wp-content\/uploads\/2021\/07\/Master-Escribe-Casanova.jpg",300,185,false],"large":["https:\/\/diariotiempo.com.uy\/noticias\/wp-content\/uploads\/2021\/07\/Master-Escribe-Casanova.jpg",300,185,false],"rpg_gallery_admin_thumb":["https:\/\/diariotiempo.com.uy\/noticias\/wp-content\/uploads\/2021\/07\/Master-Escribe-Casanova.jpg",150,93,false],"rpg_gallery_thumb":["https:\/\/diariotiempo.com.uy\/noticias\/wp-content\/uploads\/2021\/07\/Master-Escribe-Casanova.jpg",150,93,false],"1536x1536":["https:\/\/diariotiempo.com.uy\/noticias\/wp-content\/uploads\/2021\/07\/Master-Escribe-Casanova.jpg",300,185,false],"2048x2048":["https:\/\/diariotiempo.com.uy\/noticias\/wp-content\/uploads\/2021\/07\/Master-Escribe-Casanova.jpg",300,185,false],"covernews-slider-full":["https:\/\/diariotiempo.com.uy\/noticias\/wp-content\/uploads\/2021\/07\/Master-Escribe-Casanova.jpg",300,185,false],"covernews-slider-center":["https:\/\/diariotiempo.com.uy\/noticias\/wp-content\/uploads\/2021\/07\/Master-Escribe-Casanova.jpg",300,185,false],"covernews-featured":["https:\/\/diariotiempo.com.uy\/noticias\/wp-content\/uploads\/2021\/07\/Master-Escribe-Casanova.jpg",300,185,false],"covernews-medium":["https:\/\/diariotiempo.com.uy\/noticias\/wp-content\/uploads\/2021\/07\/Master-Escribe-Casanova.jpg",300,185,false],"covernews-medium-square":["https:\/\/diariotiempo.com.uy\/noticias\/wp-content\/uploads\/2021\/07\/Master-Escribe-Casanova.jpg",300,185,false]},"author_info":{"display_name":"diario","author_link":"https:\/\/diariotiempo.com.uy\/noticias\/author\/diario\/"},"category_info":"<a href=\"https:\/\/diariotiempo.com.uy\/noticias\/category\/opinion\/articulos-de-opinion\/\" rel=\"category tag\">Art\u00edculos de Opini\u00f3n<\/a>","tag_info":"Art\u00edculos de Opini\u00f3n","comment_count":"0","_links":{"self":[{"href":"https:\/\/diariotiempo.com.uy\/noticias\/wp-json\/wp\/v2\/posts\/5538","targetHints":{"allow":["GET"]}}],"collection":[{"href":"https:\/\/diariotiempo.com.uy\/noticias\/wp-json\/wp\/v2\/posts"}],"about":[{"href":"https:\/\/diariotiempo.com.uy\/noticias\/wp-json\/wp\/v2\/types\/post"}],"author":[{"embeddable":true,"href":"https:\/\/diariotiempo.com.uy\/noticias\/wp-json\/wp\/v2\/users\/1"}],"replies":[{"embeddable":true,"href":"https:\/\/diariotiempo.com.uy\/noticias\/wp-json\/wp\/v2\/comments?post=5538"}],"version-history":[{"count":1,"href":"https:\/\/diariotiempo.com.uy\/noticias\/wp-json\/wp\/v2\/posts\/5538\/revisions"}],"predecessor-version":[{"id":5539,"href":"https:\/\/diariotiempo.com.uy\/noticias\/wp-json\/wp\/v2\/posts\/5538\/revisions\/5539"}],"wp:featuredmedia":[{"embeddable":true,"href":"https:\/\/diariotiempo.com.uy\/noticias\/wp-json\/wp\/v2\/media\/1160"}],"wp:attachment":[{"href":"https:\/\/diariotiempo.com.uy\/noticias\/wp-json\/wp\/v2\/media?parent=5538"}],"wp:term":[{"taxonomy":"category","embeddable":true,"href":"https:\/\/diariotiempo.com.uy\/noticias\/wp-json\/wp\/v2\/categories?post=5538"},{"taxonomy":"post_tag","embeddable":true,"href":"https:\/\/diariotiempo.com.uy\/noticias\/wp-json\/wp\/v2\/tags?post=5538"}],"curies":[{"name":"wp","href":"https:\/\/api.w.org\/{rel}","templated":true}]}}