{"id":5789,"date":"2022-06-10T13:31:17","date_gmt":"2022-06-10T13:31:17","guid":{"rendered":"https:\/\/diariotiempo.com.uy\/noticias\/?p=5789"},"modified":"2022-06-10T13:31:19","modified_gmt":"2022-06-10T13:31:19","slug":"senda-peatonal-en-parque-del-plata-conectividad-y-seguridad","status":"publish","type":"post","link":"https:\/\/diariotiempo.com.uy\/noticias\/2022\/06\/10\/senda-peatonal-en-parque-del-plata-conectividad-y-seguridad\/","title":{"rendered":"Senda peatonal en Parque del Plata: Conectividad y seguridad"},"content":{"rendered":"\n<figure class=\"wp-block-image size-full\"><img loading=\"lazy\" decoding=\"async\" width=\"800\" height=\"432\" src=\"https:\/\/diariotiempo.com.uy\/noticias\/wp-content\/uploads\/2022\/06\/parque-del-plata.jpg\" alt=\"\" class=\"wp-image-5790\" srcset=\"https:\/\/diariotiempo.com.uy\/noticias\/wp-content\/uploads\/2022\/06\/parque-del-plata.jpg 800w, https:\/\/diariotiempo.com.uy\/noticias\/wp-content\/uploads\/2022\/06\/parque-del-plata-300x162.jpg 300w, https:\/\/diariotiempo.com.uy\/noticias\/wp-content\/uploads\/2022\/06\/parque-del-plata-768x415.jpg 768w\" sizes=\"auto, (max-width: 800px) 100vw, 800px\" \/><\/figure>\n\n\n\n<p>Se est\u00e1 realizando en Parque del Plata una senda peatonal que comunica el norte con el sur. El tramo en el que se est\u00e1 trabajando actualmente comienza en el liceo de la localidad, unas cinco cuadras al norte de la ruta Interbalnearia &#8211; Gral. L\u00edber Seregni, y se extiende hasta la auxiliar de la Calle 9.<\/p>\n\n\n\n<p>Esta obra es la continuaci\u00f3n de una obra anterior que conectaba los centros educativos ubicados del lado sur con la rambla y con la ruta Interbalnearia. Con la senda peatonal que se est\u00e1 construyendo actualmente la conexi\u00f3n se extender\u00e1 desde el norte hasta la rambla. En materia de seguridad vial, la senda brindar\u00e1 mayor seguridad en la circulaci\u00f3n de los peatones y ordenar\u00e1 el tr\u00e1nsito vehicular.<\/p>\n\n\n\n<p>Solicitada por la<br>comunidad<br>La Alcaldesa de Parque del Plata, Tania Vecchio, explic\u00f3 que \u201ces una zona en la cual tenemos todo el recorrido de los chicos del liceo. Esto viene atado a lo que fue la bicisenda que inauguramos el a\u00f1o pasado y que nos lleva a los tres centros estudiantiles. En una charla mientras est\u00e1bamos ejecutando esa obra, los chicos del liceo nos plantearon que ellos tambi\u00e9n ten\u00edan esa necesidad y en un ida y de vuelta con la Direcci\u00f3n de Obras realmente vimos que s\u00ed, que era as\u00ed, y la estamos ejecutando en este momento\u201d.<\/p>\n\n\n\n<p>Andrea, vecina de la zona, dijo que \u201ces muy angosta la calle, entonces es mejor circular por la bicisenda\u201d, y agreg\u00f3 que \u201ca los chicos los traen los pap\u00e1s, vienen en \u00f3mnibus, vienen caminando o en bicicleta\u201d, y, por esto, le parece \u201cun proyecto perfecto\u201d.<\/p>\n\n\n\n<p>Integrada al entorno<br>La senda se construye respetando el arbolado, atraviesa una plaza y se integra a su entorno, se adapta a la topograf\u00eda del lugar y al paisaje.<\/p>\n","protected":false},"excerpt":{"rendered":"<p>Se est\u00e1 realizando en Parque del Plata una senda peatonal que comunica el norte con&#8230;<\/p>\n","protected":false},"author":1,"featured_media":5790,"comment_status":"open","ping_status":"open","sticky":false,"template":"","format":"standard","meta":{"_monsterinsights_skip_tracking":false,"_monsterinsights_sitenote_active":false,"_monsterinsights_sitenote_note":"","_monsterinsights_sitenote_category":0,"footnotes":""},"categories":[86],"tags":[],"class_list":["post-5789","post","type-post","status-publish","format-standard","has-post-thumbnail","hentry","category-parque-del-plata"],"featured_image_urls":{"full":["https:\/\/diariotiempo.com.uy\/noticias\/wp-content\/uploads\/2022\/06\/parque-del-plata.jpg",800,432,false],"thumbnail":["https:\/\/diariotiempo.com.uy\/noticias\/wp-content\/uploads\/2022\/06\/parque-del-plata-150x150.jpg",150,150,true],"medium":["https:\/\/diariotiempo.com.uy\/noticias\/wp-content\/uploads\/2022\/06\/parque-del-plata-300x162.jpg",300,162,true],"medium_large":["https:\/\/diariotiempo.com.uy\/noticias\/wp-content\/uploads\/2022\/06\/parque-del-plata-768x415.jpg",640,346,true],"large":["https:\/\/diariotiempo.com.uy\/noticias\/wp-content\/uploads\/2022\/06\/parque-del-plata.jpg",640,346,false],"rpg_gallery_admin_thumb":["https:\/\/diariotiempo.com.uy\/noticias\/wp-content\/uploads\/2022\/06\/parque-del-plata.jpg",150,81,false],"rpg_gallery_thumb":["https:\/\/diariotiempo.com.uy\/noticias\/wp-content\/uploads\/2022\/06\/parque-del-plata.jpg",150,81,false],"1536x1536":["https:\/\/diariotiempo.com.uy\/noticias\/wp-content\/uploads\/2022\/06\/parque-del-plata.jpg",800,432,false],"2048x2048":["https:\/\/diariotiempo.com.uy\/noticias\/wp-content\/uploads\/2022\/06\/parque-del-plata.jpg",800,432,false],"covernews-slider-full":["https:\/\/diariotiempo.com.uy\/noticias\/wp-content\/uploads\/2022\/06\/parque-del-plata.jpg",800,432,false],"covernews-slider-center":["https:\/\/diariotiempo.com.uy\/noticias\/wp-content\/uploads\/2022\/06\/parque-del-plata.jpg",800,432,false],"covernews-featured":["https:\/\/diariotiempo.com.uy\/noticias\/wp-content\/uploads\/2022\/06\/parque-del-plata.jpg",800,432,false],"covernews-medium":["https:\/\/diariotiempo.com.uy\/noticias\/wp-content\/uploads\/2022\/06\/parque-del-plata-540x340.jpg",540,340,true],"covernews-medium-square":["https:\/\/diariotiempo.com.uy\/noticias\/wp-content\/uploads\/2022\/06\/parque-del-plata-400x250.jpg",400,250,true]},"author_info":{"display_name":"diario","author_link":"https:\/\/diariotiempo.com.uy\/noticias\/author\/diario\/"},"category_info":"<a href=\"https:\/\/diariotiempo.com.uy\/noticias\/category\/departamental\/parque-del-plata\/\" rel=\"category tag\">Parque del Plata<\/a>","tag_info":"Parque del Plata","comment_count":"0","_links":{"self":[{"href":"https:\/\/diariotiempo.com.uy\/noticias\/wp-json\/wp\/v2\/posts\/5789","targetHints":{"allow":["GET"]}}],"collection":[{"href":"https:\/\/diariotiempo.com.uy\/noticias\/wp-json\/wp\/v2\/posts"}],"about":[{"href":"https:\/\/diariotiempo.com.uy\/noticias\/wp-json\/wp\/v2\/types\/post"}],"author":[{"embeddable":true,"href":"https:\/\/diariotiempo.com.uy\/noticias\/wp-json\/wp\/v2\/users\/1"}],"replies":[{"embeddable":true,"href":"https:\/\/diariotiempo.com.uy\/noticias\/wp-json\/wp\/v2\/comments?post=5789"}],"version-history":[{"count":1,"href":"https:\/\/diariotiempo.com.uy\/noticias\/wp-json\/wp\/v2\/posts\/5789\/revisions"}],"predecessor-version":[{"id":5791,"href":"https:\/\/diariotiempo.com.uy\/noticias\/wp-json\/wp\/v2\/posts\/5789\/revisions\/5791"}],"wp:featuredmedia":[{"embeddable":true,"href":"https:\/\/diariotiempo.com.uy\/noticias\/wp-json\/wp\/v2\/media\/5790"}],"wp:attachment":[{"href":"https:\/\/diariotiempo.com.uy\/noticias\/wp-json\/wp\/v2\/media?parent=5789"}],"wp:term":[{"taxonomy":"category","embeddable":true,"href":"https:\/\/diariotiempo.com.uy\/noticias\/wp-json\/wp\/v2\/categories?post=5789"},{"taxonomy":"post_tag","embeddable":true,"href":"https:\/\/diariotiempo.com.uy\/noticias\/wp-json\/wp\/v2\/tags?post=5789"}],"curies":[{"name":"wp","href":"https:\/\/api.w.org\/{rel}","templated":true}]}}