{"id":5792,"date":"2022-06-10T13:32:35","date_gmt":"2022-06-10T13:32:35","guid":{"rendered":"https:\/\/diariotiempo.com.uy\/noticias\/?p=5792"},"modified":"2022-06-10T13:32:36","modified_gmt":"2022-06-10T13:32:36","slug":"canelones-y-montevideo-acordaron-apoyar-la-instalacion-de-una-planta-de-conversion-de-residuos-solidos-domesticos-a-combustible","status":"publish","type":"post","link":"https:\/\/diariotiempo.com.uy\/noticias\/2022\/06\/10\/canelones-y-montevideo-acordaron-apoyar-la-instalacion-de-una-planta-de-conversion-de-residuos-solidos-domesticos-a-combustible\/","title":{"rendered":"Canelones y Montevideo acordaron apoyar la instalaci\u00f3n de una Planta de Conversi\u00f3n de Residuos S\u00f3lidos Dom\u00e9sticos a Combustible"},"content":{"rendered":"\n<p>El Intendente de Canelones, Yamand\u00fa Orsi, y la Intendenta de Montevideo, Carolina Cosse, anunciaron que acompa\u00f1ar\u00e1n, de manera general, un proyecto privado para la instalaci\u00f3n de una planta de conversi\u00f3n de residuos s\u00f3lidos dom\u00e9sticos a combustible.<\/p>\n\n\n\n<p>Este anuncio se realiz\u00f3 en el marco de una reuni\u00f3n desarrollada entre ambos jerarcas comunales en la Intendencia de Montevideo, en v\u00edsperas de la celebraci\u00f3n del D\u00eda Mundial del Ambiente, donde intercambiaron sobre temas ambientales de importancia estrat\u00e9gica para ambos departamentos, como pol\u00edticas en materia de cursos de agua y humedales, y la gesti\u00f3n y disposici\u00f3n final de residuos, trabajados desde una perspectiva de integraci\u00f3n metropolitana.<\/p>\n\n\n\n<p>En la reuni\u00f3n, ambos intendentes definieron conjuntamente acompa\u00f1ar la iniciativa privada presentada ante el Poder Ejecutivo, que plantea la construcci\u00f3n y operaci\u00f3n de una planta de producci\u00f3n de metano para su uso en el transporte mar\u00edtimo sin emisiones, a partir de residuos s\u00f3lidos domiciliarios metropolitanos. Este proyecto es complementario a las pol\u00edticas de clasificaci\u00f3n y valorizaci\u00f3n de materiales reciclables que se est\u00e1 desarrollando tanto en Canelones como en Montevideo.<\/p>\n\n\n\n<p>Ambos gobiernos departamentales coincidieron en que la implementaci\u00f3n del proyecto potenciar\u00eda las estrategias de valorizaci\u00f3n, convirti\u00e9ndose en una pol\u00edtica ambiental de Estado a largo plazo y de referencia para la regi\u00f3n.<\/p>\n\n\n\n<p>Orsi y Cosse se\u00f1alaron la importancia de que en los acuerdos finales para llevar adelante el proyecto se contemplen:<\/p>\n\n\n\n<ul class=\"wp-block-list\"><li>Una soluci\u00f3n administrativa y jur\u00eddica para el proyecto de relleno sanitario de Canelones, ya adjudicado y que luego de dos autorizaciones ambientales se encuentra suspendido en el Ministerio de Ambiente.<\/li><li>Inversiones adecuadas para la mejora ambiental, social y log\u00edstica de la zona de Felipe Cardoso, para crear un Parque Ambiental Metropolitano que sea espacio de referencia en la gesti\u00f3n de residuos para Uruguay, la regi\u00f3n y el mundo.<\/li><li>La generaci\u00f3n de oportunidades de empleo digno, directo e indirecto, con inclusi\u00f3n social de clasificadores durante las fases de construcci\u00f3n y operaci\u00f3n de la planta.<\/li><li>Los costos de \u00abtipping fee\u00bb (cuota para el servicio) uniformes para ambas Intendencias, alineados a los costos o previsiones de ambos departamentos para la disposici\u00f3n final de sus residuos. Se asume, por lo tanto, que el gobierno nacional se har\u00e1 cargo de eventuales costos adicionales de gesti\u00f3n de los residuos que el proyecto implique para ambos gobiernos departamentales.<\/li><li>Asegurar que la duraci\u00f3n del contrato planteado est\u00e9 cubierto en su totalidad por el cliente que usar\u00e1 el combustible, o por cualquier otro mecanismo que asegure la sustentabilidad econ\u00f3mica del contrato en toda su duraci\u00f3n.<\/li><\/ul>\n","protected":false},"excerpt":{"rendered":"<p>El Intendente de Canelones, Yamand\u00fa Orsi, y la Intendenta de Montevideo, Carolina Cosse, anunciaron que&#8230;<\/p>\n","protected":false},"author":1,"featured_media":5793,"comment_status":"open","ping_status":"open","sticky":false,"template":"","format":"standard","meta":{"_monsterinsights_skip_tracking":false,"_monsterinsights_sitenote_active":false,"_monsterinsights_sitenote_note":"","_monsterinsights_sitenote_category":0,"footnotes":""},"categories":[4],"tags":[],"class_list":["post-5792","post","type-post","status-publish","format-standard","has-post-thumbnail","hentry","category-departamental"],"featured_image_urls":{"full":["https:\/\/diariotiempo.com.uy\/noticias\/wp-content\/uploads\/2022\/06\/cosse.jpg",560,328,false],"thumbnail":["https:\/\/diariotiempo.com.uy\/noticias\/wp-content\/uploads\/2022\/06\/cosse-150x150.jpg",150,150,true],"medium":["https:\/\/diariotiempo.com.uy\/noticias\/wp-content\/uploads\/2022\/06\/cosse-300x176.jpg",300,176,true],"medium_large":["https:\/\/diariotiempo.com.uy\/noticias\/wp-content\/uploads\/2022\/06\/cosse.jpg",560,328,false],"large":["https:\/\/diariotiempo.com.uy\/noticias\/wp-content\/uploads\/2022\/06\/cosse.jpg",560,328,false],"rpg_gallery_admin_thumb":["https:\/\/diariotiempo.com.uy\/noticias\/wp-content\/uploads\/2022\/06\/cosse.jpg",150,88,false],"rpg_gallery_thumb":["https:\/\/diariotiempo.com.uy\/noticias\/wp-content\/uploads\/2022\/06\/cosse.jpg",150,88,false],"1536x1536":["https:\/\/diariotiempo.com.uy\/noticias\/wp-content\/uploads\/2022\/06\/cosse.jpg",560,328,false],"2048x2048":["https:\/\/diariotiempo.com.uy\/noticias\/wp-content\/uploads\/2022\/06\/cosse.jpg",560,328,false],"covernews-slider-full":["https:\/\/diariotiempo.com.uy\/noticias\/wp-content\/uploads\/2022\/06\/cosse.jpg",560,328,false],"covernews-slider-center":["https:\/\/diariotiempo.com.uy\/noticias\/wp-content\/uploads\/2022\/06\/cosse.jpg",560,328,false],"covernews-featured":["https:\/\/diariotiempo.com.uy\/noticias\/wp-content\/uploads\/2022\/06\/cosse.jpg",560,328,false],"covernews-medium":["https:\/\/diariotiempo.com.uy\/noticias\/wp-content\/uploads\/2022\/06\/cosse-540x328.jpg",540,328,true],"covernews-medium-square":["https:\/\/diariotiempo.com.uy\/noticias\/wp-content\/uploads\/2022\/06\/cosse-400x250.jpg",400,250,true]},"author_info":{"display_name":"diario","author_link":"https:\/\/diariotiempo.com.uy\/noticias\/author\/diario\/"},"category_info":"<a href=\"https:\/\/diariotiempo.com.uy\/noticias\/category\/departamental\/\" rel=\"category tag\">DEPARTAMENTAL<\/a>","tag_info":"DEPARTAMENTAL","comment_count":"0","_links":{"self":[{"href":"https:\/\/diariotiempo.com.uy\/noticias\/wp-json\/wp\/v2\/posts\/5792","targetHints":{"allow":["GET"]}}],"collection":[{"href":"https:\/\/diariotiempo.com.uy\/noticias\/wp-json\/wp\/v2\/posts"}],"about":[{"href":"https:\/\/diariotiempo.com.uy\/noticias\/wp-json\/wp\/v2\/types\/post"}],"author":[{"embeddable":true,"href":"https:\/\/diariotiempo.com.uy\/noticias\/wp-json\/wp\/v2\/users\/1"}],"replies":[{"embeddable":true,"href":"https:\/\/diariotiempo.com.uy\/noticias\/wp-json\/wp\/v2\/comments?post=5792"}],"version-history":[{"count":1,"href":"https:\/\/diariotiempo.com.uy\/noticias\/wp-json\/wp\/v2\/posts\/5792\/revisions"}],"predecessor-version":[{"id":5794,"href":"https:\/\/diariotiempo.com.uy\/noticias\/wp-json\/wp\/v2\/posts\/5792\/revisions\/5794"}],"wp:featuredmedia":[{"embeddable":true,"href":"https:\/\/diariotiempo.com.uy\/noticias\/wp-json\/wp\/v2\/media\/5793"}],"wp:attachment":[{"href":"https:\/\/diariotiempo.com.uy\/noticias\/wp-json\/wp\/v2\/media?parent=5792"}],"wp:term":[{"taxonomy":"category","embeddable":true,"href":"https:\/\/diariotiempo.com.uy\/noticias\/wp-json\/wp\/v2\/categories?post=5792"},{"taxonomy":"post_tag","embeddable":true,"href":"https:\/\/diariotiempo.com.uy\/noticias\/wp-json\/wp\/v2\/tags?post=5792"}],"curies":[{"name":"wp","href":"https:\/\/api.w.org\/{rel}","templated":true}]}}