{"id":5801,"date":"2022-06-10T13:37:45","date_gmt":"2022-06-10T13:37:45","guid":{"rendered":"https:\/\/diariotiempo.com.uy\/noticias\/?p=5801"},"modified":"2022-06-10T13:37:47","modified_gmt":"2022-06-10T13:37:47","slug":"comenzo-el-programa-ecopunto-movil-en-ciudad-de-la-costa","status":"publish","type":"post","link":"https:\/\/diariotiempo.com.uy\/noticias\/2022\/06\/10\/comenzo-el-programa-ecopunto-movil-en-ciudad-de-la-costa\/","title":{"rendered":"Comenz\u00f3 el programa Ecopunto M\u00f3vil en Ciudad de la Costa"},"content":{"rendered":"\n<figure class=\"wp-block-image size-full\"><img loading=\"lazy\" decoding=\"async\" width=\"800\" height=\"432\" src=\"https:\/\/diariotiempo.com.uy\/noticias\/wp-content\/uploads\/2022\/06\/pagina-4.jpg\" alt=\"\" class=\"wp-image-5802\" srcset=\"https:\/\/diariotiempo.com.uy\/noticias\/wp-content\/uploads\/2022\/06\/pagina-4.jpg 800w, https:\/\/diariotiempo.com.uy\/noticias\/wp-content\/uploads\/2022\/06\/pagina-4-300x162.jpg 300w, https:\/\/diariotiempo.com.uy\/noticias\/wp-content\/uploads\/2022\/06\/pagina-4-768x415.jpg 768w\" sizes=\"auto, (max-width: 800px) 100vw, 800px\" \/><\/figure>\n\n\n\n<p>En el marco del Mes del Ambiente, el Gobierno de Canelones, junto al Municipio de Ciudad de la Costa, instituciones y organizaciones barriales, desarrollar\u00e1 una serie de actividades en lo que se ha denominado el Mes del Reciclaje en Ciudad de la Costa. Esto aporta al logro de +Limpieza y +Reciclaje y busca estimular la clasificaci\u00f3n y recuperaci\u00f3n de materiales para reciclaje. En este contexto, comienza el programa Ecopunto M\u00f3vil, que contar\u00e1 con diferentes actividades que se realizar\u00e1n con organizaciones e instituciones de la zona.<\/p>\n\n\n\n<p>El Mes del Reciclaje en Ciudad de la Costa abarca distintas actividades vinculadas al Plan Integral de Gesti\u00f3n de Residuos con entrega de composteras en Solymar sur y al encuentro de Escuelas Sustentables, con el objetivo de compartir experiencias y resultados del trabajo que ni\u00f1as y ni\u00f1os vienen realizando en distintas escuelas que ya se encuentran clasificando para reciclaje y compostando. Se continuar\u00e1, adem\u00e1s, con una nueva etapa del Plan de Gesti\u00f3n de Residuos Comerciales de Ciudad de la Costa, en un convenio entre el Gobierno de Canelones, el municipio y la C\u00e1mara de Comercio de Ciudad de la Costa, en la que se instalar\u00e1 una isla de reciclaje en El Pinar, un equipo para aceite comestible usado (en acuerdo con ALUR) y un equipo para residuos electro-electr\u00f3nicos.<\/p>\n\n\n\n<p>Asimismo, se fortalecer\u00e1 el programa Hogares Sustentables sumando complejos habitacionales de Lagomar norte y de Rinc\u00f3n del Pinar al programa de recuperaci\u00f3n de aceite comestible usado, con referencia en el m\u00f3dulo ubicado en el Costa Urbana Shopping y en el que se ubicar\u00e1 en El Pinar.<br>Adem\u00e1s, contin\u00faan los desembarcos del programa Tu Barrio Limpio. Al desembarco realizado el 28 de mayo en Colinas de Solymar se sumar\u00e1n actividades en Shangril\u00e1 (4 de junio), Solymar sur (18 de junio) y El Pinar sur (25 de junio). El programa Tu Barrio Limpio incluye desembarcos en distintas zonas del departamento, en un trabajo coordinado con municipios y organizaciones barriales, articulando tareas y recursos para lograr mejoras en la limpieza y en los programas de reciclaje en todo el departamento.<\/p>\n\n\n\n<p><strong>Cronograma de actividades<\/strong><\/p>\n\n\n\n<p>Centro de Barrio Solymar norte &#8211; Semana del 1 al 7 de junio<br>Centro de Barrio Pinares &#8211; Semana del 8 al 14 de junio<br>Centro de Barrio Colinas 21 de Solymar &#8211; Semana del 15 al 21 de junio<br>Centro de Barrio Pinar norte &#8211; Semana del 22 al 28 de junio<br>Centro de Barrio Nueva Esperanza &#8211; Semana del 29 de junio al 5 de julio<\/p>\n","protected":false},"excerpt":{"rendered":"<p>En el marco del Mes del Ambiente, el Gobierno de Canelones, junto al Municipio de&#8230;<\/p>\n","protected":false},"author":1,"featured_media":5802,"comment_status":"open","ping_status":"open","sticky":false,"template":"","format":"standard","meta":{"_monsterinsights_skip_tracking":false,"_monsterinsights_sitenote_active":false,"_monsterinsights_sitenote_note":"","_monsterinsights_sitenote_category":0,"footnotes":""},"categories":[83],"tags":[],"class_list":["post-5801","post","type-post","status-publish","format-standard","has-post-thumbnail","hentry","category-ciudad-de-la-costa"],"featured_image_urls":{"full":["https:\/\/diariotiempo.com.uy\/noticias\/wp-content\/uploads\/2022\/06\/pagina-4.jpg",800,432,false],"thumbnail":["https:\/\/diariotiempo.com.uy\/noticias\/wp-content\/uploads\/2022\/06\/pagina-4-150x150.jpg",150,150,true],"medium":["https:\/\/diariotiempo.com.uy\/noticias\/wp-content\/uploads\/2022\/06\/pagina-4-300x162.jpg",300,162,true],"medium_large":["https:\/\/diariotiempo.com.uy\/noticias\/wp-content\/uploads\/2022\/06\/pagina-4-768x415.jpg",640,346,true],"large":["https:\/\/diariotiempo.com.uy\/noticias\/wp-content\/uploads\/2022\/06\/pagina-4.jpg",640,346,false],"rpg_gallery_admin_thumb":["https:\/\/diariotiempo.com.uy\/noticias\/wp-content\/uploads\/2022\/06\/pagina-4.jpg",150,81,false],"rpg_gallery_thumb":["https:\/\/diariotiempo.com.uy\/noticias\/wp-content\/uploads\/2022\/06\/pagina-4.jpg",150,81,false],"1536x1536":["https:\/\/diariotiempo.com.uy\/noticias\/wp-content\/uploads\/2022\/06\/pagina-4.jpg",800,432,false],"2048x2048":["https:\/\/diariotiempo.com.uy\/noticias\/wp-content\/uploads\/2022\/06\/pagina-4.jpg",800,432,false],"covernews-slider-full":["https:\/\/diariotiempo.com.uy\/noticias\/wp-content\/uploads\/2022\/06\/pagina-4.jpg",800,432,false],"covernews-slider-center":["https:\/\/diariotiempo.com.uy\/noticias\/wp-content\/uploads\/2022\/06\/pagina-4.jpg",800,432,false],"covernews-featured":["https:\/\/diariotiempo.com.uy\/noticias\/wp-content\/uploads\/2022\/06\/pagina-4.jpg",800,432,false],"covernews-medium":["https:\/\/diariotiempo.com.uy\/noticias\/wp-content\/uploads\/2022\/06\/pagina-4-540x340.jpg",540,340,true],"covernews-medium-square":["https:\/\/diariotiempo.com.uy\/noticias\/wp-content\/uploads\/2022\/06\/pagina-4-400x250.jpg",400,250,true]},"author_info":{"display_name":"diario","author_link":"https:\/\/diariotiempo.com.uy\/noticias\/author\/diario\/"},"category_info":"<a href=\"https:\/\/diariotiempo.com.uy\/noticias\/category\/departamental\/ciudad-de-la-costa\/\" rel=\"category tag\">Ciudad de la Costa<\/a>","tag_info":"Ciudad de la Costa","comment_count":"0","_links":{"self":[{"href":"https:\/\/diariotiempo.com.uy\/noticias\/wp-json\/wp\/v2\/posts\/5801","targetHints":{"allow":["GET"]}}],"collection":[{"href":"https:\/\/diariotiempo.com.uy\/noticias\/wp-json\/wp\/v2\/posts"}],"about":[{"href":"https:\/\/diariotiempo.com.uy\/noticias\/wp-json\/wp\/v2\/types\/post"}],"author":[{"embeddable":true,"href":"https:\/\/diariotiempo.com.uy\/noticias\/wp-json\/wp\/v2\/users\/1"}],"replies":[{"embeddable":true,"href":"https:\/\/diariotiempo.com.uy\/noticias\/wp-json\/wp\/v2\/comments?post=5801"}],"version-history":[{"count":1,"href":"https:\/\/diariotiempo.com.uy\/noticias\/wp-json\/wp\/v2\/posts\/5801\/revisions"}],"predecessor-version":[{"id":5803,"href":"https:\/\/diariotiempo.com.uy\/noticias\/wp-json\/wp\/v2\/posts\/5801\/revisions\/5803"}],"wp:featuredmedia":[{"embeddable":true,"href":"https:\/\/diariotiempo.com.uy\/noticias\/wp-json\/wp\/v2\/media\/5802"}],"wp:attachment":[{"href":"https:\/\/diariotiempo.com.uy\/noticias\/wp-json\/wp\/v2\/media?parent=5801"}],"wp:term":[{"taxonomy":"category","embeddable":true,"href":"https:\/\/diariotiempo.com.uy\/noticias\/wp-json\/wp\/v2\/categories?post=5801"},{"taxonomy":"post_tag","embeddable":true,"href":"https:\/\/diariotiempo.com.uy\/noticias\/wp-json\/wp\/v2\/tags?post=5801"}],"curies":[{"name":"wp","href":"https:\/\/api.w.org\/{rel}","templated":true}]}}