{"id":5809,"date":"2022-06-10T13:42:18","date_gmt":"2022-06-10T13:42:18","guid":{"rendered":"https:\/\/diariotiempo.com.uy\/noticias\/?p=5809"},"modified":"2022-06-10T13:42:19","modified_gmt":"2022-06-10T13:42:19","slug":"la-jefatura-de-policia-de-canelones-y-la-intendencia-canaria-firmaron-convenio-de-cooperacion","status":"publish","type":"post","link":"https:\/\/diariotiempo.com.uy\/noticias\/2022\/06\/10\/la-jefatura-de-policia-de-canelones-y-la-intendencia-canaria-firmaron-convenio-de-cooperacion\/","title":{"rendered":"La Jefatura de Polic\u00eda de Canelones y la Intendencia canaria firmaron convenio de cooperaci\u00f3n"},"content":{"rendered":"\n<figure class=\"wp-block-image size-full\"><img loading=\"lazy\" decoding=\"async\" width=\"800\" height=\"432\" src=\"https:\/\/diariotiempo.com.uy\/noticias\/wp-content\/uploads\/2022\/06\/firmas.jpg\" alt=\"\" class=\"wp-image-5810\" srcset=\"https:\/\/diariotiempo.com.uy\/noticias\/wp-content\/uploads\/2022\/06\/firmas.jpg 800w, https:\/\/diariotiempo.com.uy\/noticias\/wp-content\/uploads\/2022\/06\/firmas-300x162.jpg 300w, https:\/\/diariotiempo.com.uy\/noticias\/wp-content\/uploads\/2022\/06\/firmas-768x415.jpg 768w\" sizes=\"auto, (max-width: 800px) 100vw, 800px\" \/><\/figure>\n\n\n\n<p>El Gobierno de Canelones y la Jefatura de Polic\u00eda de Canelones firmaron un acuerdo de cooperaci\u00f3n, cuyo objetivo es, por un lado, que la Jefatura brinde apoyo a trabajadores y trabajadoras municipales, en el marco de los diferentes operativos de tr\u00e1nsito y, por otro lado, que el Gobierno de Canelones destine parte de lo recaudado en estos operativos a la compra de equipamiento para Jefatura.<\/p>\n\n\n\n<p>El Intendente de Canelones, Yamand\u00fa Orsi, explic\u00f3 que con la Jefatura de Polic\u00eda de Canelones se viene trabajando desde hace tiempo y resalt\u00f3 que la labor conjunta siempre ha sido con un gran nivel de coordinaci\u00f3n. \u201cLo digo con orgullo, con la camiseta de canario bien puesta, con la Jefatura de Polic\u00eda es jugar de memoria\u201d, manifest\u00f3 e hizo hincapi\u00e9 en lo invaluable que es que las autoridades policiales conozcan bien el territorio. \u201cNo podemos hacer otra cosa que agradecer y seguir dispuestos a firmar otros compromisos, porque el objetivo sigue siendo nuestra gente\u201d, sentenci\u00f3 Orsi.<\/p>\n\n\n\n<p>En tanto, el Gobierno de Canelones se comprometi\u00f3 a otorgarle a la Jefatura de Polic\u00eda parte de las contravenciones que se recaudan en los controles de tr\u00e1nsito, pero no en dinero, sino en insumos. De esta forma, seg\u00fan afirm\u00f3 el Jefe de Polic\u00eda de Canelones, V\u00edctor Trezza, el nuevo equipamiento que recibir\u00e1n permitir\u00e1 brindar un mejor servicio a la ciudadan\u00eda. \u201cEsta firma va a redundar no solo en el beneficio de los polic\u00edas, sino en todas aquellas personas que recurren y que necesitan los servicios policiales\u201d, asegur\u00f3 Trezza y agradeci\u00f3 especialmente al Intendente Orsi y a su equipo, \u201cquienes entendieron que era de justicia hacerlo de esta forma\u201d.<br>Por su parte, el Director General de Tr\u00e1nsito y Transporte, Marcelo Metediera, hizo hincapi\u00e9 en la importancia de que las trabajadoras y trabajadores municipales est\u00e9n acompa\u00f1ados por personal policial en ciertos operativos en los que, en ocasiones, se generan situaciones de violencia. \u201cLo que buscamos con este convenio de complementaci\u00f3n es reforzar el apoyo y el cuidado que nosotros, por medio de Jefatura, le damos a los trabajadores, a los inspectores y a las inspectoras de tr\u00e1nsito en los operativos que se hacen de manera permanente\u201d, dijo Metediera.<\/p>\n","protected":false},"excerpt":{"rendered":"<p>El Gobierno de Canelones y la Jefatura de Polic\u00eda de Canelones firmaron un acuerdo de&#8230;<\/p>\n","protected":false},"author":1,"featured_media":5810,"comment_status":"open","ping_status":"open","sticky":false,"template":"","format":"standard","meta":{"_monsterinsights_skip_tracking":false,"_monsterinsights_sitenote_active":false,"_monsterinsights_sitenote_note":"","_monsterinsights_sitenote_category":0,"footnotes":""},"categories":[4],"tags":[],"class_list":["post-5809","post","type-post","status-publish","format-standard","has-post-thumbnail","hentry","category-departamental"],"featured_image_urls":{"full":["https:\/\/diariotiempo.com.uy\/noticias\/wp-content\/uploads\/2022\/06\/firmas.jpg",800,432,false],"thumbnail":["https:\/\/diariotiempo.com.uy\/noticias\/wp-content\/uploads\/2022\/06\/firmas-150x150.jpg",150,150,true],"medium":["https:\/\/diariotiempo.com.uy\/noticias\/wp-content\/uploads\/2022\/06\/firmas-300x162.jpg",300,162,true],"medium_large":["https:\/\/diariotiempo.com.uy\/noticias\/wp-content\/uploads\/2022\/06\/firmas-768x415.jpg",640,346,true],"large":["https:\/\/diariotiempo.com.uy\/noticias\/wp-content\/uploads\/2022\/06\/firmas.jpg",640,346,false],"rpg_gallery_admin_thumb":["https:\/\/diariotiempo.com.uy\/noticias\/wp-content\/uploads\/2022\/06\/firmas.jpg",150,81,false],"rpg_gallery_thumb":["https:\/\/diariotiempo.com.uy\/noticias\/wp-content\/uploads\/2022\/06\/firmas.jpg",150,81,false],"1536x1536":["https:\/\/diariotiempo.com.uy\/noticias\/wp-content\/uploads\/2022\/06\/firmas.jpg",800,432,false],"2048x2048":["https:\/\/diariotiempo.com.uy\/noticias\/wp-content\/uploads\/2022\/06\/firmas.jpg",800,432,false],"covernews-slider-full":["https:\/\/diariotiempo.com.uy\/noticias\/wp-content\/uploads\/2022\/06\/firmas.jpg",800,432,false],"covernews-slider-center":["https:\/\/diariotiempo.com.uy\/noticias\/wp-content\/uploads\/2022\/06\/firmas.jpg",800,432,false],"covernews-featured":["https:\/\/diariotiempo.com.uy\/noticias\/wp-content\/uploads\/2022\/06\/firmas.jpg",800,432,false],"covernews-medium":["https:\/\/diariotiempo.com.uy\/noticias\/wp-content\/uploads\/2022\/06\/firmas-540x340.jpg",540,340,true],"covernews-medium-square":["https:\/\/diariotiempo.com.uy\/noticias\/wp-content\/uploads\/2022\/06\/firmas-400x250.jpg",400,250,true]},"author_info":{"display_name":"diario","author_link":"https:\/\/diariotiempo.com.uy\/noticias\/author\/diario\/"},"category_info":"<a href=\"https:\/\/diariotiempo.com.uy\/noticias\/category\/departamental\/\" rel=\"category tag\">DEPARTAMENTAL<\/a>","tag_info":"DEPARTAMENTAL","comment_count":"0","_links":{"self":[{"href":"https:\/\/diariotiempo.com.uy\/noticias\/wp-json\/wp\/v2\/posts\/5809","targetHints":{"allow":["GET"]}}],"collection":[{"href":"https:\/\/diariotiempo.com.uy\/noticias\/wp-json\/wp\/v2\/posts"}],"about":[{"href":"https:\/\/diariotiempo.com.uy\/noticias\/wp-json\/wp\/v2\/types\/post"}],"author":[{"embeddable":true,"href":"https:\/\/diariotiempo.com.uy\/noticias\/wp-json\/wp\/v2\/users\/1"}],"replies":[{"embeddable":true,"href":"https:\/\/diariotiempo.com.uy\/noticias\/wp-json\/wp\/v2\/comments?post=5809"}],"version-history":[{"count":1,"href":"https:\/\/diariotiempo.com.uy\/noticias\/wp-json\/wp\/v2\/posts\/5809\/revisions"}],"predecessor-version":[{"id":5811,"href":"https:\/\/diariotiempo.com.uy\/noticias\/wp-json\/wp\/v2\/posts\/5809\/revisions\/5811"}],"wp:featuredmedia":[{"embeddable":true,"href":"https:\/\/diariotiempo.com.uy\/noticias\/wp-json\/wp\/v2\/media\/5810"}],"wp:attachment":[{"href":"https:\/\/diariotiempo.com.uy\/noticias\/wp-json\/wp\/v2\/media?parent=5809"}],"wp:term":[{"taxonomy":"category","embeddable":true,"href":"https:\/\/diariotiempo.com.uy\/noticias\/wp-json\/wp\/v2\/categories?post=5809"},{"taxonomy":"post_tag","embeddable":true,"href":"https:\/\/diariotiempo.com.uy\/noticias\/wp-json\/wp\/v2\/tags?post=5809"}],"curies":[{"name":"wp","href":"https:\/\/api.w.org\/{rel}","templated":true}]}}