{"id":6237,"date":"2022-07-02T15:49:29","date_gmt":"2022-07-02T15:49:29","guid":{"rendered":"https:\/\/diariotiempo.com.uy\/noticias\/?p=6237"},"modified":"2022-07-02T15:52:47","modified_gmt":"2022-07-02T15:52:47","slug":"canelones-te-leo-llego-al-municipio-de-joaquin-suarez","status":"publish","type":"post","link":"https:\/\/diariotiempo.com.uy\/noticias\/2022\/07\/02\/canelones-te-leo-llego-al-municipio-de-joaquin-suarez\/","title":{"rendered":"Canelones te leo lleg\u00f3 al municipio de Joaqu\u00edn Su\u00e1rez"},"content":{"rendered":"\n<figure class=\"wp-block-image size-full\"><img loading=\"lazy\" decoding=\"async\" width=\"800\" height=\"432\" src=\"https:\/\/diariotiempo.com.uy\/noticias\/wp-content\/uploads\/2022\/07\/libros.jpg\" alt=\"\" class=\"wp-image-6240\" srcset=\"https:\/\/diariotiempo.com.uy\/noticias\/wp-content\/uploads\/2022\/07\/libros.jpg 800w, https:\/\/diariotiempo.com.uy\/noticias\/wp-content\/uploads\/2022\/07\/libros-300x162.jpg 300w, https:\/\/diariotiempo.com.uy\/noticias\/wp-content\/uploads\/2022\/07\/libros-768x415.jpg 768w\" sizes=\"auto, (max-width: 800px) 100vw, 800px\" \/><\/figure>\n\n\n\n<p>Con una gran marco de p\u00fablico se lleva adelante la Feria del Libro Canelones Te Leo, en el marco del proyecto Uruguay Te Leo, en el Municipio de Joaqu\u00edn Su\u00e1rez. La misma se instal\u00f3 desde este jueves 23 hasta el domingo 26 de junio en la Plaza Diego Pons. En la inauguraci\u00f3n estuvieron presentes el Secretario General de la Intendencia de Canelones Francisco Legnani, el Gerente de Cultura Territorial Gustavo Borges, el Director de Libros del Parque Alejandro Gagliardi, el Alcalde del Municipio de Joaqu\u00edn Su\u00e1rez Carlos Nalerio, Concejales\/as, autores, ni\u00f1os y ni\u00f1as de centros educativos y p\u00fablico en general.<br>El Secretario General de la Intendencia de Canelones Francisco Legnani, reflexion\u00f3 acerca de la importancia del libro y sostuvo que en nuestra sociedad actual \u201cdonde el celular se ha vuelto un brazo m\u00e1s (\u2026) Sustituir eso por una buena lectura antes de dormir, tomarse un ratito, compartir, leer, creo que no deber\u00eda ser sustitu\u00eddo por la tecnolog\u00eda ni ahora ni nunca. (\u2026) volver a la lectura, que nos ayuda a desarrollar la escritura, la comprensi\u00f3n y el intercambio, son cosas que nunca hay que perder y creo que este tipo de actividades lo fomentan\u201d.<\/p>\n\n\n\n<p>La Feria consta de venta y exposici\u00f3n de libros, muestras art\u00edsticas y culturales. Para el Gerente de Cultura Territorial, Gustavo Borges, llegar a Joaqu\u00edn Su\u00e1rez -una de las 20 ferias que se est\u00e1n haciendo a lo largo del departamento- es cumplir con el objetivo trazado. \u201cEs descentralizar las actividades de las ferias del libro y acercar escritores y escritoras y llegar a las localidades donde no hay librer\u00edas. Acercarlos, que puedan presentarse en la feria, y tambi\u00e9n a aquellos que vienen de otra parte del pa\u00eds. Esto es fruto de un trabajo conjunto con Librer\u00eda del Parque e Instituto de Letras -que tambi\u00e9n env\u00eda alg\u00fan Premio Nacional para los d\u00edas s\u00e1bados- y el objetivo, es ese, que las ferias recorran el departamento\u201d, inform\u00f3.<br>Migues, San Ram\u00f3n, Tala, Paso Carrasco, son algunas de las localidades donde ya transit\u00f3 esta propuesta, lugares donde hac\u00eda m\u00e1s de 20 a\u00f1os- o nunca se hab\u00eda realizado- una feria del libro. Para la Direcci\u00f3n General de Cultura este proyecto ha dado resultados satisfactorios. \u201cLa evaluaci\u00f3n ha sido muy positiva. La respuesta de la gente ha sido incre\u00edble. Nos hemos encontrado con un mont\u00f3n de talento canarios que est\u00e1n en distintos lugares, la gendte lo disfruta y agradece a los municipios la orgnanizaci\u00f3n de estas ferias en esos lugares. Esperamos que el a\u00f1o que viene tambi\u00e9n podamos estar recorriendo el departamento con estas ferias\u201d, reflexion\u00f3 Borges.<\/p>\n\n\n\n<p>Para el Alcalde del Municipio de Su\u00e1rez, Carlos Nalerio, \u201ces un evento que estamos muy contentos y agradecidos de haberlo recibido, dada la importancia que tiene el libro. Notamos que la comunidad -cuando pasan estas cosas- quiere al libro, se acerca y lo sigue considerando para la relevancia que tiene la lectura\u201d, apreci\u00f3. El rol que jug\u00f3 el municipio local obtuvo sus frutos. En apenas, una jornada de actividad, pasaron m\u00e1s de 300 alumnos en la carpa destinada a actividades culturales y charlas con los autores. Adem\u00e1s, en esta instancia, se presentan los proyectos y actividades recreativas con los j\u00f3venes del Hogar Ituzaing\u00f3 de la Colonia Berro.<\/p>\n\n\n\n<p><strong>Destacada feria del Libro en Su\u00e1rez<br><\/strong>Finalmente, el Director de Libros del Parque Alejandro Gagliardi, consider\u00f3 que esta feria en Su\u00e1rez \u201ces un buen ejemplo de lo que queremos lograr con Uruguay Te Leo. Es un proyecto que surge desde la librer\u00eda Libros del Parque, con aliados apoyando como editoriales y autores, y la experiencia ha sido muy variada y enriquecedora, con el objetivo de descentralizar los eventos relacionados con literatura, libros y autores por intermedio de las ferias del libro. Ac\u00e1 en Su\u00e1rez nos encontramos con una realidad que nos rompi\u00f3 los ojos, que fue una coordinaci\u00f3n impresionante. Todo lo que buscamos para el proyecto se est\u00e1 dando ac\u00e1. Ha sido todo fant\u00e1stico, es una especie de sue\u00f1o poder realizar una feria con gente que todos los d\u00edas est\u00e1 en los detalles posibles para la feria\u201d, manifest\u00f3 agradecido.<\/p>\n\n\n\n<p>Por su parte, Lucy Iraz\u00e1bal, vecina de la localidad, manifest\u00f3 su alegr\u00eda por la realizaci\u00f3n de esta actividad en Su\u00e1rez. \u201cEstoy muy contenta, realmente orgullosa, de que haya venido esta mega exposici\u00f3n de libros y venta, porque no tenemos y es sumamente necesario para la localidad. Est\u00e1 muy completa y realmente, es preciosa, hay para elegir\u201d Much\u00edsimas gracias por esta oportunidad que dan a la ciudad\u201d, concluy\u00f3.En el mismo sentido, Elsa Conde, expres\u00f3: \u201cMe gust\u00f3 la propuesta de instalar las carpas y poner los libros. Que uno pueda venir y mirar, leer o intercambiar con alguna persona que est\u00e1 al lado: \u00a1pah, este libro est\u00e1 muy bueno!, tener esos comentarios lindos que hay. La verdad que est\u00e1 muy bueno a incentivar a los chiqulines a la lectura\u201d. Finalmente, concluy\u00f3 \u201cest\u00e1 muy bueno lo que nos ofrecen, la parte de exposici\u00f3n y libros, y dejar as\u00ed la tecnolog\u00eda un poquito de costado\u201d.<\/p>\n","protected":false},"excerpt":{"rendered":"<p>Con una gran marco de p\u00fablico se lleva adelante la Feria del Libro Canelones Te&#8230;<\/p>\n","protected":false},"author":1,"featured_media":6240,"comment_status":"open","ping_status":"open","sticky":false,"template":"","format":"standard","meta":{"_monsterinsights_skip_tracking":false,"_monsterinsights_sitenote_active":false,"_monsterinsights_sitenote_note":"","_monsterinsights_sitenote_category":0,"footnotes":""},"categories":[96],"tags":[],"class_list":["post-6237","post","type-post","status-publish","format-standard","has-post-thumbnail","hentry","category-suarez"],"featured_image_urls":{"full":["https:\/\/diariotiempo.com.uy\/noticias\/wp-content\/uploads\/2022\/07\/libros.jpg",800,432,false],"thumbnail":["https:\/\/diariotiempo.com.uy\/noticias\/wp-content\/uploads\/2022\/07\/libros-150x150.jpg",150,150,true],"medium":["https:\/\/diariotiempo.com.uy\/noticias\/wp-content\/uploads\/2022\/07\/libros-300x162.jpg",300,162,true],"medium_large":["https:\/\/diariotiempo.com.uy\/noticias\/wp-content\/uploads\/2022\/07\/libros-768x415.jpg",640,346,true],"large":["https:\/\/diariotiempo.com.uy\/noticias\/wp-content\/uploads\/2022\/07\/libros.jpg",640,346,false],"rpg_gallery_admin_thumb":["https:\/\/diariotiempo.com.uy\/noticias\/wp-content\/uploads\/2022\/07\/libros.jpg",150,81,false],"rpg_gallery_thumb":["https:\/\/diariotiempo.com.uy\/noticias\/wp-content\/uploads\/2022\/07\/libros.jpg",150,81,false],"1536x1536":["https:\/\/diariotiempo.com.uy\/noticias\/wp-content\/uploads\/2022\/07\/libros.jpg",800,432,false],"2048x2048":["https:\/\/diariotiempo.com.uy\/noticias\/wp-content\/uploads\/2022\/07\/libros.jpg",800,432,false],"covernews-slider-full":["https:\/\/diariotiempo.com.uy\/noticias\/wp-content\/uploads\/2022\/07\/libros.jpg",800,432,false],"covernews-slider-center":["https:\/\/diariotiempo.com.uy\/noticias\/wp-content\/uploads\/2022\/07\/libros.jpg",800,432,false],"covernews-featured":["https:\/\/diariotiempo.com.uy\/noticias\/wp-content\/uploads\/2022\/07\/libros.jpg",800,432,false],"covernews-medium":["https:\/\/diariotiempo.com.uy\/noticias\/wp-content\/uploads\/2022\/07\/libros-540x340.jpg",540,340,true],"covernews-medium-square":["https:\/\/diariotiempo.com.uy\/noticias\/wp-content\/uploads\/2022\/07\/libros-400x250.jpg",400,250,true]},"author_info":{"display_name":"diario","author_link":"https:\/\/diariotiempo.com.uy\/noticias\/author\/diario\/"},"category_info":"<a href=\"https:\/\/diariotiempo.com.uy\/noticias\/category\/departamental\/suarez\/\" rel=\"category tag\">Suarez<\/a>","tag_info":"Suarez","comment_count":"0","_links":{"self":[{"href":"https:\/\/diariotiempo.com.uy\/noticias\/wp-json\/wp\/v2\/posts\/6237","targetHints":{"allow":["GET"]}}],"collection":[{"href":"https:\/\/diariotiempo.com.uy\/noticias\/wp-json\/wp\/v2\/posts"}],"about":[{"href":"https:\/\/diariotiempo.com.uy\/noticias\/wp-json\/wp\/v2\/types\/post"}],"author":[{"embeddable":true,"href":"https:\/\/diariotiempo.com.uy\/noticias\/wp-json\/wp\/v2\/users\/1"}],"replies":[{"embeddable":true,"href":"https:\/\/diariotiempo.com.uy\/noticias\/wp-json\/wp\/v2\/comments?post=6237"}],"version-history":[{"count":2,"href":"https:\/\/diariotiempo.com.uy\/noticias\/wp-json\/wp\/v2\/posts\/6237\/revisions"}],"predecessor-version":[{"id":6241,"href":"https:\/\/diariotiempo.com.uy\/noticias\/wp-json\/wp\/v2\/posts\/6237\/revisions\/6241"}],"wp:featuredmedia":[{"embeddable":true,"href":"https:\/\/diariotiempo.com.uy\/noticias\/wp-json\/wp\/v2\/media\/6240"}],"wp:attachment":[{"href":"https:\/\/diariotiempo.com.uy\/noticias\/wp-json\/wp\/v2\/media?parent=6237"}],"wp:term":[{"taxonomy":"category","embeddable":true,"href":"https:\/\/diariotiempo.com.uy\/noticias\/wp-json\/wp\/v2\/categories?post=6237"},{"taxonomy":"post_tag","embeddable":true,"href":"https:\/\/diariotiempo.com.uy\/noticias\/wp-json\/wp\/v2\/tags?post=6237"}],"curies":[{"name":"wp","href":"https:\/\/api.w.org\/{rel}","templated":true}]}}