{"id":6377,"date":"2022-07-09T14:00:42","date_gmt":"2022-07-09T14:00:42","guid":{"rendered":"https:\/\/diariotiempo.com.uy\/noticias\/?p=6377"},"modified":"2022-07-09T14:01:42","modified_gmt":"2022-07-09T14:01:42","slug":"quedo-habilitada-la-agenda-para-la-renovacion-de-permisos-de-conducir-vencidos","status":"publish","type":"post","link":"https:\/\/diariotiempo.com.uy\/noticias\/2022\/07\/09\/quedo-habilitada-la-agenda-para-la-renovacion-de-permisos-de-conducir-vencidos\/","title":{"rendered":"QUED\u00d3 HABILITADA LA AGENDA PARA LA RENOVACI\u00d3N DE PERMISOS DE CONDUCIR VENCIDOS"},"content":{"rendered":"\n<figure class=\"wp-block-image size-full\"><img loading=\"lazy\" decoding=\"async\" width=\"800\" height=\"432\" src=\"https:\/\/diariotiempo.com.uy\/noticias\/wp-content\/uploads\/2022\/07\/prorroga_transito_destacada_0_1-1.jpg\" alt=\"\" class=\"wp-image-6378\" srcset=\"https:\/\/diariotiempo.com.uy\/noticias\/wp-content\/uploads\/2022\/07\/prorroga_transito_destacada_0_1-1.jpg 800w, https:\/\/diariotiempo.com.uy\/noticias\/wp-content\/uploads\/2022\/07\/prorroga_transito_destacada_0_1-1-300x162.jpg 300w, https:\/\/diariotiempo.com.uy\/noticias\/wp-content\/uploads\/2022\/07\/prorroga_transito_destacada_0_1-1-768x415.jpg 768w\" sizes=\"auto, (max-width: 800px) 100vw, 800px\" \/><\/figure>\n\n\n\n<p>Desde la Direcci\u00f3n General de Tr\u00e1nsito y Transporte de la Intendencia de Canelones se comunica a la poblaci\u00f3n que qued\u00f3 habilitada la agenda para la renovaci\u00f3n de permisos de conducir vencidos. Una nueva pr\u00f3rroga de 60 d\u00edas para permisos de conducir, sus gestiones y tr\u00e1mites asociados (ex\u00e1menes m\u00e9dicos, pagos, certificados y constancias) vencidos desde el 30 de junio de 2020. La resoluci\u00f3n fue tomada por el Congreso de Intendentes.<br>Durante el lapso se\u00f1alado se habilitar\u00e1 la agenda para estos conductores con permisos de conducir vencidos. \u00danicamente a quienes se hayan agendado en dicho lapso se les considerar\u00e1n vigentes los permisos hasta la fecha de la agenda, debiendo portar la constancia de esta. Quien no se presente el d\u00eda y hora asignado para la renovaci\u00f3n del permisos de conducir perder\u00e1 sus derechos de emisi\u00f3n, debiendo iniciar nuevamente las gestiones y asumiendo los costos correspondientes.<br>El Director General de Tr\u00e1nsito y Transporte del Gobierno de Canelones, Marcelo Metediera, explic\u00f3 que, durante estos 60 d\u00edas de pr\u00f3rroga, las personas podr\u00e1n agendarse por la web de la Intendencia para poder realizar el tr\u00e1mite de renovaci\u00f3n del permisos de conducir. \u201cUna vez que la persona se agenda, dependiendo de la fecha que la Intendencia le confirme, tendr\u00e1 hasta esa fecha su licencia de conducir vigente. Quien no se agende en este plazo de 60 d\u00edas, luego no va a tener la posibilidad de estar cubierto por la pr\u00f3rroga\u201d, agreg\u00f3.<br>Metediera aclar\u00f3 que hay que agendarse en estos 60 d\u00edas para poder realizar el tr\u00e1mite porque en este momento se est\u00e1n venciendo aproximadamente 109.000 licencias de conducir, \u201cy si no generamos una agenda que te lleve m\u00e1s all\u00e1 de los 60 d\u00edas de pr\u00f3rroga, no es posible que las intendencias den respuesta a la cantidad de tr\u00e1mites que va a haber a nivel pa\u00eds\u201d.<br>Asimismo, el Director de Tr\u00e1nsito y Transporte inform\u00f3 que las licencias de conducir amateur categor\u00edas A, G1 y G2 se pueden renovar por la web, sin necesidad de agendarse o asistir de forma presencial. El formulario para realizar la renovaci\u00f3n online, \u00e1gil, sin agenda previa, para permisos de conducir categor\u00edas A, G1 y G2 lo pueden encontrar aqu\u00ed. Adem\u00e1s, se encuentra disponible un tutorial accesible para este tr\u00e1mite.<br>Para conocer otros tr\u00e1mites y servicios de la Direcci\u00f3n General de Tr\u00e1nsito y Transporte haga click aqu\u00ed.<\/p>\n","protected":false},"excerpt":{"rendered":"<p>Desde la Direcci\u00f3n General de Tr\u00e1nsito y Transporte de la Intendencia de Canelones se comunica&#8230;<\/p>\n","protected":false},"author":1,"featured_media":6378,"comment_status":"open","ping_status":"open","sticky":false,"template":"","format":"standard","meta":{"_monsterinsights_skip_tracking":false,"_monsterinsights_sitenote_active":false,"_monsterinsights_sitenote_note":"","_monsterinsights_sitenote_category":0,"footnotes":""},"categories":[4],"tags":[],"class_list":["post-6377","post","type-post","status-publish","format-standard","has-post-thumbnail","hentry","category-departamental"],"featured_image_urls":{"full":["https:\/\/diariotiempo.com.uy\/noticias\/wp-content\/uploads\/2022\/07\/prorroga_transito_destacada_0_1-1.jpg",800,432,false],"thumbnail":["https:\/\/diariotiempo.com.uy\/noticias\/wp-content\/uploads\/2022\/07\/prorroga_transito_destacada_0_1-1-150x150.jpg",150,150,true],"medium":["https:\/\/diariotiempo.com.uy\/noticias\/wp-content\/uploads\/2022\/07\/prorroga_transito_destacada_0_1-1-300x162.jpg",300,162,true],"medium_large":["https:\/\/diariotiempo.com.uy\/noticias\/wp-content\/uploads\/2022\/07\/prorroga_transito_destacada_0_1-1-768x415.jpg",640,346,true],"large":["https:\/\/diariotiempo.com.uy\/noticias\/wp-content\/uploads\/2022\/07\/prorroga_transito_destacada_0_1-1.jpg",640,346,false],"rpg_gallery_admin_thumb":["https:\/\/diariotiempo.com.uy\/noticias\/wp-content\/uploads\/2022\/07\/prorroga_transito_destacada_0_1-1.jpg",150,81,false],"rpg_gallery_thumb":["https:\/\/diariotiempo.com.uy\/noticias\/wp-content\/uploads\/2022\/07\/prorroga_transito_destacada_0_1-1.jpg",150,81,false],"1536x1536":["https:\/\/diariotiempo.com.uy\/noticias\/wp-content\/uploads\/2022\/07\/prorroga_transito_destacada_0_1-1.jpg",800,432,false],"2048x2048":["https:\/\/diariotiempo.com.uy\/noticias\/wp-content\/uploads\/2022\/07\/prorroga_transito_destacada_0_1-1.jpg",800,432,false],"covernews-slider-full":["https:\/\/diariotiempo.com.uy\/noticias\/wp-content\/uploads\/2022\/07\/prorroga_transito_destacada_0_1-1.jpg",800,432,false],"covernews-slider-center":["https:\/\/diariotiempo.com.uy\/noticias\/wp-content\/uploads\/2022\/07\/prorroga_transito_destacada_0_1-1.jpg",800,432,false],"covernews-featured":["https:\/\/diariotiempo.com.uy\/noticias\/wp-content\/uploads\/2022\/07\/prorroga_transito_destacada_0_1-1.jpg",800,432,false],"covernews-medium":["https:\/\/diariotiempo.com.uy\/noticias\/wp-content\/uploads\/2022\/07\/prorroga_transito_destacada_0_1-1-540x340.jpg",540,340,true],"covernews-medium-square":["https:\/\/diariotiempo.com.uy\/noticias\/wp-content\/uploads\/2022\/07\/prorroga_transito_destacada_0_1-1-400x250.jpg",400,250,true]},"author_info":{"display_name":"diario","author_link":"https:\/\/diariotiempo.com.uy\/noticias\/author\/diario\/"},"category_info":"<a href=\"https:\/\/diariotiempo.com.uy\/noticias\/category\/departamental\/\" rel=\"category tag\">DEPARTAMENTAL<\/a>","tag_info":"DEPARTAMENTAL","comment_count":"0","_links":{"self":[{"href":"https:\/\/diariotiempo.com.uy\/noticias\/wp-json\/wp\/v2\/posts\/6377","targetHints":{"allow":["GET"]}}],"collection":[{"href":"https:\/\/diariotiempo.com.uy\/noticias\/wp-json\/wp\/v2\/posts"}],"about":[{"href":"https:\/\/diariotiempo.com.uy\/noticias\/wp-json\/wp\/v2\/types\/post"}],"author":[{"embeddable":true,"href":"https:\/\/diariotiempo.com.uy\/noticias\/wp-json\/wp\/v2\/users\/1"}],"replies":[{"embeddable":true,"href":"https:\/\/diariotiempo.com.uy\/noticias\/wp-json\/wp\/v2\/comments?post=6377"}],"version-history":[{"count":1,"href":"https:\/\/diariotiempo.com.uy\/noticias\/wp-json\/wp\/v2\/posts\/6377\/revisions"}],"predecessor-version":[{"id":6379,"href":"https:\/\/diariotiempo.com.uy\/noticias\/wp-json\/wp\/v2\/posts\/6377\/revisions\/6379"}],"wp:featuredmedia":[{"embeddable":true,"href":"https:\/\/diariotiempo.com.uy\/noticias\/wp-json\/wp\/v2\/media\/6378"}],"wp:attachment":[{"href":"https:\/\/diariotiempo.com.uy\/noticias\/wp-json\/wp\/v2\/media?parent=6377"}],"wp:term":[{"taxonomy":"category","embeddable":true,"href":"https:\/\/diariotiempo.com.uy\/noticias\/wp-json\/wp\/v2\/categories?post=6377"},{"taxonomy":"post_tag","embeddable":true,"href":"https:\/\/diariotiempo.com.uy\/noticias\/wp-json\/wp\/v2\/tags?post=6377"}],"curies":[{"name":"wp","href":"https:\/\/api.w.org\/{rel}","templated":true}]}}