{"id":6388,"date":"2022-07-09T14:34:51","date_gmt":"2022-07-09T14:34:51","guid":{"rendered":"https:\/\/diariotiempo.com.uy\/noticias\/?p=6388"},"modified":"2022-07-09T14:34:52","modified_gmt":"2022-07-09T14:34:52","slug":"se-realizo-en-canelones-el-lanzamiento-de-la-octava-edcion-de-la-fiesta-nacional-del-chocolate-de-nueva-helvecia","status":"publish","type":"post","link":"https:\/\/diariotiempo.com.uy\/noticias\/2022\/07\/09\/se-realizo-en-canelones-el-lanzamiento-de-la-octava-edcion-de-la-fiesta-nacional-del-chocolate-de-nueva-helvecia\/","title":{"rendered":"SE REALIZ\u00d3 EN CANELONES EL LANZAMIENTO DE LA OCTAVA EDCI\u00d3N DE LA FIESTA NACIONAL DEL CHOCOLATE DE NUEVA HELVECIA"},"content":{"rendered":"\n<figure class=\"wp-block-image size-full\"><img loading=\"lazy\" decoding=\"async\" width=\"800\" height=\"432\" src=\"https:\/\/diariotiempo.com.uy\/noticias\/wp-content\/uploads\/2022\/07\/4-3.jpg\" alt=\"\" class=\"wp-image-6389\" srcset=\"https:\/\/diariotiempo.com.uy\/noticias\/wp-content\/uploads\/2022\/07\/4-3.jpg 800w, https:\/\/diariotiempo.com.uy\/noticias\/wp-content\/uploads\/2022\/07\/4-3-300x162.jpg 300w, https:\/\/diariotiempo.com.uy\/noticias\/wp-content\/uploads\/2022\/07\/4-3-768x415.jpg 768w\" sizes=\"auto, (max-width: 800px) 100vw, 800px\" \/><\/figure>\n\n\n\n<p>Por primera vez, se realiz\u00f3 el lanzamiento de la Fiesta Nacional del Chocolate de Nueva Helvecia fuera de Colonia y eligieron hacerlo en Canelones, por ser el departamento que m\u00e1s concurre a esta tradicional fiesta.<br>El Intendente de Canelones, Yamand\u00fa Orsi, particip\u00f3 del lanzamiento, junto a dem\u00e1s autoridades del gabinete, y declar\u00f3 que realizar el lanzamiento de la fiesta de otro departamento es, tambi\u00e9n, algo novedoso para Canelones. \u201cLo que nosotros hacemos normalmente es promover nuestras fiestas, que en el departamento hay varias. Pero es muy rico que podamos hacer, desde distintos departamentos, la promoci\u00f3n de lo que pasa en otros\u201d, asegur\u00f3.<br>En este sentido, Orsi se\u00f1al\u00f3 que lo conversaron con el Intendente de Colonia, Carlos Moreira, y continuar\u00e1n realizando estos intercambios de promoci\u00f3n de fiestas entre los distintos municipios. \u201cEst\u00e1 bueno poder difundir que a distintos alcaldes o gobiernos locales, sean del partido que sean, le interesa que gente de Canelones vaya o que gente de Colonia venga a alguna de nuestras fiestas\u201d, agreg\u00f3 el jerarca canario, quien tambi\u00e9n enfatiz\u00f3 que \u201cda gusto que haya alcaldes y alcaldesas que tienen la camiseta puesta en la localidad y tambi\u00e9n les gusta salir al resto del pa\u00eds\u201d, por eso, afirm\u00f3 que seguir\u00e1n \u201cabriendo las puertas para difundir estas cosas lindas que pasan en Uruguay, sea de la Intendencia que sea, sea del municipio que sea\u201d.<br>En cuanto al p\u00fablico canario que visita a\u00f1o a a\u00f1o esta fiesta, el Intendente dijo que la gente en Canelones sale, recorre las fiestas y no mira las fronteras. \u201cHay un p\u00fablico que agarra las sillas de playa, el auto y sale de fin de semana, porque es una forma de hacer turismo bastante econ\u00f3mico\u201d, sostuvo.<br>A su vez, consider\u00f3 que este tipo de fiestas ponen en valor nuestra cultura, nuestros quehaceres. \u201cPara nosotros, los canarios, que tenemos mucho aluvi\u00f3n migratorio italiano y espa\u00f1ol, es bueno tambi\u00e9n conocer esta otra matriz que dio origen a este pa\u00eds, que es del centro de Europa y que siempre hemos o\u00eddo hablar\u201d, subray\u00f3.<br>Finalmente, hizo hincapi\u00e9 en que continuar\u00e1n difundiendo y promoviendo fiestas con otros departamentos, \u201cpara estimular m\u00e1s a consumir lo nuestro, porque creemos que conocemos el Uruguay pero no lo conocemos tanto\u201d.<br>Por su parte, la Coordinadora del Gabinete Productivo de la Intendencia, Tania Yanes, puntualiz\u00f3 que es una alegr\u00eda que una actividad productiva de otro departamento \u201cvenga a convocarnos para ser parte de una fiesta nacional que se desarrolla en Colonia pero que, adem\u00e1s, puede tener alg\u00fan maridaje con alg\u00fan producto nuestro\u201d.<br>El lanzamiento de esta octava edici\u00f3n de la Fiesta Nacional del Chocolate de Nueva Helvecia se realiz\u00f3 en el Hall del Palacio Municipal, donde el p\u00fablico presente pudo degustar de un rico chocolate caliente y disfrutar de un espect\u00e1culo de Acordes Suizos.<br>Sobre la octava edici\u00f3n de la Fiesta Nacional del Chocolate de Nueva Helvecia<br>El Alcalde del Municipio de Nueva Helvecia, Marcelo Alonso, anunci\u00f3 felizmente que el 24 de julio, a partir de las 09:00 horas, vuelve la Fiesta Nacional del Chocolate a la ciudad de Nueva Helvecia, luego de dos a\u00f1os de pandemia. \u201cEl protagonista de la fiesta ser\u00e1n los sabores: habr\u00e1 chocolate caliente y otras construcciones gastron\u00f3micas de chocolate, waffles, fondue de chocolate, de queso, cervezas artesanales y contaremos, tambi\u00e9n, con espect\u00e1culos locales\u201d, manifest\u00f3.<br>Alonso se\u00f1al\u00f3 que por primera vez salieron de frontera para realizar este lanzamiento, debido a que en las anteriores ediciones qued\u00f3 demostrado que la mayor\u00eda del p\u00fablico de la fiesta eran canarios. \u201cA lo largo de los a\u00f1os hemos tenido que los vecinos de este hermoso departamento son de los mayores p\u00fablicos presentes en la fiesta. Estamos a una hora y poquito de la ciudad de Canelones y los invitamos a todos a visitarnos el pr\u00f3ximo 24 de julio\u201d, concluy\u00f3.<\/p>\n","protected":false},"excerpt":{"rendered":"<p>Por primera vez, se realiz\u00f3 el lanzamiento de la Fiesta Nacional del Chocolate de Nueva&#8230;<\/p>\n","protected":false},"author":1,"featured_media":6389,"comment_status":"open","ping_status":"open","sticky":false,"template":"","format":"standard","meta":{"_monsterinsights_skip_tracking":false,"_monsterinsights_sitenote_active":false,"_monsterinsights_sitenote_note":"","_monsterinsights_sitenote_category":0,"footnotes":""},"categories":[79],"tags":[],"class_list":["post-6388","post","type-post","status-publish","format-standard","has-post-thumbnail","hentry","category-nacionales"],"featured_image_urls":{"full":["https:\/\/diariotiempo.com.uy\/noticias\/wp-content\/uploads\/2022\/07\/4-3.jpg",800,432,false],"thumbnail":["https:\/\/diariotiempo.com.uy\/noticias\/wp-content\/uploads\/2022\/07\/4-3-150x150.jpg",150,150,true],"medium":["https:\/\/diariotiempo.com.uy\/noticias\/wp-content\/uploads\/2022\/07\/4-3-300x162.jpg",300,162,true],"medium_large":["https:\/\/diariotiempo.com.uy\/noticias\/wp-content\/uploads\/2022\/07\/4-3-768x415.jpg",640,346,true],"large":["https:\/\/diariotiempo.com.uy\/noticias\/wp-content\/uploads\/2022\/07\/4-3.jpg",640,346,false],"rpg_gallery_admin_thumb":["https:\/\/diariotiempo.com.uy\/noticias\/wp-content\/uploads\/2022\/07\/4-3.jpg",150,81,false],"rpg_gallery_thumb":["https:\/\/diariotiempo.com.uy\/noticias\/wp-content\/uploads\/2022\/07\/4-3.jpg",150,81,false],"1536x1536":["https:\/\/diariotiempo.com.uy\/noticias\/wp-content\/uploads\/2022\/07\/4-3.jpg",800,432,false],"2048x2048":["https:\/\/diariotiempo.com.uy\/noticias\/wp-content\/uploads\/2022\/07\/4-3.jpg",800,432,false],"covernews-slider-full":["https:\/\/diariotiempo.com.uy\/noticias\/wp-content\/uploads\/2022\/07\/4-3.jpg",800,432,false],"covernews-slider-center":["https:\/\/diariotiempo.com.uy\/noticias\/wp-content\/uploads\/2022\/07\/4-3.jpg",800,432,false],"covernews-featured":["https:\/\/diariotiempo.com.uy\/noticias\/wp-content\/uploads\/2022\/07\/4-3.jpg",800,432,false],"covernews-medium":["https:\/\/diariotiempo.com.uy\/noticias\/wp-content\/uploads\/2022\/07\/4-3-540x340.jpg",540,340,true],"covernews-medium-square":["https:\/\/diariotiempo.com.uy\/noticias\/wp-content\/uploads\/2022\/07\/4-3-400x250.jpg",400,250,true]},"author_info":{"display_name":"diario","author_link":"https:\/\/diariotiempo.com.uy\/noticias\/author\/diario\/"},"category_info":"<a href=\"https:\/\/diariotiempo.com.uy\/noticias\/category\/nacionales\/\" rel=\"category tag\">NACIONALES<\/a>","tag_info":"NACIONALES","comment_count":"0","_links":{"self":[{"href":"https:\/\/diariotiempo.com.uy\/noticias\/wp-json\/wp\/v2\/posts\/6388","targetHints":{"allow":["GET"]}}],"collection":[{"href":"https:\/\/diariotiempo.com.uy\/noticias\/wp-json\/wp\/v2\/posts"}],"about":[{"href":"https:\/\/diariotiempo.com.uy\/noticias\/wp-json\/wp\/v2\/types\/post"}],"author":[{"embeddable":true,"href":"https:\/\/diariotiempo.com.uy\/noticias\/wp-json\/wp\/v2\/users\/1"}],"replies":[{"embeddable":true,"href":"https:\/\/diariotiempo.com.uy\/noticias\/wp-json\/wp\/v2\/comments?post=6388"}],"version-history":[{"count":1,"href":"https:\/\/diariotiempo.com.uy\/noticias\/wp-json\/wp\/v2\/posts\/6388\/revisions"}],"predecessor-version":[{"id":6390,"href":"https:\/\/diariotiempo.com.uy\/noticias\/wp-json\/wp\/v2\/posts\/6388\/revisions\/6390"}],"wp:featuredmedia":[{"embeddable":true,"href":"https:\/\/diariotiempo.com.uy\/noticias\/wp-json\/wp\/v2\/media\/6389"}],"wp:attachment":[{"href":"https:\/\/diariotiempo.com.uy\/noticias\/wp-json\/wp\/v2\/media?parent=6388"}],"wp:term":[{"taxonomy":"category","embeddable":true,"href":"https:\/\/diariotiempo.com.uy\/noticias\/wp-json\/wp\/v2\/categories?post=6388"},{"taxonomy":"post_tag","embeddable":true,"href":"https:\/\/diariotiempo.com.uy\/noticias\/wp-json\/wp\/v2\/tags?post=6388"}],"curies":[{"name":"wp","href":"https:\/\/api.w.org\/{rel}","templated":true}]}}