{"id":6442,"date":"2022-07-20T15:23:22","date_gmt":"2022-07-20T15:23:22","guid":{"rendered":"https:\/\/diariotiempo.com.uy\/noticias\/?p=6442"},"modified":"2022-07-20T15:23:24","modified_gmt":"2022-07-20T15:23:24","slug":"lanzamiento-del-iva-personalizado","status":"publish","type":"post","link":"https:\/\/diariotiempo.com.uy\/noticias\/2022\/07\/20\/lanzamiento-del-iva-personalizado\/","title":{"rendered":"Lanzamiento del IVA personalizado"},"content":{"rendered":"\n<figure class=\"wp-block-image size-full\"><img loading=\"lazy\" decoding=\"async\" width=\"800\" height=\"532\" src=\"https:\/\/diariotiempo.com.uy\/noticias\/wp-content\/uploads\/2022\/07\/ANTEL.jpg\" alt=\"\" class=\"wp-image-6443\" srcset=\"https:\/\/diariotiempo.com.uy\/noticias\/wp-content\/uploads\/2022\/07\/ANTEL.jpg 800w, https:\/\/diariotiempo.com.uy\/noticias\/wp-content\/uploads\/2022\/07\/ANTEL-300x200.jpg 300w, https:\/\/diariotiempo.com.uy\/noticias\/wp-content\/uploads\/2022\/07\/ANTEL-768x511.jpg 768w\" sizes=\"auto, (max-width: 800px) 100vw, 800px\" \/><\/figure>\n\n\n\n<p>A partir del 1 de agosto, los beneficiarios de Asignaciones Familiares-Plan de Equidad podr\u00e1n exonerar el IVA en la compra de bienes y servicios a trav\u00e9s de tuapp, la billetera electr\u00f3nica de Antel y el Banco Rep\u00fablica.<\/p>\n\n\n\n<p>El lanzamiento del IVA Personalizado se realiz\u00f3 el martes 12 de julio en la sede del Ministerio de Desarrollo Social, con la presencia del ministro Mart\u00edn Lema, la subsecretaria Andrea Brugman, la directora general Karina Goday, y los presidentes de Antel, Gabriel Gurm\u00e9ndez; del Brou, Salvador Ferrer; y del Banco de Previsi\u00f3n Social, Alfredo Cabrera, y el director ejecutivo de Agesic, Hebert Paguas.<br>Este beneficio, que permitir\u00e1 el descuento total del IVA, est\u00e1 dirigido a 213 mil hogares de bajos ingresos de todo el pa\u00eds, compuestos por unas 837 mil integrantes.<\/p>\n\n\n\n<p><strong>Cambio de visi\u00f3n<br><\/strong>El ministro Lema agradeci\u00f3 a las autoridades y equipos t\u00e9cnicos de todos los organismos presentes por implementar esta herramienta, \u201cfocalizada\u201d en los hogares mayor vulnerabilidad social.<br>Afirm\u00f3 que se trata de \u201cun cambio de visi\u00f3n\u201d respecto a la exoneraci\u00f3n del IVA, no por productos sino por la situaci\u00f3n socioecon\u00f3mica de los hogares.<\/p>\n\n\n\n<p>Para implementar este beneficio, se eligi\u00f3 tuapp, \u201cesta enorme herramienta que, sin costo, la proporciona tanto el Brou como Antel\u201d.<br>Lema explic\u00f3 que, aquellos beneficiarios de Asignaciones Familiares \u2013 Plan de Equidad, que deseen acceder al IVA personalizado deber\u00e1n optar por cobrar la prestaci\u00f3n a trav\u00e9s de tuapp.<br>De esta forma, cada vez que compren bienes y servicios utilizando esta billetera electr\u00f3nica exonerar\u00e1n el pago del IVA.<\/p>\n\n\n\n<p>Incluso, las personas podr\u00e1n agregar hasta $ 2.000 pesos mensuales extra, aparte de las asignaciones, que tambi\u00e9n ser\u00e1n pasibles del descuento total de dicho impuesto.<\/p>\n\n\n\n<p><strong>Aporte a lo social desde la tecnolog\u00eda<br><\/strong>Gurm\u00e9ndez asegur\u00f3 que la participaci\u00f3n de Antel responde al mandato del presidente de la Rep\u00fablica, Luis Lacalle Pou, de manejar las empresas p\u00fablicas al servicio del cliente, con profesionalismo y gesti\u00f3n, pero al mismo tiempo tener un igual \u00e9nfasis en la sensibilidad social de su rol.<br>\u201cHoy se materializa esa forma de hacer las cosas. Desde Antel y desde el Brou, estamos haciendo ese aporte a lo social desde la tecnolog\u00eda, que es lo que nosotros sabemos hacer\u201d, se\u00f1al\u00f3 Gurm\u00e9ndez.<br>Agreg\u00f3 que \u201ces una suerte de Estado protector de los d\u00e9biles en versi\u00f3n tecnol\u00f3gica o en clave moderna. En el d\u00eda de hoy estamos reafirmando una visi\u00f3n de c\u00f3mo se deben hacer las cosas desde la empresa p\u00fablica uruguaya\u201d.<\/p>\n\n\n\n<p>Tuapp permitir\u00e1 \u201chacerle f\u00e1cil, con precisi\u00f3n y con eficiencia, la obtenci\u00f3n de un beneficio tan importante como la exoneraci\u00f3n de IVA a los beneficiarios de las Asignaciones Familiares \u2013 Plan de Equidad\u201d.<br>Estos aportes sociales se suman a otros ya realizados por Antel durante la pandemia, como la distribuci\u00f3n de m\u00e1s de 5 millones de canastas, atenci\u00f3n desde el call center, el vacunatorio en el Antel Arena, acceso gratuito a plataformas educativas, entre otros.<\/p>\n\n\n\n<p><strong>1 \u2013 REGISTRO DE IDENTIDAD DIGITAL<br><\/strong>Para acceder al cobro de AFAM-PE a trav\u00e9s de tuapp el titular de la prestaci\u00f3n deber\u00e1 realizar el registro de su Identidad Digital.<br>El primer paso para ello es crear un usuario Gub.Uy, para lo cual debe ingresar al siguiente link https:\/\/mi.iduruguay.gub.uy\/registro<br>Preguntas frecuentes sobre Usuario gub.uy: https:\/\/www.gub.uy\/agencia-gobierno-electronico-sociedad- informacionconocimiento\/ preguntas-frecuentes\/preguntas-frecuentes-usuario-gubuy<\/p>\n\n\n\n<p><strong>2 \u2013 VALIDACI\u00d3N DE USUARIO GUB.UY<br><\/strong>Una vez creado el usuario, el titular deber\u00e1 realizar una validaci\u00f3n presencial en alguno de los puntos habilitados. Para ello deber\u00e1 dirigirse a un Punto de Atenci\u00f3n a la Ciudadan\u00eda (PAC) que se encuentran disponibles en todo el pa\u00eds.<br>Los detalles se comparten en el siguiente link:<br>https:\/\/www.gub.uy\/comunicacion\/comunicados\/montevideo<br>Adem\u00e1s, desde el 1\u00ba de agosto quedar\u00e1n habilitadas las oficinas del MIDES en cualquier parte del pa\u00eds a los efectos de asistir a las personas en la creaci\u00f3n del usuario Gub.uy o, en caso de que ya lo tenga, verificar su identidad.<\/p>\n\n\n\n<p><strong>3 \u2013 FORMULARIO DE POSTULACI\u00d3N<br><\/strong>Una vez que los titulares de cobro de AFAM-PE hayan registrado y verificado su Identidad digital podr\u00e1n ingresar en la p\u00e1gina web de MIDES y completar los datos solicitados en TUMIDES.<br>tumides.mides.gub.uy<br>Una vez ingresado a TUMIDES la persona acceder\u00e1 al formulario de postulaci\u00f3n desde el 1\u00ba de agosto para iniciar el tr\u00e1mite de cobro de AFAM-PE a trav\u00e9s de tuapp.<br>En el formulario deben proporcionar tres datos:<br>\u2022 N\u00famero de c\u00e9dula<br>\u2022 N\u00famero de celular*<br>\u2022 Departamento de residencia.<br>*IMPORTANTE: se cargar\u00e1 la prestaci\u00f3n en el n\u00famero de celular ingresado.<\/p>\n\n\n\n<p><strong>4 \u2013 REGISTRO EN tuapp.<br><\/strong>Luego de completar el formulario, y que este sea validado, se le enviar\u00e1 un SMS y recibir\u00e1 una notificaci\u00f3n del Alta de usuario en tuapp y en el mismo mensaje se le comunicar\u00e1n los pasos para descargar e instalar la aplicaci\u00f3n tuapp.<br>En ese SMS tambi\u00e9n se le comunicar\u00e1 el PIN que utilizar\u00e1 solo para el primer log-in en la aplicaci\u00f3n.<br>Aclaraci\u00f3n: completar el formulario de adhesi\u00f3n NO GARANTIZA que cobrar\u00e1 la prestaci\u00f3n por este medio de pago; tuapp validar\u00e1 celular y BPS validar\u00e1 si tiene prestaciones para liquidar.<\/p>\n\n\n\n<p><strong>5 &#8211; USO DE tuapp<br><\/strong>El titular de AFAM \u2013 PE podr\u00e1 hacer uso de tuapp para realizar compras y beneficiarse del descuento total del IVA en todos los locales habilitados.<br>En el siguiente link encontrar\u00e1 una lista de comercios habilitados para el cobro de tuapp: https:\/\/www.tuapp.com.uy\/listado-de-comercios\/<\/p>\n\n\n\n<p><strong>6- DEP\u00d3SITOS-TRANSFERENCIAS MENSUALES<br><\/strong>A partir de septiembre, las personas que queden habilitadas para cobrar la prestaci\u00f3n de AFAM-PE a trav\u00e9s de tuapp podr\u00e1n realizar dep\u00f3sitos de hasta $ 2.000 mensuales en la aplicaci\u00f3n para realizar compras, las cuales tambi\u00e9n acceder\u00e1n al beneficio del descuento total del IVA.<br>Los dep\u00f3sitos pueden ser divididos en varias transacciones, por ejemplo, realizar dos dep\u00f3sitos de $ 1.000 en el mes o cuatro dep\u00f3sitos de $ 500.<br>Medios habilitados para realizar las transacciones:<br>\u2022 A trav\u00e9s de Multipagos eBROU. A trav\u00e9s de este medio digital, las transacciones no tendr\u00e1n costo, se pueden realizar dep\u00f3sitos a la cuenta de tuapp a trav\u00e9s de cuentas bancarias radicadas en el BROU.<br>\u2022 A trav\u00e9s de Redes de Cobranza (Red Pagos, Abitab). Cada una de las transacciones realizadas tendr\u00e1n un costo fijo de 6,90 UI + IVA (aproximadamente $ 44) para el beneficiario.<br>\u2022 A trav\u00e9s de las principales cadenas de supermercados del pa\u00eds, podr\u00e1n hacer un dep\u00f3sito en efectivo (sin costo) indicando en la caja que desea hacer un dep\u00f3sito para la cuenta de AFAM-PE radicada en tuapp. Pr\u00f3ximamente ser\u00e1 comunicado el listado de supermercados habilitados para esta opci\u00f3n.<br>La posibilidad de realizar dep\u00f3sitos solo estar\u00e1 habilitada en los meses en los que se haya recibido dinero en tuapp por concepto de AFAM-PE.<br>El dinero acumulado en tuapp, tanto por AFAM-PE como por dep\u00f3sitos, podr\u00e1 ser utilizado en cualquier momento por parte de la persona habilitada en tuapp, el mismo contar\u00e1 siempre con la posibilidad de exonerar el IVA.<br>IMPORTANTE TENER EN CUENTA<br>CALENDARIO DE POSTULACI\u00d3N: Aquellas personas que completen el formulario de adhesi\u00f3n para cobrar AFAM \u2013 PE a trav\u00e9s de tuapp entre el 1\u00ba y 10 de cada mes, ver\u00e1n su liquidaci\u00f3n el mes siguiente.<br>CALENDARIO DE PAGOS: La acreditaci\u00f3n de AFAM-PE en tuapp ser\u00e1 enviada por el Banco de Previsi\u00f3n Social (BPS), en la misma fecha que se realiza el pago de dicha prestaci\u00f3n a trav\u00e9s de diferentes v\u00edas (Tarjeta de Prestaciones o Redes de Cobranza).<br>N\u00daMERO DE TEL\u00c9FONO: El n\u00famero de celular aportado al llenar el formulario ser\u00e1 el que se utilizar\u00e1 para realizar las acreditaciones de dinero. Por tanto, se sugiere completar el formulario con un n\u00famero de tel\u00e9fono que sea propio y evitar el cambio de n\u00famero.<br>En caso de realizar un cambio de n\u00famero de tel\u00e9fono recuerde informarlo a trav\u00e9s de tuapp o al 0800 2222. Fuete y foto ANTEL<\/p>\n","protected":false},"excerpt":{"rendered":"<p>A partir del 1 de agosto, los beneficiarios de Asignaciones Familiares-Plan de Equidad podr\u00e1n exonerar&#8230;<\/p>\n","protected":false},"author":1,"featured_media":6443,"comment_status":"open","ping_status":"open","sticky":false,"template":"","format":"standard","meta":{"_monsterinsights_skip_tracking":false,"_monsterinsights_sitenote_active":false,"_monsterinsights_sitenote_note":"","_monsterinsights_sitenote_category":0,"footnotes":""},"categories":[79],"tags":[],"class_list":["post-6442","post","type-post","status-publish","format-standard","has-post-thumbnail","hentry","category-nacionales"],"featured_image_urls":{"full":["https:\/\/diariotiempo.com.uy\/noticias\/wp-content\/uploads\/2022\/07\/ANTEL.jpg",800,532,false],"thumbnail":["https:\/\/diariotiempo.com.uy\/noticias\/wp-content\/uploads\/2022\/07\/ANTEL-150x150.jpg",150,150,true],"medium":["https:\/\/diariotiempo.com.uy\/noticias\/wp-content\/uploads\/2022\/07\/ANTEL-300x200.jpg",300,200,true],"medium_large":["https:\/\/diariotiempo.com.uy\/noticias\/wp-content\/uploads\/2022\/07\/ANTEL-768x511.jpg",640,426,true],"large":["https:\/\/diariotiempo.com.uy\/noticias\/wp-content\/uploads\/2022\/07\/ANTEL.jpg",640,426,false],"rpg_gallery_admin_thumb":["https:\/\/diariotiempo.com.uy\/noticias\/wp-content\/uploads\/2022\/07\/ANTEL.jpg",150,100,false],"rpg_gallery_thumb":["https:\/\/diariotiempo.com.uy\/noticias\/wp-content\/uploads\/2022\/07\/ANTEL.jpg",150,100,false],"1536x1536":["https:\/\/diariotiempo.com.uy\/noticias\/wp-content\/uploads\/2022\/07\/ANTEL.jpg",800,532,false],"2048x2048":["https:\/\/diariotiempo.com.uy\/noticias\/wp-content\/uploads\/2022\/07\/ANTEL.jpg",800,532,false],"covernews-slider-full":["https:\/\/diariotiempo.com.uy\/noticias\/wp-content\/uploads\/2022\/07\/ANTEL.jpg",800,532,false],"covernews-slider-center":["https:\/\/diariotiempo.com.uy\/noticias\/wp-content\/uploads\/2022\/07\/ANTEL-800x500.jpg",800,500,true],"covernews-featured":["https:\/\/diariotiempo.com.uy\/noticias\/wp-content\/uploads\/2022\/07\/ANTEL.jpg",800,532,false],"covernews-medium":["https:\/\/diariotiempo.com.uy\/noticias\/wp-content\/uploads\/2022\/07\/ANTEL-540x340.jpg",540,340,true],"covernews-medium-square":["https:\/\/diariotiempo.com.uy\/noticias\/wp-content\/uploads\/2022\/07\/ANTEL-400x250.jpg",400,250,true]},"author_info":{"display_name":"diario","author_link":"https:\/\/diariotiempo.com.uy\/noticias\/author\/diario\/"},"category_info":"<a href=\"https:\/\/diariotiempo.com.uy\/noticias\/category\/nacionales\/\" rel=\"category tag\">NACIONALES<\/a>","tag_info":"NACIONALES","comment_count":"0","_links":{"self":[{"href":"https:\/\/diariotiempo.com.uy\/noticias\/wp-json\/wp\/v2\/posts\/6442","targetHints":{"allow":["GET"]}}],"collection":[{"href":"https:\/\/diariotiempo.com.uy\/noticias\/wp-json\/wp\/v2\/posts"}],"about":[{"href":"https:\/\/diariotiempo.com.uy\/noticias\/wp-json\/wp\/v2\/types\/post"}],"author":[{"embeddable":true,"href":"https:\/\/diariotiempo.com.uy\/noticias\/wp-json\/wp\/v2\/users\/1"}],"replies":[{"embeddable":true,"href":"https:\/\/diariotiempo.com.uy\/noticias\/wp-json\/wp\/v2\/comments?post=6442"}],"version-history":[{"count":1,"href":"https:\/\/diariotiempo.com.uy\/noticias\/wp-json\/wp\/v2\/posts\/6442\/revisions"}],"predecessor-version":[{"id":6444,"href":"https:\/\/diariotiempo.com.uy\/noticias\/wp-json\/wp\/v2\/posts\/6442\/revisions\/6444"}],"wp:featuredmedia":[{"embeddable":true,"href":"https:\/\/diariotiempo.com.uy\/noticias\/wp-json\/wp\/v2\/media\/6443"}],"wp:attachment":[{"href":"https:\/\/diariotiempo.com.uy\/noticias\/wp-json\/wp\/v2\/media?parent=6442"}],"wp:term":[{"taxonomy":"category","embeddable":true,"href":"https:\/\/diariotiempo.com.uy\/noticias\/wp-json\/wp\/v2\/categories?post=6442"},{"taxonomy":"post_tag","embeddable":true,"href":"https:\/\/diariotiempo.com.uy\/noticias\/wp-json\/wp\/v2\/tags?post=6442"}],"curies":[{"name":"wp","href":"https:\/\/api.w.org\/{rel}","templated":true}]}}