{"id":6712,"date":"2022-08-04T13:14:57","date_gmt":"2022-08-04T13:14:57","guid":{"rendered":"https:\/\/diariotiempo.com.uy\/noticias\/?p=6712"},"modified":"2022-08-04T13:14:58","modified_gmt":"2022-08-04T13:14:58","slug":"en-atlantida-comienza-ciclo-de-actividades-para-tratar-el-empleo-y-la-inclusion-laboral","status":"publish","type":"post","link":"https:\/\/diariotiempo.com.uy\/noticias\/2022\/08\/04\/en-atlantida-comienza-ciclo-de-actividades-para-tratar-el-empleo-y-la-inclusion-laboral\/","title":{"rendered":"En Atl\u00e1ntida comienza ciclo de actividades para tratar el empleo y la inclusi\u00f3n laboral"},"content":{"rendered":"\n<figure class=\"wp-block-image size-full\"><img loading=\"lazy\" decoding=\"async\" width=\"846\" height=\"356\" src=\"https:\/\/diariotiempo.com.uy\/noticias\/wp-content\/uploads\/2022\/08\/atlantida.jpg\" alt=\"\" class=\"wp-image-6713\" srcset=\"https:\/\/diariotiempo.com.uy\/noticias\/wp-content\/uploads\/2022\/08\/atlantida.jpg 846w, https:\/\/diariotiempo.com.uy\/noticias\/wp-content\/uploads\/2022\/08\/atlantida-300x126.jpg 300w, https:\/\/diariotiempo.com.uy\/noticias\/wp-content\/uploads\/2022\/08\/atlantida-768x323.jpg 768w\" sizes=\"auto, (max-width: 846px) 100vw, 846px\" \/><\/figure>\n\n\n\n<p>Cada mi\u00e9rcoles del mes de agosto se realizar\u00e1 una actividad similar en otras ciudades del<br>departamento de Canelones: Ciudad de la Costa, Canelones, Las Piedras, Tala y Pando.(P\u00c1G. 3)<\/p>\n\n\n\n<p>Hoy, a las 15:00 horas, el Ministerio de Trabajo y Seguridad Social (MTSS), a trav\u00e9s de la Direcci\u00f3n Nacional de Empleo (DINAE) y la Direcci\u00f3n Nacional de Coordinaci\u00f3n en el Interior (DINACOIN), iniciar\u00e1 un ciclo de actividades en el departamento de Canelones para tratar el empleo y la inclusi\u00f3n laboral, con \u00e9nfasis en la difusi\u00f3n de la Ley de Promoci\u00f3n del Empleo N\u00b0 19.973.<\/p>\n\n\n\n<p>Esta primera actividad se desarrollar\u00e1 en la Oficina de Trabajo del MTSS en Atl\u00e1ntida, con la presencia del ministro de Trabajo y Seguridad Social, Pablo Mieres, del director Nacional de Empleo, Daniel P\u00e9rez, y del director Nacional de Coordinaci\u00f3n en el Interior, Andr\u00e9s Prati.<\/p>\n\n\n\n<p>Cada mi\u00e9rcoles del mes de agosto se realizar\u00e1 una actividad similar en otras ciudades del departamento de Canelones: Ciudad de la Costa, Canelones, Las Piedras, Tala y Pando.<\/p>\n\n\n\n<p>La Ley de Promoci\u00f3n del Empleo busca fomentar la contrataci\u00f3n de determinados grupos de personas (j\u00f3venes, personas mayores de 45 a\u00f1os y personas con discapacidad), especialmente en situaci\u00f3n de vulnerabilidad, otorgando subsidios a las empresas.<\/p>\n","protected":false},"excerpt":{"rendered":"<p>Cada mi\u00e9rcoles del mes de agosto se realizar\u00e1 una actividad similar en otras ciudades deldepartamento&#8230;<\/p>\n","protected":false},"author":1,"featured_media":6713,"comment_status":"open","ping_status":"open","sticky":false,"template":"","format":"standard","meta":{"_monsterinsights_skip_tracking":false,"_monsterinsights_sitenote_active":false,"_monsterinsights_sitenote_note":"","_monsterinsights_sitenote_category":0,"footnotes":""},"categories":[25],"tags":[],"class_list":["post-6712","post","type-post","status-publish","format-standard","has-post-thumbnail","hentry","category-atlantida"],"featured_image_urls":{"full":["https:\/\/diariotiempo.com.uy\/noticias\/wp-content\/uploads\/2022\/08\/atlantida.jpg",846,356,false],"thumbnail":["https:\/\/diariotiempo.com.uy\/noticias\/wp-content\/uploads\/2022\/08\/atlantida-150x150.jpg",150,150,true],"medium":["https:\/\/diariotiempo.com.uy\/noticias\/wp-content\/uploads\/2022\/08\/atlantida-300x126.jpg",300,126,true],"medium_large":["https:\/\/diariotiempo.com.uy\/noticias\/wp-content\/uploads\/2022\/08\/atlantida-768x323.jpg",640,269,true],"large":["https:\/\/diariotiempo.com.uy\/noticias\/wp-content\/uploads\/2022\/08\/atlantida.jpg",640,269,false],"rpg_gallery_admin_thumb":["https:\/\/diariotiempo.com.uy\/noticias\/wp-content\/uploads\/2022\/08\/atlantida.jpg",150,63,false],"rpg_gallery_thumb":["https:\/\/diariotiempo.com.uy\/noticias\/wp-content\/uploads\/2022\/08\/atlantida.jpg",150,63,false],"1536x1536":["https:\/\/diariotiempo.com.uy\/noticias\/wp-content\/uploads\/2022\/08\/atlantida.jpg",846,356,false],"2048x2048":["https:\/\/diariotiempo.com.uy\/noticias\/wp-content\/uploads\/2022\/08\/atlantida.jpg",846,356,false],"covernews-slider-full":["https:\/\/diariotiempo.com.uy\/noticias\/wp-content\/uploads\/2022\/08\/atlantida.jpg",846,356,false],"covernews-slider-center":["https:\/\/diariotiempo.com.uy\/noticias\/wp-content\/uploads\/2022\/08\/atlantida-800x356.jpg",800,356,true],"covernews-featured":["https:\/\/diariotiempo.com.uy\/noticias\/wp-content\/uploads\/2022\/08\/atlantida.jpg",846,356,false],"covernews-medium":["https:\/\/diariotiempo.com.uy\/noticias\/wp-content\/uploads\/2022\/08\/atlantida-540x340.jpg",540,340,true],"covernews-medium-square":["https:\/\/diariotiempo.com.uy\/noticias\/wp-content\/uploads\/2022\/08\/atlantida-400x250.jpg",400,250,true]},"author_info":{"display_name":"diario","author_link":"https:\/\/diariotiempo.com.uy\/noticias\/author\/diario\/"},"category_info":"<a href=\"https:\/\/diariotiempo.com.uy\/noticias\/category\/departamental\/atlantida\/\" rel=\"category tag\">Atl\u00e1ntida<\/a>","tag_info":"Atl\u00e1ntida","comment_count":"0","_links":{"self":[{"href":"https:\/\/diariotiempo.com.uy\/noticias\/wp-json\/wp\/v2\/posts\/6712","targetHints":{"allow":["GET"]}}],"collection":[{"href":"https:\/\/diariotiempo.com.uy\/noticias\/wp-json\/wp\/v2\/posts"}],"about":[{"href":"https:\/\/diariotiempo.com.uy\/noticias\/wp-json\/wp\/v2\/types\/post"}],"author":[{"embeddable":true,"href":"https:\/\/diariotiempo.com.uy\/noticias\/wp-json\/wp\/v2\/users\/1"}],"replies":[{"embeddable":true,"href":"https:\/\/diariotiempo.com.uy\/noticias\/wp-json\/wp\/v2\/comments?post=6712"}],"version-history":[{"count":1,"href":"https:\/\/diariotiempo.com.uy\/noticias\/wp-json\/wp\/v2\/posts\/6712\/revisions"}],"predecessor-version":[{"id":6714,"href":"https:\/\/diariotiempo.com.uy\/noticias\/wp-json\/wp\/v2\/posts\/6712\/revisions\/6714"}],"wp:featuredmedia":[{"embeddable":true,"href":"https:\/\/diariotiempo.com.uy\/noticias\/wp-json\/wp\/v2\/media\/6713"}],"wp:attachment":[{"href":"https:\/\/diariotiempo.com.uy\/noticias\/wp-json\/wp\/v2\/media?parent=6712"}],"wp:term":[{"taxonomy":"category","embeddable":true,"href":"https:\/\/diariotiempo.com.uy\/noticias\/wp-json\/wp\/v2\/categories?post=6712"},{"taxonomy":"post_tag","embeddable":true,"href":"https:\/\/diariotiempo.com.uy\/noticias\/wp-json\/wp\/v2\/tags?post=6712"}],"curies":[{"name":"wp","href":"https:\/\/api.w.org\/{rel}","templated":true}]}}