{"id":6782,"date":"2022-08-08T15:30:21","date_gmt":"2022-08-08T15:30:21","guid":{"rendered":"https:\/\/diariotiempo.com.uy\/noticias\/?p=6782"},"modified":"2022-08-08T15:30:22","modified_gmt":"2022-08-08T15:30:22","slug":"avanzan-las-obras-de-la-nueva-sede-del-museo-de-la-uva-y-el-vino","status":"publish","type":"post","link":"https:\/\/diariotiempo.com.uy\/noticias\/2022\/08\/08\/avanzan-las-obras-de-la-nueva-sede-del-museo-de-la-uva-y-el-vino\/","title":{"rendered":"Avanzan las obras de la nueva sede del museo de la uva y el vino"},"content":{"rendered":"\n<figure class=\"wp-block-image size-full\"><img loading=\"lazy\" decoding=\"async\" width=\"800\" height=\"432\" src=\"https:\/\/diariotiempo.com.uy\/noticias\/wp-content\/uploads\/2022\/08\/uva.jpg\" alt=\"\" class=\"wp-image-6783\" srcset=\"https:\/\/diariotiempo.com.uy\/noticias\/wp-content\/uploads\/2022\/08\/uva.jpg 800w, https:\/\/diariotiempo.com.uy\/noticias\/wp-content\/uploads\/2022\/08\/uva-300x162.jpg 300w, https:\/\/diariotiempo.com.uy\/noticias\/wp-content\/uploads\/2022\/08\/uva-768x415.jpg 768w\" sizes=\"auto, (max-width: 800px) 100vw, 800px\" \/><\/figure>\n\n\n\n<p>Autoridades departamentales y locales, junto con la Asociaci\u00f3n de Amigos del Museo de la Uva y el Vino, realizaron una recorrida por las obras del proyecto edilicio y museol\u00f3gico de la nueva sede del Museo de la Uva y el Vino (MUV), instalado en la Escuela Superior de Vitivinicultura Presidente Tom\u00e1s Berreta del Consejo de Educaci\u00f3n T\u00e9cnico Profesional (CETP), que se ubica en la zona de El Colorado en el Municipio de Las Piedras.<br>El objetivo del proyecto es generar un centro de referencia del vino y su cultura a nivel nacional e internacional. En esta propuesta participan instituciones p\u00fablicas y privadas del sector vitivin\u00edcola, de la educaci\u00f3n, de la cultura, del turismo, del ocio y de la recreaci\u00f3n.<br>Hacia la concreci\u00f3n del Polo Vitivin\u00edcola Metropolitano<br>El Coordinador del proyecto del Polo Vitivin\u00edcola Metropolitano, Prof. Juan Carbajal, coment\u00f3 que el traslado del MUV (actualmente ubicado en el Parque Tem\u00e1tico Canario en Las Piedras) a la escuela tendr\u00e1 un impacto positivo. \u201cLa sinergia que se va a generar con la instalaci\u00f3n del museo, INAVI cerca, la sede de los en\u00f3logos y la propia escuela, le va a dar un antes y un despu\u00e9s a la zona. Se va a transformar realmente en un Polo Vitivin\u00edcola Metropolitano\u201d, manifest\u00f3.<br>Por su parte, la Directora de la Direcci\u00f3n de Acondicionamiento Urbano de la Intendencia de Canelones, Arq. Mar\u00eda Eugenia Gonz\u00e1lez, enfatiz\u00f3 que la idea \u201ces poder mudar a un subsuelo de 327 m\u00b2 la exposici\u00f3n permanente del museo. A futuro, en una segunda etapa, en planta alta prevemos un espacio de unos 300 m\u00b2 m\u00e1s\u201d. A su vez, agreg\u00f3 que \u201cla obra se ejecuta por contrapartida del fondo de gesti\u00f3n urbana con una inversi\u00f3n de unos $ 10.000.000 y ya estamos llegando al 80 % de avance\u201d.<br>En tanto, el Alcalde del Municipio de Las Piedras, Gustavo Gonz\u00e1lez, se\u00f1al\u00f3 que se tom\u00f3 \u201cla decisi\u00f3n de instalarlo en este lugar, que est\u00e1 mucho m\u00e1s integrado al \u00e1mbito laboral, educativo y al entorno productivo. Adem\u00e1s, el hecho de poder visibilizar en este punto todo lo que tiene que ver con la uva y el vino y poder integrar a la comunidad es algo importante\u201d.<br>Sobre el proyecto<br>El paisaje cultural vitivin\u00edcola en el predio de la escuela y en el territorio circundante \u2013en conjunto con el edificio declarado Monumento Hist\u00f3rico Nacional\u2013 constituye un relevante complejo patrimonial que, junto con la instalaci\u00f3n del museo y sus actividades, le permitir\u00e1 a quien lo conozca tomar contacto directo con la historia, la tradici\u00f3n, la esencia y el presente de la vitivinicultura en Uruguay. El museo forma parte, a su vez, del Polo Vitivin\u00edcola Metropolitano, un proyecto dirigido al enoturismo aprobado por la Agencia Nacional de Desarrollo (ANDE).<br>El proyecto general del nuevo MUV consta de dos plantas, una en el subsuelo de la actual escuela \u2013en ejecuci\u00f3n\u2013 y otra en planta baja, a construirse en una etapa posterior. La primera etapa implica la intervenci\u00f3n de un \u00e1rea de 327 m\u00b2: 300 m\u00b2 en subsuelo, donde se instalar\u00e1 el museo propiamente dicho con una exposici\u00f3n permanente, una oficina y dep\u00f3sito, y 27 m\u00b2 en planta baja que corresponden al volumen de acceso con escalera y la previsi\u00f3n del foso para un futuro ascensor. Esta obra se realiza por contrapartida en el marco del Fondo de Gesti\u00f3n Urbana por un monto de $ 10.000.000.<br>En la parte superior (segunda etapa) se proyecta instalar un centro de informaci\u00f3n tur\u00edstica, kil\u00f3metro 0 del enoturismo, una sala de reuniones, un espacio para eventos y\/o degustaciones, boutique y espacios destinados a oficinas de asociaciones vinculadas al sector: Asociaci\u00f3n de Turismo Enol\u00f3gico del Uruguay (ATEU), Asociaci\u00f3n de Bodegas Exportadoras (ABE), Asociaci\u00f3n Nacional de Bodegueros (ANB), Asociaci\u00f3n de Sommeliers del Uruguay (AUSP) y Asociaci\u00f3n de Amigos del MUV. El hecho de concentrar todos estos intereses y aunarlos en objetivos comunes dar\u00e1 como resultado la m\u00e1xima optimizaci\u00f3n de recursos y resultados, permiti\u00e9ndoles tanto a estudiantes, trabajadores, t\u00e9cnicos y profesionales del sector como a la industria, la poblaci\u00f3n de la zona y el p\u00fablico en general el m\u00e1ximo aprovechamiento de este patrimonio y la mejora de la calidad de la experiencia de toma de contacto con el universo de la uva y el vino.<\/p>\n","protected":false},"excerpt":{"rendered":"<p>Autoridades departamentales y locales, junto con la Asociaci\u00f3n de Amigos del Museo de la Uva&#8230;<\/p>\n","protected":false},"author":1,"featured_media":6783,"comment_status":"open","ping_status":"open","sticky":false,"template":"","format":"standard","meta":{"_monsterinsights_skip_tracking":false,"_monsterinsights_sitenote_active":false,"_monsterinsights_sitenote_note":"","_monsterinsights_sitenote_category":0,"footnotes":""},"categories":[93],"tags":[],"class_list":["post-6782","post","type-post","status-publish","format-standard","has-post-thumbnail","hentry","category-las-piedras"],"featured_image_urls":{"full":["https:\/\/diariotiempo.com.uy\/noticias\/wp-content\/uploads\/2022\/08\/uva.jpg",800,432,false],"thumbnail":["https:\/\/diariotiempo.com.uy\/noticias\/wp-content\/uploads\/2022\/08\/uva-150x150.jpg",150,150,true],"medium":["https:\/\/diariotiempo.com.uy\/noticias\/wp-content\/uploads\/2022\/08\/uva-300x162.jpg",300,162,true],"medium_large":["https:\/\/diariotiempo.com.uy\/noticias\/wp-content\/uploads\/2022\/08\/uva-768x415.jpg",640,346,true],"large":["https:\/\/diariotiempo.com.uy\/noticias\/wp-content\/uploads\/2022\/08\/uva.jpg",640,346,false],"rpg_gallery_admin_thumb":["https:\/\/diariotiempo.com.uy\/noticias\/wp-content\/uploads\/2022\/08\/uva.jpg",150,81,false],"rpg_gallery_thumb":["https:\/\/diariotiempo.com.uy\/noticias\/wp-content\/uploads\/2022\/08\/uva.jpg",150,81,false],"1536x1536":["https:\/\/diariotiempo.com.uy\/noticias\/wp-content\/uploads\/2022\/08\/uva.jpg",800,432,false],"2048x2048":["https:\/\/diariotiempo.com.uy\/noticias\/wp-content\/uploads\/2022\/08\/uva.jpg",800,432,false],"covernews-slider-full":["https:\/\/diariotiempo.com.uy\/noticias\/wp-content\/uploads\/2022\/08\/uva.jpg",800,432,false],"covernews-slider-center":["https:\/\/diariotiempo.com.uy\/noticias\/wp-content\/uploads\/2022\/08\/uva.jpg",800,432,false],"covernews-featured":["https:\/\/diariotiempo.com.uy\/noticias\/wp-content\/uploads\/2022\/08\/uva.jpg",800,432,false],"covernews-medium":["https:\/\/diariotiempo.com.uy\/noticias\/wp-content\/uploads\/2022\/08\/uva-540x340.jpg",540,340,true],"covernews-medium-square":["https:\/\/diariotiempo.com.uy\/noticias\/wp-content\/uploads\/2022\/08\/uva-400x250.jpg",400,250,true]},"author_info":{"display_name":"diario","author_link":"https:\/\/diariotiempo.com.uy\/noticias\/author\/diario\/"},"category_info":"<a href=\"https:\/\/diariotiempo.com.uy\/noticias\/category\/departamental\/las-piedras\/\" rel=\"category tag\">Las Piedras<\/a>","tag_info":"Las Piedras","comment_count":"0","_links":{"self":[{"href":"https:\/\/diariotiempo.com.uy\/noticias\/wp-json\/wp\/v2\/posts\/6782","targetHints":{"allow":["GET"]}}],"collection":[{"href":"https:\/\/diariotiempo.com.uy\/noticias\/wp-json\/wp\/v2\/posts"}],"about":[{"href":"https:\/\/diariotiempo.com.uy\/noticias\/wp-json\/wp\/v2\/types\/post"}],"author":[{"embeddable":true,"href":"https:\/\/diariotiempo.com.uy\/noticias\/wp-json\/wp\/v2\/users\/1"}],"replies":[{"embeddable":true,"href":"https:\/\/diariotiempo.com.uy\/noticias\/wp-json\/wp\/v2\/comments?post=6782"}],"version-history":[{"count":1,"href":"https:\/\/diariotiempo.com.uy\/noticias\/wp-json\/wp\/v2\/posts\/6782\/revisions"}],"predecessor-version":[{"id":6784,"href":"https:\/\/diariotiempo.com.uy\/noticias\/wp-json\/wp\/v2\/posts\/6782\/revisions\/6784"}],"wp:featuredmedia":[{"embeddable":true,"href":"https:\/\/diariotiempo.com.uy\/noticias\/wp-json\/wp\/v2\/media\/6783"}],"wp:attachment":[{"href":"https:\/\/diariotiempo.com.uy\/noticias\/wp-json\/wp\/v2\/media?parent=6782"}],"wp:term":[{"taxonomy":"category","embeddable":true,"href":"https:\/\/diariotiempo.com.uy\/noticias\/wp-json\/wp\/v2\/categories?post=6782"},{"taxonomy":"post_tag","embeddable":true,"href":"https:\/\/diariotiempo.com.uy\/noticias\/wp-json\/wp\/v2\/tags?post=6782"}],"curies":[{"name":"wp","href":"https:\/\/api.w.org\/{rel}","templated":true}]}}