{"id":6804,"date":"2022-08-10T16:41:10","date_gmt":"2022-08-10T16:41:10","guid":{"rendered":"https:\/\/diariotiempo.com.uy\/noticias\/?p=6804"},"modified":"2022-08-10T16:41:11","modified_gmt":"2022-08-10T16:41:11","slug":"uruguay-y-brasil-avanzan-en-hidrovia-laguna-merin-laguna-de-los-patos","status":"publish","type":"post","link":"https:\/\/diariotiempo.com.uy\/noticias\/2022\/08\/10\/uruguay-y-brasil-avanzan-en-hidrovia-laguna-merin-laguna-de-los-patos\/","title":{"rendered":"Uruguay y Brasil avanzan en hidrov\u00eda Laguna Mer\u00edn-Laguna de los Patos"},"content":{"rendered":"\n<figure class=\"wp-block-image size-full\"><img loading=\"lazy\" decoding=\"async\" width=\"800\" height=\"471\" src=\"https:\/\/diariotiempo.com.uy\/noticias\/wp-content\/uploads\/2022\/08\/LAGUNA.jpg\" alt=\"\" class=\"wp-image-6805\" srcset=\"https:\/\/diariotiempo.com.uy\/noticias\/wp-content\/uploads\/2022\/08\/LAGUNA.jpg 800w, https:\/\/diariotiempo.com.uy\/noticias\/wp-content\/uploads\/2022\/08\/LAGUNA-300x177.jpg 300w, https:\/\/diariotiempo.com.uy\/noticias\/wp-content\/uploads\/2022\/08\/LAGUNA-768x452.jpg 768w\" sizes=\"auto, (max-width: 800px) 100vw, 800px\" \/><\/figure>\n\n\n\n<p>El subsecretario de Transporte y Obras P\u00fablicas, Juan Jos\u00e9 Olaizola, reconoci\u00f3 que hay un \u201cintercambio muy fluido\u201d de trabajo entre las delegaciones gubernamentales de ambos pa\u00edses para concretar la hidrov\u00eda Laguna Mer\u00edn-Laguna de los Patos. El puerto Tacuar\u00ed, incluido en el proyecto, est\u00e1 concebido como una terminal granelera para aportar ventajas log\u00edsticas a la producci\u00f3n exportable del noroeste y este del pa\u00eds, agreg\u00f3.<br>Juan Jos\u00e9 OlaizolaOlaizola inform\u00f3 este 8 de agosto a Comunicaci\u00f3n Presidencial que en los \u00faltimos d\u00edas recorri\u00f3, junto al intendente de Cerro Largo, Jos\u00e9 Yurramendi, empresarios brasile\u00f1os y representantes del proyecto Puerto Tacuar\u00ed (Fadisol S.A.), la zona prevista para el emplazamiento portuario que estar\u00e1 ubicado a 3,5 kil\u00f3metros de la desembocadura del r\u00edo hom\u00f3nimo en la laguna Mer\u00edn.<br>La visita se complement\u00f3 con una videoconferencia de la que particip\u00f3 junto al subsecretario de Ganader\u00eda, Agricultura y Pesca, Juan Buffa, encargado de realizar ante autoridades brasile\u00f1as una \u201cpormenorizada exposici\u00f3n\u201d sobre las cargas agr\u00edcolas en la regi\u00f3n y el potencial futuro en la hidrov\u00eda Laguna Mer\u00edn-Laguna de los Patos.<br>En ese sentido, el jerarca record\u00f3 que delegaciones de ambos pa\u00edses trabajan desde inicios de 2021 y el intercambio es \u201cmuy fluido\u201d para concretar el proyecto de integraci\u00f3n fluvial binacional. Agreg\u00f3 que el Gobierno de Brasil constituy\u00f3, en mayo, un grupo de trabajo integrado por representantes de los ministerios de Transporte e Infraestructura y la Agencia Nacional de Transporte Acu\u00e1tico, entre otros actores, a fin de analizar la factibilidad econ\u00f3mica de un proyecto de empresarios brasile\u00f1os para reactivar la hidrov\u00eda.<br>En el caso de la iniciativa del puerto Tacuar\u00ed, que forma parte del proyecto global, dijo que est\u00e1 concebido como terminal granelera, principalmente de arroz y soja, y contempla la posibilidad de incorporar a largo plazo otras terminales para maderas o productos calc\u00e1reos que se puedan transportar por ambas lagunas.<br>\u201cAtr\u00e1s de proyectos como este, se pretende optimizar los costos log\u00edsticos, en este caso, de salida de la producci\u00f3n exportable de nuestro pa\u00eds (en particular de las zonas noroeste y este) hacia el puerto (brasile\u00f1o) de R\u00edo Grande\u201d, sostuvo.<br>Olaizola expres\u00f3 que Brasil, que mantiene una \u201cpresencia fluvial importante\u201d en la Laguna de los Patos, deber\u00e1 dragar el canal San Gonzalo en la zona de Sangra Douro, en una extensi\u00f3n de 8 kil\u00f3metros, adem\u00e1s de hacerse cargo del balizamiento y se\u00f1alizaci\u00f3n de la laguna Mer\u00edn para permitir la navegaci\u00f3n.<\/p>\n","protected":false},"excerpt":{"rendered":"<p>El subsecretario de Transporte y Obras P\u00fablicas, Juan Jos\u00e9 Olaizola, reconoci\u00f3 que hay un \u201cintercambio&#8230;<\/p>\n","protected":false},"author":1,"featured_media":6805,"comment_status":"open","ping_status":"open","sticky":false,"template":"","format":"standard","meta":{"_monsterinsights_skip_tracking":false,"_monsterinsights_sitenote_active":false,"_monsterinsights_sitenote_note":"","_monsterinsights_sitenote_category":0,"footnotes":""},"categories":[79],"tags":[],"class_list":["post-6804","post","type-post","status-publish","format-standard","has-post-thumbnail","hentry","category-nacionales"],"featured_image_urls":{"full":["https:\/\/diariotiempo.com.uy\/noticias\/wp-content\/uploads\/2022\/08\/LAGUNA.jpg",800,471,false],"thumbnail":["https:\/\/diariotiempo.com.uy\/noticias\/wp-content\/uploads\/2022\/08\/LAGUNA-150x150.jpg",150,150,true],"medium":["https:\/\/diariotiempo.com.uy\/noticias\/wp-content\/uploads\/2022\/08\/LAGUNA-300x177.jpg",300,177,true],"medium_large":["https:\/\/diariotiempo.com.uy\/noticias\/wp-content\/uploads\/2022\/08\/LAGUNA-768x452.jpg",640,377,true],"large":["https:\/\/diariotiempo.com.uy\/noticias\/wp-content\/uploads\/2022\/08\/LAGUNA.jpg",640,377,false],"rpg_gallery_admin_thumb":["https:\/\/diariotiempo.com.uy\/noticias\/wp-content\/uploads\/2022\/08\/LAGUNA.jpg",150,88,false],"rpg_gallery_thumb":["https:\/\/diariotiempo.com.uy\/noticias\/wp-content\/uploads\/2022\/08\/LAGUNA.jpg",150,88,false],"1536x1536":["https:\/\/diariotiempo.com.uy\/noticias\/wp-content\/uploads\/2022\/08\/LAGUNA.jpg",800,471,false],"2048x2048":["https:\/\/diariotiempo.com.uy\/noticias\/wp-content\/uploads\/2022\/08\/LAGUNA.jpg",800,471,false],"covernews-slider-full":["https:\/\/diariotiempo.com.uy\/noticias\/wp-content\/uploads\/2022\/08\/LAGUNA.jpg",800,471,false],"covernews-slider-center":["https:\/\/diariotiempo.com.uy\/noticias\/wp-content\/uploads\/2022\/08\/LAGUNA.jpg",800,471,false],"covernews-featured":["https:\/\/diariotiempo.com.uy\/noticias\/wp-content\/uploads\/2022\/08\/LAGUNA.jpg",800,471,false],"covernews-medium":["https:\/\/diariotiempo.com.uy\/noticias\/wp-content\/uploads\/2022\/08\/LAGUNA-540x340.jpg",540,340,true],"covernews-medium-square":["https:\/\/diariotiempo.com.uy\/noticias\/wp-content\/uploads\/2022\/08\/LAGUNA-400x250.jpg",400,250,true]},"author_info":{"display_name":"diario","author_link":"https:\/\/diariotiempo.com.uy\/noticias\/author\/diario\/"},"category_info":"<a href=\"https:\/\/diariotiempo.com.uy\/noticias\/category\/nacionales\/\" rel=\"category tag\">NACIONALES<\/a>","tag_info":"NACIONALES","comment_count":"0","_links":{"self":[{"href":"https:\/\/diariotiempo.com.uy\/noticias\/wp-json\/wp\/v2\/posts\/6804","targetHints":{"allow":["GET"]}}],"collection":[{"href":"https:\/\/diariotiempo.com.uy\/noticias\/wp-json\/wp\/v2\/posts"}],"about":[{"href":"https:\/\/diariotiempo.com.uy\/noticias\/wp-json\/wp\/v2\/types\/post"}],"author":[{"embeddable":true,"href":"https:\/\/diariotiempo.com.uy\/noticias\/wp-json\/wp\/v2\/users\/1"}],"replies":[{"embeddable":true,"href":"https:\/\/diariotiempo.com.uy\/noticias\/wp-json\/wp\/v2\/comments?post=6804"}],"version-history":[{"count":1,"href":"https:\/\/diariotiempo.com.uy\/noticias\/wp-json\/wp\/v2\/posts\/6804\/revisions"}],"predecessor-version":[{"id":6806,"href":"https:\/\/diariotiempo.com.uy\/noticias\/wp-json\/wp\/v2\/posts\/6804\/revisions\/6806"}],"wp:featuredmedia":[{"embeddable":true,"href":"https:\/\/diariotiempo.com.uy\/noticias\/wp-json\/wp\/v2\/media\/6805"}],"wp:attachment":[{"href":"https:\/\/diariotiempo.com.uy\/noticias\/wp-json\/wp\/v2\/media?parent=6804"}],"wp:term":[{"taxonomy":"category","embeddable":true,"href":"https:\/\/diariotiempo.com.uy\/noticias\/wp-json\/wp\/v2\/categories?post=6804"},{"taxonomy":"post_tag","embeddable":true,"href":"https:\/\/diariotiempo.com.uy\/noticias\/wp-json\/wp\/v2\/tags?post=6804"}],"curies":[{"name":"wp","href":"https:\/\/api.w.org\/{rel}","templated":true}]}}