{"id":6878,"date":"2022-08-15T15:01:45","date_gmt":"2022-08-15T15:01:45","guid":{"rendered":"https:\/\/diariotiempo.com.uy\/noticias\/?p=6878"},"modified":"2022-08-15T15:01:46","modified_gmt":"2022-08-15T15:01:46","slug":"el-intendente-de-colonia-recibio-a-la-organizacion-de-la-prensa-del-interior","status":"publish","type":"post","link":"https:\/\/diariotiempo.com.uy\/noticias\/2022\/08\/15\/el-intendente-de-colonia-recibio-a-la-organizacion-de-la-prensa-del-interior\/","title":{"rendered":"El INTENDENTE DE COLONIA RECIBI\u00d3 A LA ORGANIZACI\u00d3N DE LA PRENSA DEL INTERIOR"},"content":{"rendered":"\n<p>El Intendente de Colonia Dr. Carlos Moreira Reisch recibi\u00f3 en su despacho a una delegaci\u00f3n de la Organizaci\u00f3n de la Prensa del Interior integrada por el pasado presidente Cr. Diego Guerrero, Alejandro Olmedo, Presidente de OPI y Daniel Mesa, Secretario. Se encontraba presente el director de RR.PP. Jorge Torres Badell.<\/p>\n\n\n\n<p>Los representantes de la Organizaci\u00f3n explicaron al Intendente el motivo de la recorrida por Colonia y el Intendente relat\u00f3 el relacionamiento de la Intendencia con los medios de su departamento.<\/p>\n","protected":false},"excerpt":{"rendered":"<p>El Intendente de Colonia Dr. Carlos Moreira Reisch recibi\u00f3 en su despacho a una delegaci\u00f3n&#8230;<\/p>\n","protected":false},"author":1,"featured_media":6879,"comment_status":"open","ping_status":"open","sticky":false,"template":"","format":"standard","meta":{"_monsterinsights_skip_tracking":false,"_monsterinsights_sitenote_active":false,"_monsterinsights_sitenote_note":"","_monsterinsights_sitenote_category":0,"footnotes":""},"categories":[79],"tags":[],"class_list":["post-6878","post","type-post","status-publish","format-standard","has-post-thumbnail","hentry","category-nacionales"],"featured_image_urls":{"full":["https:\/\/diariotiempo.com.uy\/noticias\/wp-content\/uploads\/2022\/08\/opi-1.jpg",340,221,false],"thumbnail":["https:\/\/diariotiempo.com.uy\/noticias\/wp-content\/uploads\/2022\/08\/opi-1-150x150.jpg",150,150,true],"medium":["https:\/\/diariotiempo.com.uy\/noticias\/wp-content\/uploads\/2022\/08\/opi-1-300x195.jpg",300,195,true],"medium_large":["https:\/\/diariotiempo.com.uy\/noticias\/wp-content\/uploads\/2022\/08\/opi-1.jpg",340,221,false],"large":["https:\/\/diariotiempo.com.uy\/noticias\/wp-content\/uploads\/2022\/08\/opi-1.jpg",340,221,false],"rpg_gallery_admin_thumb":["https:\/\/diariotiempo.com.uy\/noticias\/wp-content\/uploads\/2022\/08\/opi-1.jpg",150,98,false],"rpg_gallery_thumb":["https:\/\/diariotiempo.com.uy\/noticias\/wp-content\/uploads\/2022\/08\/opi-1.jpg",150,98,false],"1536x1536":["https:\/\/diariotiempo.com.uy\/noticias\/wp-content\/uploads\/2022\/08\/opi-1.jpg",340,221,false],"2048x2048":["https:\/\/diariotiempo.com.uy\/noticias\/wp-content\/uploads\/2022\/08\/opi-1.jpg",340,221,false],"covernews-slider-full":["https:\/\/diariotiempo.com.uy\/noticias\/wp-content\/uploads\/2022\/08\/opi-1.jpg",340,221,false],"covernews-slider-center":["https:\/\/diariotiempo.com.uy\/noticias\/wp-content\/uploads\/2022\/08\/opi-1.jpg",340,221,false],"covernews-featured":["https:\/\/diariotiempo.com.uy\/noticias\/wp-content\/uploads\/2022\/08\/opi-1.jpg",340,221,false],"covernews-medium":["https:\/\/diariotiempo.com.uy\/noticias\/wp-content\/uploads\/2022\/08\/opi-1.jpg",340,221,false],"covernews-medium-square":["https:\/\/diariotiempo.com.uy\/noticias\/wp-content\/uploads\/2022\/08\/opi-1.jpg",340,221,false]},"author_info":{"display_name":"diario","author_link":"https:\/\/diariotiempo.com.uy\/noticias\/author\/diario\/"},"category_info":"<a href=\"https:\/\/diariotiempo.com.uy\/noticias\/category\/nacionales\/\" rel=\"category tag\">NACIONALES<\/a>","tag_info":"NACIONALES","comment_count":"0","_links":{"self":[{"href":"https:\/\/diariotiempo.com.uy\/noticias\/wp-json\/wp\/v2\/posts\/6878","targetHints":{"allow":["GET"]}}],"collection":[{"href":"https:\/\/diariotiempo.com.uy\/noticias\/wp-json\/wp\/v2\/posts"}],"about":[{"href":"https:\/\/diariotiempo.com.uy\/noticias\/wp-json\/wp\/v2\/types\/post"}],"author":[{"embeddable":true,"href":"https:\/\/diariotiempo.com.uy\/noticias\/wp-json\/wp\/v2\/users\/1"}],"replies":[{"embeddable":true,"href":"https:\/\/diariotiempo.com.uy\/noticias\/wp-json\/wp\/v2\/comments?post=6878"}],"version-history":[{"count":1,"href":"https:\/\/diariotiempo.com.uy\/noticias\/wp-json\/wp\/v2\/posts\/6878\/revisions"}],"predecessor-version":[{"id":6880,"href":"https:\/\/diariotiempo.com.uy\/noticias\/wp-json\/wp\/v2\/posts\/6878\/revisions\/6880"}],"wp:featuredmedia":[{"embeddable":true,"href":"https:\/\/diariotiempo.com.uy\/noticias\/wp-json\/wp\/v2\/media\/6879"}],"wp:attachment":[{"href":"https:\/\/diariotiempo.com.uy\/noticias\/wp-json\/wp\/v2\/media?parent=6878"}],"wp:term":[{"taxonomy":"category","embeddable":true,"href":"https:\/\/diariotiempo.com.uy\/noticias\/wp-json\/wp\/v2\/categories?post=6878"},{"taxonomy":"post_tag","embeddable":true,"href":"https:\/\/diariotiempo.com.uy\/noticias\/wp-json\/wp\/v2\/tags?post=6878"}],"curies":[{"name":"wp","href":"https:\/\/api.w.org\/{rel}","templated":true}]}}