{"id":6906,"date":"2022-08-17T17:29:47","date_gmt":"2022-08-17T17:29:47","guid":{"rendered":"https:\/\/diariotiempo.com.uy\/noticias\/?p=6906"},"modified":"2022-08-17T17:29:48","modified_gmt":"2022-08-17T17:29:48","slug":"gobierno-decreto-atencion-universal-y-gratuita-para-tratamiento-hiperagudo-del-acv","status":"publish","type":"post","link":"https:\/\/diariotiempo.com.uy\/noticias\/2022\/08\/17\/gobierno-decreto-atencion-universal-y-gratuita-para-tratamiento-hiperagudo-del-acv\/","title":{"rendered":"Gobierno decret\u00f3 atenci\u00f3n universal y gratuita para tratamiento hiperagudo del ACV"},"content":{"rendered":"\n<figure class=\"wp-block-image size-full\"><img loading=\"lazy\" decoding=\"async\" width=\"800\" height=\"471\" src=\"https:\/\/diariotiempo.com.uy\/noticias\/wp-content\/uploads\/2022\/08\/salinas.jpg\" alt=\"\" class=\"wp-image-6907\" srcset=\"https:\/\/diariotiempo.com.uy\/noticias\/wp-content\/uploads\/2022\/08\/salinas.jpg 800w, https:\/\/diariotiempo.com.uy\/noticias\/wp-content\/uploads\/2022\/08\/salinas-300x177.jpg 300w, https:\/\/diariotiempo.com.uy\/noticias\/wp-content\/uploads\/2022\/08\/salinas-768x452.jpg 768w\" sizes=\"auto, (max-width: 800px) 100vw, 800px\" \/><\/figure>\n\n\n\n<p>En di\u00e1logo con Comunicaci\u00f3n Presidencial, Salinas indic\u00f3, este 15 de agosto, que el Ministerio de Salud P\u00fablica trabaj\u00f3 mucho tiempo con las direcciones departamentales de Salud, en el relevamiento territorial de los centros con tom\u00f3grafos, los servicios de tratamientos intensivos y los de formaci\u00f3n en recursos humanos, para lograr que la atenci\u00f3n en los casos de ACV fuera universal y gratuita.<\/p>\n\n\n\n<p>El jerarca aclar\u00f3 que antes el problema frente a este tipo de emergencias era que, si la persona afectada estaba fuera de su departamento de residencia, eran necesarias consultas burocr\u00e1ticas. Desde ahora, la nueva normativa indica que los pacientes recibir\u00e1n el tratamiento con precio arancelado en todo el pa\u00eds. \u00abSe deja un sistema aceitado que evita aspectos burocr\u00e1ticos\u00bb, precis\u00f3.<\/p>\n\n\n\n<p>Salinas precis\u00f3 que el tiempo de atenci\u00f3n es clave para pacientes con un ACV, debe recibirla de inmediato ante los primeros s\u00edntomas y evitar no exceder las cuatro horas y media desde que se constata la alerta.<\/p>\n\n\n\n<p>Los s\u00edntomas pueden incluir una instalaci\u00f3n brusca de una debilidad con p\u00e9rdida de fuerza de un brazo o una pierna, una asimetr\u00eda facial, v\u00f3mitos o trastornos de la visi\u00f3n, entre otros. En Uruguay las estad\u00edsticas registran 4.740 casos de ACV al a\u00f1o, de los cuales en un tercio se registra mortalidad inmediata, en otro se logra la recuperaci\u00f3n con asistencia a tiempo y en el restante se ocasiona una invalidez.<\/p>\n\n\n\n<p>Salinas agreg\u00f3 que el decreto agrega el procedimiento de trombectom\u00eda mec\u00e1nica al Fondo Nacional de Recursos, intervenci\u00f3n necesaria para el tratamiento de la arteria obstruida. Seg\u00fan explic\u00f3, hasta el momento se pagaban altas sumas de dinero para recibir esa atenci\u00f3n; ahora se han realizado 40 procedimientos en 7 centros habilitados. \u00abEs la diferencia entre tener o no una hemiplejia o una afasia\u00bb, finaliz\u00f3.<\/p>\n","protected":false},"excerpt":{"rendered":"<p>En di\u00e1logo con Comunicaci\u00f3n Presidencial, Salinas indic\u00f3, este 15 de agosto, que el Ministerio de&#8230;<\/p>\n","protected":false},"author":1,"featured_media":6907,"comment_status":"open","ping_status":"open","sticky":false,"template":"","format":"standard","meta":{"_monsterinsights_skip_tracking":false,"_monsterinsights_sitenote_active":false,"_monsterinsights_sitenote_note":"","_monsterinsights_sitenote_category":0,"footnotes":""},"categories":[79],"tags":[],"class_list":["post-6906","post","type-post","status-publish","format-standard","has-post-thumbnail","hentry","category-nacionales"],"featured_image_urls":{"full":["https:\/\/diariotiempo.com.uy\/noticias\/wp-content\/uploads\/2022\/08\/salinas.jpg",800,471,false],"thumbnail":["https:\/\/diariotiempo.com.uy\/noticias\/wp-content\/uploads\/2022\/08\/salinas-150x150.jpg",150,150,true],"medium":["https:\/\/diariotiempo.com.uy\/noticias\/wp-content\/uploads\/2022\/08\/salinas-300x177.jpg",300,177,true],"medium_large":["https:\/\/diariotiempo.com.uy\/noticias\/wp-content\/uploads\/2022\/08\/salinas-768x452.jpg",640,377,true],"large":["https:\/\/diariotiempo.com.uy\/noticias\/wp-content\/uploads\/2022\/08\/salinas.jpg",640,377,false],"rpg_gallery_admin_thumb":["https:\/\/diariotiempo.com.uy\/noticias\/wp-content\/uploads\/2022\/08\/salinas.jpg",150,88,false],"rpg_gallery_thumb":["https:\/\/diariotiempo.com.uy\/noticias\/wp-content\/uploads\/2022\/08\/salinas.jpg",150,88,false],"1536x1536":["https:\/\/diariotiempo.com.uy\/noticias\/wp-content\/uploads\/2022\/08\/salinas.jpg",800,471,false],"2048x2048":["https:\/\/diariotiempo.com.uy\/noticias\/wp-content\/uploads\/2022\/08\/salinas.jpg",800,471,false],"covernews-slider-full":["https:\/\/diariotiempo.com.uy\/noticias\/wp-content\/uploads\/2022\/08\/salinas.jpg",800,471,false],"covernews-slider-center":["https:\/\/diariotiempo.com.uy\/noticias\/wp-content\/uploads\/2022\/08\/salinas.jpg",800,471,false],"covernews-featured":["https:\/\/diariotiempo.com.uy\/noticias\/wp-content\/uploads\/2022\/08\/salinas.jpg",800,471,false],"covernews-medium":["https:\/\/diariotiempo.com.uy\/noticias\/wp-content\/uploads\/2022\/08\/salinas-540x340.jpg",540,340,true],"covernews-medium-square":["https:\/\/diariotiempo.com.uy\/noticias\/wp-content\/uploads\/2022\/08\/salinas-400x250.jpg",400,250,true]},"author_info":{"display_name":"diario","author_link":"https:\/\/diariotiempo.com.uy\/noticias\/author\/diario\/"},"category_info":"<a href=\"https:\/\/diariotiempo.com.uy\/noticias\/category\/nacionales\/\" rel=\"category tag\">NACIONALES<\/a>","tag_info":"NACIONALES","comment_count":"0","_links":{"self":[{"href":"https:\/\/diariotiempo.com.uy\/noticias\/wp-json\/wp\/v2\/posts\/6906","targetHints":{"allow":["GET"]}}],"collection":[{"href":"https:\/\/diariotiempo.com.uy\/noticias\/wp-json\/wp\/v2\/posts"}],"about":[{"href":"https:\/\/diariotiempo.com.uy\/noticias\/wp-json\/wp\/v2\/types\/post"}],"author":[{"embeddable":true,"href":"https:\/\/diariotiempo.com.uy\/noticias\/wp-json\/wp\/v2\/users\/1"}],"replies":[{"embeddable":true,"href":"https:\/\/diariotiempo.com.uy\/noticias\/wp-json\/wp\/v2\/comments?post=6906"}],"version-history":[{"count":1,"href":"https:\/\/diariotiempo.com.uy\/noticias\/wp-json\/wp\/v2\/posts\/6906\/revisions"}],"predecessor-version":[{"id":6908,"href":"https:\/\/diariotiempo.com.uy\/noticias\/wp-json\/wp\/v2\/posts\/6906\/revisions\/6908"}],"wp:featuredmedia":[{"embeddable":true,"href":"https:\/\/diariotiempo.com.uy\/noticias\/wp-json\/wp\/v2\/media\/6907"}],"wp:attachment":[{"href":"https:\/\/diariotiempo.com.uy\/noticias\/wp-json\/wp\/v2\/media?parent=6906"}],"wp:term":[{"taxonomy":"category","embeddable":true,"href":"https:\/\/diariotiempo.com.uy\/noticias\/wp-json\/wp\/v2\/categories?post=6906"},{"taxonomy":"post_tag","embeddable":true,"href":"https:\/\/diariotiempo.com.uy\/noticias\/wp-json\/wp\/v2\/tags?post=6906"}],"curies":[{"name":"wp","href":"https:\/\/api.w.org\/{rel}","templated":true}]}}