{"id":7011,"date":"2022-08-24T15:57:55","date_gmt":"2022-08-24T15:57:55","guid":{"rendered":"https:\/\/diariotiempo.com.uy\/noticias\/?p=7011"},"modified":"2022-08-24T15:57:56","modified_gmt":"2022-08-24T15:57:56","slug":"lamentable-accidente-de-transito-con-un-adolescente-fallecido","status":"publish","type":"post","link":"https:\/\/diariotiempo.com.uy\/noticias\/2022\/08\/24\/lamentable-accidente-de-transito-con-un-adolescente-fallecido\/","title":{"rendered":"Lamentable accidente de tr\u00e1nsito con un adolescente fallecido"},"content":{"rendered":"\n<p>De J.P.C. Por causas que se tratan de establecer en la intersecci\u00f3n de las calles F\u00e9lix Vasallo y Jos\u00e9 Gervasio Artigas, jurisdicci\u00f3n de la Seccional 25 Barraos Blancos, entraron en colisi\u00f3n una camioneta conducida por un hombre de 62 a\u00f1os y una moto pilotada por un joven de 19 a\u00f1os, quien llevaba como acompa\u00f1ante a su hermano de 15 a\u00f1os.<\/p>\n\n\n\n<p>A ra\u00edz del impacto el menor de 15 a\u00f1os present\u00f3 lesiones graves falleciendo, mientras que el conductor de la moto present\u00f3 politraumatismos varios. El procedimiento estuvo a cargo de la Fiscal de 1er. Turno de Pando Dra. Blanc, trabaj\u00f3 en el hecho personal de la citada unidad y Polic\u00eda Cient\u00edfica.<\/p>\n","protected":false},"excerpt":{"rendered":"<p>De J.P.C. Por causas que se tratan de establecer en la intersecci\u00f3n de las calles&#8230;<\/p>\n","protected":false},"author":1,"featured_media":7012,"comment_status":"open","ping_status":"open","sticky":false,"template":"","format":"standard","meta":{"_monsterinsights_skip_tracking":false,"_monsterinsights_sitenote_active":false,"_monsterinsights_sitenote_note":"","_monsterinsights_sitenote_category":0,"footnotes":""},"categories":[6],"tags":[],"class_list":["post-7011","post","type-post","status-publish","format-standard","has-post-thumbnail","hentry","category-policial"],"featured_image_urls":{"full":["https:\/\/diariotiempo.com.uy\/noticias\/wp-content\/uploads\/2022\/08\/bb.jpg",600,450,false],"thumbnail":["https:\/\/diariotiempo.com.uy\/noticias\/wp-content\/uploads\/2022\/08\/bb-150x150.jpg",150,150,true],"medium":["https:\/\/diariotiempo.com.uy\/noticias\/wp-content\/uploads\/2022\/08\/bb-300x225.jpg",300,225,true],"medium_large":["https:\/\/diariotiempo.com.uy\/noticias\/wp-content\/uploads\/2022\/08\/bb.jpg",600,450,false],"large":["https:\/\/diariotiempo.com.uy\/noticias\/wp-content\/uploads\/2022\/08\/bb.jpg",600,450,false],"rpg_gallery_admin_thumb":["https:\/\/diariotiempo.com.uy\/noticias\/wp-content\/uploads\/2022\/08\/bb.jpg",150,113,false],"rpg_gallery_thumb":["https:\/\/diariotiempo.com.uy\/noticias\/wp-content\/uploads\/2022\/08\/bb.jpg",150,113,false],"1536x1536":["https:\/\/diariotiempo.com.uy\/noticias\/wp-content\/uploads\/2022\/08\/bb.jpg",600,450,false],"2048x2048":["https:\/\/diariotiempo.com.uy\/noticias\/wp-content\/uploads\/2022\/08\/bb.jpg",600,450,false],"covernews-slider-full":["https:\/\/diariotiempo.com.uy\/noticias\/wp-content\/uploads\/2022\/08\/bb.jpg",600,450,false],"covernews-slider-center":["https:\/\/diariotiempo.com.uy\/noticias\/wp-content\/uploads\/2022\/08\/bb.jpg",600,450,false],"covernews-featured":["https:\/\/diariotiempo.com.uy\/noticias\/wp-content\/uploads\/2022\/08\/bb.jpg",600,450,false],"covernews-medium":["https:\/\/diariotiempo.com.uy\/noticias\/wp-content\/uploads\/2022\/08\/bb-540x340.jpg",540,340,true],"covernews-medium-square":["https:\/\/diariotiempo.com.uy\/noticias\/wp-content\/uploads\/2022\/08\/bb-400x250.jpg",400,250,true]},"author_info":{"display_name":"diario","author_link":"https:\/\/diariotiempo.com.uy\/noticias\/author\/diario\/"},"category_info":"<a href=\"https:\/\/diariotiempo.com.uy\/noticias\/category\/policial\/\" rel=\"category tag\">POLICIAL<\/a>","tag_info":"POLICIAL","comment_count":"0","_links":{"self":[{"href":"https:\/\/diariotiempo.com.uy\/noticias\/wp-json\/wp\/v2\/posts\/7011","targetHints":{"allow":["GET"]}}],"collection":[{"href":"https:\/\/diariotiempo.com.uy\/noticias\/wp-json\/wp\/v2\/posts"}],"about":[{"href":"https:\/\/diariotiempo.com.uy\/noticias\/wp-json\/wp\/v2\/types\/post"}],"author":[{"embeddable":true,"href":"https:\/\/diariotiempo.com.uy\/noticias\/wp-json\/wp\/v2\/users\/1"}],"replies":[{"embeddable":true,"href":"https:\/\/diariotiempo.com.uy\/noticias\/wp-json\/wp\/v2\/comments?post=7011"}],"version-history":[{"count":1,"href":"https:\/\/diariotiempo.com.uy\/noticias\/wp-json\/wp\/v2\/posts\/7011\/revisions"}],"predecessor-version":[{"id":7013,"href":"https:\/\/diariotiempo.com.uy\/noticias\/wp-json\/wp\/v2\/posts\/7011\/revisions\/7013"}],"wp:featuredmedia":[{"embeddable":true,"href":"https:\/\/diariotiempo.com.uy\/noticias\/wp-json\/wp\/v2\/media\/7012"}],"wp:attachment":[{"href":"https:\/\/diariotiempo.com.uy\/noticias\/wp-json\/wp\/v2\/media?parent=7011"}],"wp:term":[{"taxonomy":"category","embeddable":true,"href":"https:\/\/diariotiempo.com.uy\/noticias\/wp-json\/wp\/v2\/categories?post=7011"},{"taxonomy":"post_tag","embeddable":true,"href":"https:\/\/diariotiempo.com.uy\/noticias\/wp-json\/wp\/v2\/tags?post=7011"}],"curies":[{"name":"wp","href":"https:\/\/api.w.org\/{rel}","templated":true}]}}