{"id":7025,"date":"2022-08-26T13:51:00","date_gmt":"2022-08-26T13:51:00","guid":{"rendered":"https:\/\/diariotiempo.com.uy\/noticias\/?p=7025"},"modified":"2022-08-26T13:52:53","modified_gmt":"2022-08-26T13:52:53","slug":"realizaron-lanzamiento-de-los-fondos-participativos-prende-cultural-2022","status":"publish","type":"post","link":"https:\/\/diariotiempo.com.uy\/noticias\/2022\/08\/26\/realizaron-lanzamiento-de-los-fondos-participativos-prende-cultural-2022\/","title":{"rendered":"Realizaron lanzamiento de los Fondos Participativos PRENDE Cultural 2022"},"content":{"rendered":"\n<figure class=\"wp-block-image size-full\"><img loading=\"lazy\" decoding=\"async\" width=\"529\" height=\"296\" src=\"https:\/\/diariotiempo.com.uy\/noticias\/wp-content\/uploads\/2022\/08\/predne.jpg\" alt=\"\" class=\"wp-image-7029\" srcset=\"https:\/\/diariotiempo.com.uy\/noticias\/wp-content\/uploads\/2022\/08\/predne.jpg 529w, https:\/\/diariotiempo.com.uy\/noticias\/wp-content\/uploads\/2022\/08\/predne-300x168.jpg 300w\" sizes=\"auto, (max-width: 529px) 100vw, 529px\" \/><\/figure>\n\n\n\n<p>Se realiz\u00f3 el lanzamiento de los Fondos Participativos PRENDE Cultural 2022, que tienen la intenci\u00f3n de potenciar la expansi\u00f3n del sector cultural, a partir de la implementaci\u00f3n de diversos proyectos que contribuyan al desarrollo art\u00edstico integral de personas, colectivos y comunidades.<\/p>\n\n\n\n<p>Estos fondos consisten en $ 3.000.000 y contemplan, desde su concepci\u00f3n, la posibilidad de que se postulen diversos proyectos con propuestas art\u00edsticas espec\u00edficas en las siguientes categor\u00edas concursables: Artes visuales, Letras, M\u00fasica, Artes esc\u00e9nicas y Audiovisual. Estas se integrar\u00e1n al Programa de Circulaci\u00f3n de Contenidos de la Direcci\u00f3n General de Cultura del Gobierno de Canelones.<\/p>\n\n\n\n<p>Para participar de los Fondos Participativos PRENDE Cultural 2022 ser\u00e1 necesario postular un proyecto de creaci\u00f3n art\u00edstico-cultural, dentro de una de las cinco categor\u00edas antes mencionadas.<br>Es importante se\u00f1alar que el Fondo Audiovisual Canario (FAC) ya cuenta con una trayectoria de varias ediciones que le ha permitido posicionarse como referencia para profesionales, realizadoras y realizadores locales, siendo el \u00fanico con estas caracter\u00edsticas en la zona de influencia.<\/p>\n\n\n\n<p>A la hora de formular los proyectos se sugiere tener en cuenta para su posible ejecuci\u00f3n el circuito de infraestructuras culturales del departamento, comprendido por centros culturales, espacios culturales, red de museos, nodos culturales \u2014espacios y salas independientes\u2014 y otros espacios p\u00fablicos como parques y plazas.<\/p>\n\n\n\n<p>El jurado ponderar\u00e1 especialmente aquellos proyectos que sean aptos para integrarse, en clave participativa, al proceso de circulaci\u00f3n previsto por Canelones de ida y vuelta: circulaci\u00f3n de contenidos culturales y creativos, un programa departamental vigente que tiene la finalidad de llegar con propuestas de calidad para el disfrute y participaci\u00f3n de la ciudadan\u00eda. Su metodolog\u00eda y cometido se centra en facilitar, promover y acelerar los procesos de tr\u00e1nsito de estos contenidos en clave de proyectos vinculados al sector art\u00edstico-cultural por los 30 municipios de Canelones, ampliando de esta forma las oportunidades de acceso a propuestas de calidad.<\/p>\n\n\n\n<p>Las inscripciones estar\u00e1n abiertas hasta el 10 de setiembre y en el caso del Fondo Audiovisual Canario hasta el 1\u00b0 de octubre. Se realizar\u00e1n \u00fanicamente a trav\u00e9s de los formularios:<\/p>\n\n\n\n<p><strong>Fondo M\u00fasica Beto Satragni: <\/strong><br><strong>Fondo para las Artes Visuales Miguel \u00c1ngel Pareja:<\/strong> <br><strong>Fondo para Letras Armon\u00eda Somers:<\/strong> <br><strong>Fondo para las Artes Esc\u00e9nicas Leonel D\u00e1rdano: <\/strong><br><strong>Fondo Audiovisual Canario (FAC):<\/strong> <a rel=\"noreferrer noopener\" href=\"https:\/\/forms.gle\/jbbQHbtHejhAoQag8\" target=\"_blank\">https:\/\/forms.gle\/jbbQHbtHejhAoQag8<\/a><\/p>\n\n\n\n<p><strong>Por consultas sobre Fondos Participativos PRENDE Cultural 2022: <\/strong><a href=\"mailto:cultura.proyectos@imcanelones.gub.uy\">cultura.proyectos@imcanelones.gub.uy<\/a> &#8211; <strong>Asunto:<\/strong> PRENDE Cultural 2022.<\/p>\n\n\n\n<p><strong>Fondo Audiovisual Canario: <\/strong><br>Consultas sobre este fondo o env\u00edo de materiales obligatorios: <a href=\"mailto:audiovisualcanario@gmail.com\">audiovisualcanario@gmail.com<\/a><\/p>\n","protected":false},"excerpt":{"rendered":"<p>Se realiz\u00f3 el lanzamiento de los Fondos Participativos PRENDE Cultural 2022, que tienen la intenci\u00f3n&#8230;<\/p>\n","protected":false},"author":1,"featured_media":7029,"comment_status":"open","ping_status":"open","sticky":false,"template":"","format":"standard","meta":{"_monsterinsights_skip_tracking":false,"_monsterinsights_sitenote_active":false,"_monsterinsights_sitenote_note":"","_monsterinsights_sitenote_category":0,"footnotes":""},"categories":[4],"tags":[],"class_list":["post-7025","post","type-post","status-publish","format-standard","has-post-thumbnail","hentry","category-departamental"],"featured_image_urls":{"full":["https:\/\/diariotiempo.com.uy\/noticias\/wp-content\/uploads\/2022\/08\/predne.jpg",529,296,false],"thumbnail":["https:\/\/diariotiempo.com.uy\/noticias\/wp-content\/uploads\/2022\/08\/predne-150x150.jpg",150,150,true],"medium":["https:\/\/diariotiempo.com.uy\/noticias\/wp-content\/uploads\/2022\/08\/predne-300x168.jpg",300,168,true],"medium_large":["https:\/\/diariotiempo.com.uy\/noticias\/wp-content\/uploads\/2022\/08\/predne.jpg",529,296,false],"large":["https:\/\/diariotiempo.com.uy\/noticias\/wp-content\/uploads\/2022\/08\/predne.jpg",529,296,false],"rpg_gallery_admin_thumb":["https:\/\/diariotiempo.com.uy\/noticias\/wp-content\/uploads\/2022\/08\/predne.jpg",150,84,false],"rpg_gallery_thumb":["https:\/\/diariotiempo.com.uy\/noticias\/wp-content\/uploads\/2022\/08\/predne.jpg",150,84,false],"1536x1536":["https:\/\/diariotiempo.com.uy\/noticias\/wp-content\/uploads\/2022\/08\/predne.jpg",529,296,false],"2048x2048":["https:\/\/diariotiempo.com.uy\/noticias\/wp-content\/uploads\/2022\/08\/predne.jpg",529,296,false],"covernews-slider-full":["https:\/\/diariotiempo.com.uy\/noticias\/wp-content\/uploads\/2022\/08\/predne.jpg",529,296,false],"covernews-slider-center":["https:\/\/diariotiempo.com.uy\/noticias\/wp-content\/uploads\/2022\/08\/predne.jpg",529,296,false],"covernews-featured":["https:\/\/diariotiempo.com.uy\/noticias\/wp-content\/uploads\/2022\/08\/predne.jpg",529,296,false],"covernews-medium":["https:\/\/diariotiempo.com.uy\/noticias\/wp-content\/uploads\/2022\/08\/predne.jpg",529,296,false],"covernews-medium-square":["https:\/\/diariotiempo.com.uy\/noticias\/wp-content\/uploads\/2022\/08\/predne-400x250.jpg",400,250,true]},"author_info":{"display_name":"diario","author_link":"https:\/\/diariotiempo.com.uy\/noticias\/author\/diario\/"},"category_info":"<a href=\"https:\/\/diariotiempo.com.uy\/noticias\/category\/departamental\/\" rel=\"category tag\">DEPARTAMENTAL<\/a>","tag_info":"DEPARTAMENTAL","comment_count":"0","_links":{"self":[{"href":"https:\/\/diariotiempo.com.uy\/noticias\/wp-json\/wp\/v2\/posts\/7025","targetHints":{"allow":["GET"]}}],"collection":[{"href":"https:\/\/diariotiempo.com.uy\/noticias\/wp-json\/wp\/v2\/posts"}],"about":[{"href":"https:\/\/diariotiempo.com.uy\/noticias\/wp-json\/wp\/v2\/types\/post"}],"author":[{"embeddable":true,"href":"https:\/\/diariotiempo.com.uy\/noticias\/wp-json\/wp\/v2\/users\/1"}],"replies":[{"embeddable":true,"href":"https:\/\/diariotiempo.com.uy\/noticias\/wp-json\/wp\/v2\/comments?post=7025"}],"version-history":[{"count":3,"href":"https:\/\/diariotiempo.com.uy\/noticias\/wp-json\/wp\/v2\/posts\/7025\/revisions"}],"predecessor-version":[{"id":7030,"href":"https:\/\/diariotiempo.com.uy\/noticias\/wp-json\/wp\/v2\/posts\/7025\/revisions\/7030"}],"wp:featuredmedia":[{"embeddable":true,"href":"https:\/\/diariotiempo.com.uy\/noticias\/wp-json\/wp\/v2\/media\/7029"}],"wp:attachment":[{"href":"https:\/\/diariotiempo.com.uy\/noticias\/wp-json\/wp\/v2\/media?parent=7025"}],"wp:term":[{"taxonomy":"category","embeddable":true,"href":"https:\/\/diariotiempo.com.uy\/noticias\/wp-json\/wp\/v2\/categories?post=7025"},{"taxonomy":"post_tag","embeddable":true,"href":"https:\/\/diariotiempo.com.uy\/noticias\/wp-json\/wp\/v2\/tags?post=7025"}],"curies":[{"name":"wp","href":"https:\/\/api.w.org\/{rel}","templated":true}]}}