{"id":7819,"date":"2022-10-14T18:22:14","date_gmt":"2022-10-14T18:22:14","guid":{"rendered":"https:\/\/diariotiempo.com.uy\/noticias\/?p=7819"},"modified":"2022-10-14T18:22:15","modified_gmt":"2022-10-14T18:22:15","slug":"se-celebro-la-quinta-edicion-de-la-expo-entre-rieles-en-empalme-olmos","status":"publish","type":"post","link":"https:\/\/diariotiempo.com.uy\/noticias\/2022\/10\/14\/se-celebro-la-quinta-edicion-de-la-expo-entre-rieles-en-empalme-olmos\/","title":{"rendered":"Se celebr\u00f3 la quinta edici\u00f3n de la Expo entre rieles en Empalme Olmos"},"content":{"rendered":"\n<figure class=\"wp-block-gallery has-nested-images columns-default is-cropped wp-block-gallery-1 is-layout-flex wp-block-gallery-is-layout-flex\">\n<figure class=\"wp-block-image size-large\"><img loading=\"lazy\" decoding=\"async\" width=\"800\" height=\"429\" data-id=\"7821\" src=\"https:\/\/diariotiempo.com.uy\/noticias\/wp-content\/uploads\/2022\/10\/empalme-dos.jpg\" alt=\"\" class=\"wp-image-7821\" srcset=\"https:\/\/diariotiempo.com.uy\/noticias\/wp-content\/uploads\/2022\/10\/empalme-dos.jpg 800w, https:\/\/diariotiempo.com.uy\/noticias\/wp-content\/uploads\/2022\/10\/empalme-dos-300x161.jpg 300w, https:\/\/diariotiempo.com.uy\/noticias\/wp-content\/uploads\/2022\/10\/empalme-dos-768x412.jpg 768w\" sizes=\"auto, (max-width: 800px) 100vw, 800px\" \/><\/figure>\n\n\n\n<figure class=\"wp-block-image size-large\"><img loading=\"lazy\" decoding=\"async\" width=\"800\" height=\"445\" data-id=\"7820\" src=\"https:\/\/diariotiempo.com.uy\/noticias\/wp-content\/uploads\/2022\/10\/empalme.jpg\" alt=\"\" class=\"wp-image-7820\" srcset=\"https:\/\/diariotiempo.com.uy\/noticias\/wp-content\/uploads\/2022\/10\/empalme.jpg 800w, https:\/\/diariotiempo.com.uy\/noticias\/wp-content\/uploads\/2022\/10\/empalme-300x167.jpg 300w, https:\/\/diariotiempo.com.uy\/noticias\/wp-content\/uploads\/2022\/10\/empalme-768x427.jpg 768w\" sizes=\"auto, (max-width: 800px) 100vw, 800px\" \/><\/figure>\n<\/figure>\n\n\n\n<p>Como en a\u00f1os anteriores, se celebr\u00f3 la Expo entre Rieles organizada por el Club Social Uruguayo del Este, con el apoyo del Municipio de Empalme Olmos.<br>La Presidenta del Club Social Uruguayo del Este, Miryam Rava, dijo que se trat\u00f3 de la quinta edici\u00f3n de un evento que tiene como finalidad dinamizar la zona y, en especial, el barrio hist\u00f3rico del pueblo. En la expo se pod\u00edan encontrar m\u00e1s de 40 puestos con, aproximadamente 100 personas trabajando y una gran variedad de ofertas gastron\u00f3micas y de artesanos locales.<\/p>\n\n\n\n<p>La expo se realiza todos los a\u00f1os en fechas cercanas al fin de semana del Patrimonio y, aunque la organizaci\u00f3n ya tiene una lista de emprendedores, las personas que se quieran sumar a la expo 2023 deber\u00e1n estar atentas al llamado que se realiza cada mes de setiembre.<br>Adem\u00e1s de venta de productos, hubo espect\u00e1culos gratuitos que se pudieron hacer gracias al apoyo del Municipio de Empalme Olmos. Rava aclar\u00f3 que no s\u00f3lo se trata de ayuda econ\u00f3mica sino el Municipio tambi\u00e9n colabora con la estructuras para poder armar la feria.<\/p>\n\n\n\n<p>El Secretario del mencionado club, Roberto Mart\u00ednez, cont\u00f3 que la idea surgi\u00f3 porque estaban notando que el barrio hist\u00f3rico \u201cno estaba siendo conservado de la mejor manera\u201d y, por eso, decidieron impulsar una movida cultural. La idea es favorecer el turismo local ya que la feria es uno de los principales eventos del a\u00f1o. \u201cSe ha convertido en una fiesta tradicional en la que nos acompa\u00f1an much\u00edsimos artesanos\u201d, dijo.<\/p>\n\n\n\n<p>Asimismo, Mart\u00ednez sostuvo que la idea es que se declare a la zona como patrimonio nacional ya que se trata de una estructura ferroviaria que tiene m\u00e1s de 100 a\u00f1os. El Alcalde en funciones de Empalme Olmos, Luis Parodi, asegur\u00f3 que la actividad \u201cqued\u00f3 grabada en el pueblo\u201d que todos los a\u00f1os espera que se celebre.mp<\/p>\n","protected":false},"excerpt":{"rendered":"<p>Como en a\u00f1os anteriores, se celebr\u00f3 la Expo entre Rieles organizada por el Club Social&#8230;<\/p>\n","protected":false},"author":1,"featured_media":7821,"comment_status":"open","ping_status":"open","sticky":false,"template":"","format":"standard","meta":{"_monsterinsights_skip_tracking":false,"_monsterinsights_sitenote_active":false,"_monsterinsights_sitenote_note":"","_monsterinsights_sitenote_category":0,"footnotes":""},"categories":[21],"tags":[],"class_list":["post-7819","post","type-post","status-publish","format-standard","has-post-thumbnail","hentry","category-empalme-olmos"],"featured_image_urls":{"full":["https:\/\/diariotiempo.com.uy\/noticias\/wp-content\/uploads\/2022\/10\/empalme-dos.jpg",800,429,false],"thumbnail":["https:\/\/diariotiempo.com.uy\/noticias\/wp-content\/uploads\/2022\/10\/empalme-dos-150x150.jpg",150,150,true],"medium":["https:\/\/diariotiempo.com.uy\/noticias\/wp-content\/uploads\/2022\/10\/empalme-dos-300x161.jpg",300,161,true],"medium_large":["https:\/\/diariotiempo.com.uy\/noticias\/wp-content\/uploads\/2022\/10\/empalme-dos-768x412.jpg",640,343,true],"large":["https:\/\/diariotiempo.com.uy\/noticias\/wp-content\/uploads\/2022\/10\/empalme-dos.jpg",640,343,false],"rpg_gallery_admin_thumb":["https:\/\/diariotiempo.com.uy\/noticias\/wp-content\/uploads\/2022\/10\/empalme-dos.jpg",150,80,false],"rpg_gallery_thumb":["https:\/\/diariotiempo.com.uy\/noticias\/wp-content\/uploads\/2022\/10\/empalme-dos.jpg",150,80,false],"1536x1536":["https:\/\/diariotiempo.com.uy\/noticias\/wp-content\/uploads\/2022\/10\/empalme-dos.jpg",800,429,false],"2048x2048":["https:\/\/diariotiempo.com.uy\/noticias\/wp-content\/uploads\/2022\/10\/empalme-dos.jpg",800,429,false],"covernews-slider-full":["https:\/\/diariotiempo.com.uy\/noticias\/wp-content\/uploads\/2022\/10\/empalme-dos.jpg",800,429,false],"covernews-slider-center":["https:\/\/diariotiempo.com.uy\/noticias\/wp-content\/uploads\/2022\/10\/empalme-dos.jpg",800,429,false],"covernews-featured":["https:\/\/diariotiempo.com.uy\/noticias\/wp-content\/uploads\/2022\/10\/empalme-dos.jpg",800,429,false],"covernews-medium":["https:\/\/diariotiempo.com.uy\/noticias\/wp-content\/uploads\/2022\/10\/empalme-dos-540x340.jpg",540,340,true],"covernews-medium-square":["https:\/\/diariotiempo.com.uy\/noticias\/wp-content\/uploads\/2022\/10\/empalme-dos-400x250.jpg",400,250,true]},"author_info":{"display_name":"diario","author_link":"https:\/\/diariotiempo.com.uy\/noticias\/author\/diario\/"},"category_info":"<a href=\"https:\/\/diariotiempo.com.uy\/noticias\/category\/departamental\/empalme-olmos\/\" rel=\"category tag\">Empalme Olmos<\/a>","tag_info":"Empalme Olmos","comment_count":"0","_links":{"self":[{"href":"https:\/\/diariotiempo.com.uy\/noticias\/wp-json\/wp\/v2\/posts\/7819","targetHints":{"allow":["GET"]}}],"collection":[{"href":"https:\/\/diariotiempo.com.uy\/noticias\/wp-json\/wp\/v2\/posts"}],"about":[{"href":"https:\/\/diariotiempo.com.uy\/noticias\/wp-json\/wp\/v2\/types\/post"}],"author":[{"embeddable":true,"href":"https:\/\/diariotiempo.com.uy\/noticias\/wp-json\/wp\/v2\/users\/1"}],"replies":[{"embeddable":true,"href":"https:\/\/diariotiempo.com.uy\/noticias\/wp-json\/wp\/v2\/comments?post=7819"}],"version-history":[{"count":1,"href":"https:\/\/diariotiempo.com.uy\/noticias\/wp-json\/wp\/v2\/posts\/7819\/revisions"}],"predecessor-version":[{"id":7822,"href":"https:\/\/diariotiempo.com.uy\/noticias\/wp-json\/wp\/v2\/posts\/7819\/revisions\/7822"}],"wp:featuredmedia":[{"embeddable":true,"href":"https:\/\/diariotiempo.com.uy\/noticias\/wp-json\/wp\/v2\/media\/7821"}],"wp:attachment":[{"href":"https:\/\/diariotiempo.com.uy\/noticias\/wp-json\/wp\/v2\/media?parent=7819"}],"wp:term":[{"taxonomy":"category","embeddable":true,"href":"https:\/\/diariotiempo.com.uy\/noticias\/wp-json\/wp\/v2\/categories?post=7819"},{"taxonomy":"post_tag","embeddable":true,"href":"https:\/\/diariotiempo.com.uy\/noticias\/wp-json\/wp\/v2\/tags?post=7819"}],"curies":[{"name":"wp","href":"https:\/\/api.w.org\/{rel}","templated":true}]}}