{"id":8189,"date":"2022-11-05T12:39:32","date_gmt":"2022-11-05T12:39:32","guid":{"rendered":"https:\/\/diariotiempo.com.uy\/noticias\/?p=8189"},"modified":"2022-11-05T12:39:33","modified_gmt":"2022-11-05T12:39:33","slug":"desde-el-lunes-copsa-tendra-la-linea-xa2-en-municipio-de-nicolich","status":"publish","type":"post","link":"https:\/\/diariotiempo.com.uy\/noticias\/2022\/11\/05\/desde-el-lunes-copsa-tendra-la-linea-xa2-en-municipio-de-nicolich\/","title":{"rendered":"Desde el lunes COPSA tendr\u00e1 la l\u00ednea xa2 en Municipio de Nicolich"},"content":{"rendered":"\n<figure class=\"wp-block-image size-full\"><img loading=\"lazy\" decoding=\"async\" width=\"800\" height=\"432\" src=\"https:\/\/diariotiempo.com.uy\/noticias\/wp-content\/uploads\/2022\/11\/copsa.jpg\" alt=\"\" class=\"wp-image-8190\" srcset=\"https:\/\/diariotiempo.com.uy\/noticias\/wp-content\/uploads\/2022\/11\/copsa.jpg 800w, https:\/\/diariotiempo.com.uy\/noticias\/wp-content\/uploads\/2022\/11\/copsa-300x162.jpg 300w, https:\/\/diariotiempo.com.uy\/noticias\/wp-content\/uploads\/2022\/11\/copsa-768x415.jpg 768w\" sizes=\"auto, (max-width: 800px) 100vw, 800px\" \/><\/figure>\n\n\n\n<p>Se lanz\u00f3 la l\u00ednea XA2 que, a partir del lunes 7 de noviembre, recorrer\u00e1 la zona oeste conectando el Municipio de Nicolich &#8211; Ciudad L\u00edber Seregni con la Ruta 102. El Intendente de Canelones, Yamand\u00fa Orsi, dijo que se trata de una l\u00ednea que democratiza el acceso a centros educativos, de salud y comerciales. Las empresas que dar\u00e1n el servicio son la Uni\u00f3n Cooperativa Obrera del Transporte (Ucot) y Copsa y recorrer\u00e1n alrededor de 50 kil\u00f3metros.<\/p>\n\n\n\n<p>El jerarca departamental se\u00f1al\u00f3 que se trata de un logro, ya que en el transporte intervienen varias instituciones como la Intendencia de Canelones, la de Montevideo y el Ministerio de Transporte y Obras P\u00fablicas. \u201cLas cosas se destraban pero no es f\u00e1cil; lo que hay es voluntad de colaboraci\u00f3n. Estas cosas las compartimos porque todos salimos beneficiados\u201d, afirm\u00f3, y agreg\u00f3 que lo que \u201cpreocupa m\u00e1s puede ser la competencia\u201d y que las empresas puedan tener \u201cun plan de negocios que funcione\u201d, al tiempo que la l\u00ednea sea \u201cintegradora de barrios bien diversos\u201d.<\/p>\n\n\n\n<p>Asimismo, el Intendente en rueda de prensa manifest\u00f3 que ser\u00eda bueno contar con una instituci\u00f3n que maneje todo el transporte con independencia de por qu\u00e9 lugar del pa\u00eds circulen los coches. \u201cHay acuerdos que a veces logramos que son trabajosos porque tienen que ver con decisiones de gesti\u00f3n y de pol\u00edtica de cada uno de los organismos y ah\u00ed nos alineamos. Incluso, es tan fuerte la limitante institucional que no importa si somos del mismo partido, importa lo que se puede o no se puede hacer (\u2026) Lo que hay es buena voluntad, voluntad de colaboraci\u00f3n\u201d, asegur\u00f3.<\/p>\n\n\n\n<p>En tanto, el Director General de Tr\u00e1nsito y Transporte de la Intendencia de Canelones, Marcelo Metediera, inform\u00f3 que el servicio surgi\u00f3 por la necesidad de los vecinos de conectarse con distintos puntos de la localidad. \u201cEl Municipio de Nicolich &#8211; Ciudad Gral. L\u00edber Seregni ha tenido una fuerte inversi\u00f3n en infraestructura\u201d, se\u00f1al\u00f3, y agreg\u00f3 que esta l\u00ednea est\u00e1 pensada en \u201cclave metropolitana\u201d para lo que puede ser el futuro del transporte p\u00fablico. Sobre los horarios, puntualiz\u00f3 que habr\u00e1 14 frecuencias de lunes a viernes y los s\u00e1bados bajar\u00e1 a la mitad. \u201cEsto es ir a m\u00e1s. Va a estar muy conectado a los horarios de los centros de estudio\u201d, concluy\u00f3.<\/p>\n\n\n\n<p>Finalmente, el Alcalde de Nicolich, L\u00edber Moreno, destac\u00f3 que para la comunidad se trata de un hecho muy importante y trascendente porque permite acceder a servicios y a derechos, como, por ejemplo, el derecho a la salud y a la educaci\u00f3n. \u201cSignifica poder acceder tambi\u00e9n al trabajo porque va a conectar la Ruta 102 con la 101\u201d, aclar\u00f3.<\/p>\n","protected":false},"excerpt":{"rendered":"<p>Se lanz\u00f3 la l\u00ednea XA2 que, a partir del lunes 7 de noviembre, recorrer\u00e1 la&#8230;<\/p>\n","protected":false},"author":1,"featured_media":8190,"comment_status":"open","ping_status":"open","sticky":false,"template":"","format":"standard","meta":{"_monsterinsights_skip_tracking":false,"_monsterinsights_sitenote_active":false,"_monsterinsights_sitenote_note":"","_monsterinsights_sitenote_category":0,"footnotes":""},"categories":[94],"tags":[],"class_list":["post-8189","post","type-post","status-publish","format-standard","has-post-thumbnail","hentry","category-colonia-nicolich"],"featured_image_urls":{"full":["https:\/\/diariotiempo.com.uy\/noticias\/wp-content\/uploads\/2022\/11\/copsa.jpg",800,432,false],"thumbnail":["https:\/\/diariotiempo.com.uy\/noticias\/wp-content\/uploads\/2022\/11\/copsa-150x150.jpg",150,150,true],"medium":["https:\/\/diariotiempo.com.uy\/noticias\/wp-content\/uploads\/2022\/11\/copsa-300x162.jpg",300,162,true],"medium_large":["https:\/\/diariotiempo.com.uy\/noticias\/wp-content\/uploads\/2022\/11\/copsa-768x415.jpg",640,346,true],"large":["https:\/\/diariotiempo.com.uy\/noticias\/wp-content\/uploads\/2022\/11\/copsa.jpg",640,346,false],"rpg_gallery_admin_thumb":["https:\/\/diariotiempo.com.uy\/noticias\/wp-content\/uploads\/2022\/11\/copsa.jpg",150,81,false],"rpg_gallery_thumb":["https:\/\/diariotiempo.com.uy\/noticias\/wp-content\/uploads\/2022\/11\/copsa.jpg",150,81,false],"1536x1536":["https:\/\/diariotiempo.com.uy\/noticias\/wp-content\/uploads\/2022\/11\/copsa.jpg",800,432,false],"2048x2048":["https:\/\/diariotiempo.com.uy\/noticias\/wp-content\/uploads\/2022\/11\/copsa.jpg",800,432,false],"covernews-slider-full":["https:\/\/diariotiempo.com.uy\/noticias\/wp-content\/uploads\/2022\/11\/copsa.jpg",800,432,false],"covernews-slider-center":["https:\/\/diariotiempo.com.uy\/noticias\/wp-content\/uploads\/2022\/11\/copsa.jpg",800,432,false],"covernews-featured":["https:\/\/diariotiempo.com.uy\/noticias\/wp-content\/uploads\/2022\/11\/copsa.jpg",800,432,false],"covernews-medium":["https:\/\/diariotiempo.com.uy\/noticias\/wp-content\/uploads\/2022\/11\/copsa-540x340.jpg",540,340,true],"covernews-medium-square":["https:\/\/diariotiempo.com.uy\/noticias\/wp-content\/uploads\/2022\/11\/copsa-400x250.jpg",400,250,true]},"author_info":{"display_name":"diario","author_link":"https:\/\/diariotiempo.com.uy\/noticias\/author\/diario\/"},"category_info":"<a href=\"https:\/\/diariotiempo.com.uy\/noticias\/category\/departamental\/colonia-nicolich\/\" rel=\"category tag\">Colonia Nicolich<\/a>","tag_info":"Colonia Nicolich","comment_count":"0","_links":{"self":[{"href":"https:\/\/diariotiempo.com.uy\/noticias\/wp-json\/wp\/v2\/posts\/8189","targetHints":{"allow":["GET"]}}],"collection":[{"href":"https:\/\/diariotiempo.com.uy\/noticias\/wp-json\/wp\/v2\/posts"}],"about":[{"href":"https:\/\/diariotiempo.com.uy\/noticias\/wp-json\/wp\/v2\/types\/post"}],"author":[{"embeddable":true,"href":"https:\/\/diariotiempo.com.uy\/noticias\/wp-json\/wp\/v2\/users\/1"}],"replies":[{"embeddable":true,"href":"https:\/\/diariotiempo.com.uy\/noticias\/wp-json\/wp\/v2\/comments?post=8189"}],"version-history":[{"count":1,"href":"https:\/\/diariotiempo.com.uy\/noticias\/wp-json\/wp\/v2\/posts\/8189\/revisions"}],"predecessor-version":[{"id":8191,"href":"https:\/\/diariotiempo.com.uy\/noticias\/wp-json\/wp\/v2\/posts\/8189\/revisions\/8191"}],"wp:featuredmedia":[{"embeddable":true,"href":"https:\/\/diariotiempo.com.uy\/noticias\/wp-json\/wp\/v2\/media\/8190"}],"wp:attachment":[{"href":"https:\/\/diariotiempo.com.uy\/noticias\/wp-json\/wp\/v2\/media?parent=8189"}],"wp:term":[{"taxonomy":"category","embeddable":true,"href":"https:\/\/diariotiempo.com.uy\/noticias\/wp-json\/wp\/v2\/categories?post=8189"},{"taxonomy":"post_tag","embeddable":true,"href":"https:\/\/diariotiempo.com.uy\/noticias\/wp-json\/wp\/v2\/tags?post=8189"}],"curies":[{"name":"wp","href":"https:\/\/api.w.org\/{rel}","templated":true}]}}