{"id":8195,"date":"2022-11-05T12:45:09","date_gmt":"2022-11-05T12:45:09","guid":{"rendered":"https:\/\/diariotiempo.com.uy\/noticias\/?p=8195"},"modified":"2022-11-05T12:45:10","modified_gmt":"2022-11-05T12:45:10","slug":"hermoso-y-disfrutable-libro-de-dubal-gonzalez-marrero","status":"publish","type":"post","link":"https:\/\/diariotiempo.com.uy\/noticias\/2022\/11\/05\/hermoso-y-disfrutable-libro-de-dubal-gonzalez-marrero\/","title":{"rendered":"Hermoso y disfrutable libro de D\u00fabal Gonz\u00e1lez Marrero"},"content":{"rendered":"\n<figure class=\"wp-block-image aligncenter size-full\"><img loading=\"lazy\" decoding=\"async\" width=\"646\" height=\"825\" src=\"https:\/\/diariotiempo.com.uy\/noticias\/wp-content\/uploads\/2022\/11\/semblanza.jpg\" alt=\"\" class=\"wp-image-8196\" srcset=\"https:\/\/diariotiempo.com.uy\/noticias\/wp-content\/uploads\/2022\/11\/semblanza.jpg 646w, https:\/\/diariotiempo.com.uy\/noticias\/wp-content\/uploads\/2022\/11\/semblanza-235x300.jpg 235w\" sizes=\"auto, (max-width: 646px) 100vw, 646px\" \/><\/figure>\n\n\n\n<p>Por Daniel Mesa.Hace unos d\u00edas, lleg\u00f3 hasta la redacci\u00f3n de diario Tiempo, nuestro querido amigo D\u00fabal Gonz\u00e1lez. Tra\u00eda en sus manos un ejemplar de su libro \u00abSemblanza\u00bb, que recibimos con mucha expectativa.<br>Impreso en Imprenta Gr\u00e1fica Mosca, con excelente dise\u00f1o de Carlos Satragno, como nos tiene acostumbrados, resalta el trabajo realizado por Nora Pe\u00f1a, que digitaliz\u00f3, organiz\u00f3 y prolog\u00f3; con enorme entusiasmo los recuerdos que D\u00fabal ten\u00eda guardados en varias cuadernolas escritas a mano.<br>Nora apasionada en la investigaci\u00f3n de los or\u00edgenes canarios de su familia se encuentra con D\u00fabal, con quien tiene lazos de parentezco y acuerdan realizar esta publicaci\u00f3n. QUE cuenta la llegada de los canarios ascendientes de D\u00fabal (sus abuelos), al Uruguay en 1878 y nos hace transcurrir en un relato ameno y cargado de emociones sobre la llegada de estos canarios a la zona de La Pedrera y Ca\u00f1ada Grande.<br>La sorpresa de encontrar una pradera verde con peque\u00f1os hilos de agua y la solidaridad con los reci\u00e9n llegados para hacer los ranchos de terr\u00f3n y paja.El pr\u00e9stamo de herramientas y de animales por parte de los vecinos (algunos de ellos tambi\u00e9n llegados de las Islas Canarias).<br>Este libro habla de la familia, el trabajo, la escuela, el ferrocarril, la producci\u00f3n y en forma detallada y exacta nos relata la historia de las vivencias de una \u00e9poca cargada de dificultades, las que se venc\u00edan con trabajo y tes\u00f3n.<br>D\u00fabal, tambi\u00e9n cuenta cuando dej\u00f3 Ca\u00f1ada Grande y se traslad\u00f3 a Pando, su viaje a la Argentina y al Paraguay.<br>Muchas colectividades de migrantes se organizan en nuestro medio y destacan sus or\u00edgenes, sus costumbres, su m\u00fasica, danzas y comidas, pero los descendientes canarios siempre han sido muy t\u00edmidos para expresar sus or\u00edgenes y costumbres las que se encuentran arraigadas en nuestro pa\u00eds. Este libro deja de lado esa timidez, relata y muestra la vida en nuestro medio rural.<br>La recomendaci\u00f3n es buscar el libro en las librer\u00edas de la ciudad de Pando ya que la edici\u00f3n seguramente se agotar\u00e1.<\/p>\n","protected":false},"excerpt":{"rendered":"<p>Por Daniel Mesa.Hace unos d\u00edas, lleg\u00f3 hasta la redacci\u00f3n de diario Tiempo, nuestro querido amigo&#8230;<\/p>\n","protected":false},"author":1,"featured_media":8196,"comment_status":"open","ping_status":"open","sticky":false,"template":"","format":"standard","meta":{"_monsterinsights_skip_tracking":false,"_monsterinsights_sitenote_active":false,"_monsterinsights_sitenote_note":"","_monsterinsights_sitenote_category":0,"footnotes":""},"categories":[21],"tags":[],"class_list":["post-8195","post","type-post","status-publish","format-standard","has-post-thumbnail","hentry","category-empalme-olmos"],"featured_image_urls":{"full":["https:\/\/diariotiempo.com.uy\/noticias\/wp-content\/uploads\/2022\/11\/semblanza.jpg",646,825,false],"thumbnail":["https:\/\/diariotiempo.com.uy\/noticias\/wp-content\/uploads\/2022\/11\/semblanza-150x150.jpg",150,150,true],"medium":["https:\/\/diariotiempo.com.uy\/noticias\/wp-content\/uploads\/2022\/11\/semblanza-235x300.jpg",235,300,true],"medium_large":["https:\/\/diariotiempo.com.uy\/noticias\/wp-content\/uploads\/2022\/11\/semblanza.jpg",640,817,false],"large":["https:\/\/diariotiempo.com.uy\/noticias\/wp-content\/uploads\/2022\/11\/semblanza.jpg",640,817,false],"rpg_gallery_admin_thumb":["https:\/\/diariotiempo.com.uy\/noticias\/wp-content\/uploads\/2022\/11\/semblanza.jpg",117,150,false],"rpg_gallery_thumb":["https:\/\/diariotiempo.com.uy\/noticias\/wp-content\/uploads\/2022\/11\/semblanza.jpg",117,150,false],"1536x1536":["https:\/\/diariotiempo.com.uy\/noticias\/wp-content\/uploads\/2022\/11\/semblanza.jpg",646,825,false],"2048x2048":["https:\/\/diariotiempo.com.uy\/noticias\/wp-content\/uploads\/2022\/11\/semblanza.jpg",646,825,false],"covernews-slider-full":["https:\/\/diariotiempo.com.uy\/noticias\/wp-content\/uploads\/2022\/11\/semblanza-646x715.jpg",646,715,true],"covernews-slider-center":["https:\/\/diariotiempo.com.uy\/noticias\/wp-content\/uploads\/2022\/11\/semblanza-646x500.jpg",646,500,true],"covernews-featured":["https:\/\/diariotiempo.com.uy\/noticias\/wp-content\/uploads\/2022\/11\/semblanza.jpg",646,825,false],"covernews-medium":["https:\/\/diariotiempo.com.uy\/noticias\/wp-content\/uploads\/2022\/11\/semblanza-540x340.jpg",540,340,true],"covernews-medium-square":["https:\/\/diariotiempo.com.uy\/noticias\/wp-content\/uploads\/2022\/11\/semblanza-400x250.jpg",400,250,true]},"author_info":{"display_name":"diario","author_link":"https:\/\/diariotiempo.com.uy\/noticias\/author\/diario\/"},"category_info":"<a href=\"https:\/\/diariotiempo.com.uy\/noticias\/category\/departamental\/empalme-olmos\/\" rel=\"category tag\">Empalme Olmos<\/a>","tag_info":"Empalme Olmos","comment_count":"0","_links":{"self":[{"href":"https:\/\/diariotiempo.com.uy\/noticias\/wp-json\/wp\/v2\/posts\/8195","targetHints":{"allow":["GET"]}}],"collection":[{"href":"https:\/\/diariotiempo.com.uy\/noticias\/wp-json\/wp\/v2\/posts"}],"about":[{"href":"https:\/\/diariotiempo.com.uy\/noticias\/wp-json\/wp\/v2\/types\/post"}],"author":[{"embeddable":true,"href":"https:\/\/diariotiempo.com.uy\/noticias\/wp-json\/wp\/v2\/users\/1"}],"replies":[{"embeddable":true,"href":"https:\/\/diariotiempo.com.uy\/noticias\/wp-json\/wp\/v2\/comments?post=8195"}],"version-history":[{"count":1,"href":"https:\/\/diariotiempo.com.uy\/noticias\/wp-json\/wp\/v2\/posts\/8195\/revisions"}],"predecessor-version":[{"id":8197,"href":"https:\/\/diariotiempo.com.uy\/noticias\/wp-json\/wp\/v2\/posts\/8195\/revisions\/8197"}],"wp:featuredmedia":[{"embeddable":true,"href":"https:\/\/diariotiempo.com.uy\/noticias\/wp-json\/wp\/v2\/media\/8196"}],"wp:attachment":[{"href":"https:\/\/diariotiempo.com.uy\/noticias\/wp-json\/wp\/v2\/media?parent=8195"}],"wp:term":[{"taxonomy":"category","embeddable":true,"href":"https:\/\/diariotiempo.com.uy\/noticias\/wp-json\/wp\/v2\/categories?post=8195"},{"taxonomy":"post_tag","embeddable":true,"href":"https:\/\/diariotiempo.com.uy\/noticias\/wp-json\/wp\/v2\/tags?post=8195"}],"curies":[{"name":"wp","href":"https:\/\/api.w.org\/{rel}","templated":true}]}}