{"id":833,"date":"2015-04-10T17:58:00","date_gmt":"2015-04-10T17:58:00","guid":{"rendered":"https:\/\/diariotiempo.com.uy\/noticias\/?p=833"},"modified":"2021-04-13T18:10:07","modified_gmt":"2021-04-13T18:10:07","slug":"necropolis","status":"publish","type":"post","link":"https:\/\/diariotiempo.com.uy\/noticias\/2015\/04\/10\/necropolis\/","title":{"rendered":"Necropolis"},"content":{"rendered":"\n<p><strong>Informacion brindada por Seccion Necropolis de los Municipios<\/strong><\/p>\n\n\n\n<p>JUAN FAGUNDEZ, sepelio realizado el d\u00eda 27 de Marzo de 2015 en el cementerio de Pando<br>JUAN LOGALDO, sepelio realizado el d\u00eda 27 de Marzo de 2015 en el cementerio de Pando<br>CARLOS DIAZ, sepelio realizado el d\u00eda 27 de Marzo de 2015 en el cementerio de Pando<br>CARMEN ZABALA, sepelio realizado el d\u00eda 27 de Marzo de 2015 en el cementerio de Pando<br>RUBIRO SILVERA, sepelio realizado el d\u00eda 27 de Marzo de 2015 en el cementerio de Pando<br>HENRY FURTADO, sepelio realizado el d\u00eda 28 de Marzo de 2015 en el cementerio de Pando<br>AMERICO SILVERA, sepelio realizado el d\u00eda 28 de Marzo de 2015 en el cementerio de Pando<br>WALTER DIAZ, sepelio realizado el d\u00eda 29 de Marzo de 2015 en el cementerio de Pando<br>FRANCISCO BRAIDA, sepelio realizado el d\u00eda 29 de Marzo de 2015 en el cementerio de Pando<br>NELSON SANDONA, sepelio realizado el d\u00eda 30 de Marzo de 2015 en el cementerio de Pando<br>MARIA SANCHEZ, sepelio realizado el d\u00eda 30 de Marzo de 2015 en el cementerio de Pando<br>ALDO CABRERA, sepelio realizado el d\u00eda 31 de Marzo de 2015 en el cementerio de Pando<br>ZULMA HERNANDEZ, sepelio realizado el d\u00eda 1\u00ba de Abril de 2015 en el cementerio de Pando<br>SANTIAGO VIDAL, sepelio realizado el d\u00eda 3 de Abril de 2015 en el cementerio de Pando<br>MARIA BALCALCEL, sepelio realizado el d\u00eda 4 de Abril de 2015 en el cementerio de Pando<br>ERNESTINA DIAZ, sepelio realizado el d\u00eda 4 de Abril de 2015 en el cementerio de Pando<br>CATALINA PEDUTTO, sepelio realizado el d\u00eda 4 de Abril de 2015 en el cementerio de Pando<br>RAMON ALVAREZ, sepelio realizado el d\u00eda 5 de Abril de 2015 en el cementerio de Pando<br>WILLIAN COITI\u00d1O, sepelio realizado el d\u00eda 5 de Abril de 2015 en el cementerio de Pando<br>GABRIELA SOSA, sepelio realizado el d\u00eda 6 de Abril de 2015 en el cementerio de Pando<br>JORGE MENDEZ, sepelio realizado el d\u00eda 6 de Abril de 2015 en el cementerio de Pando<br>MARI ALBORNOZ, sepelio realizado el d\u00eda 6 de Abril de 2015 en el cementerio de Pando<br>AROLDO CRIADO, sepelio realizado el d\u00eda 6 de Abril de 2015 en el cementerio de Pando<br>CLELIO MAIDANA, sepelio realizado el d\u00eda 6 de Abril de 2015 en el cementerio de Pando<br>ARTIGAS MUNIZ, sepelio realizado el d\u00eda 7 de Abril de 2015 en el cementerio de Pando<br>DOMINGO REYES, sepelio realizado el d\u00eda 8 de Abril de 2015 en el cementerio de Pando<br>JULIO LOUZAO, sepelio realizado el d\u00eda 8 de Abril de 2015 en el cementerio de Pando<\/p>\n","protected":false},"excerpt":{"rendered":"<p>Informacion brindada por Seccion Necropolis de los Municipios JUAN FAGUNDEZ, sepelio realizado el d\u00eda 27&#8230;<\/p>\n","protected":false},"author":1,"featured_media":835,"comment_status":"open","ping_status":"open","sticky":false,"template":"","format":"standard","meta":{"_monsterinsights_skip_tracking":false,"_monsterinsights_sitenote_active":false,"_monsterinsights_sitenote_note":"","_monsterinsights_sitenote_category":0,"footnotes":""},"categories":[9],"tags":[],"class_list":["post-833","post","type-post","status-publish","format-standard","has-post-thumbnail","hentry","category-necrilogicas"],"featured_image_urls":{"full":["https:\/\/diariotiempo.com.uy\/noticias\/wp-content\/uploads\/2015\/04\/necr.png",351,185,false],"thumbnail":["https:\/\/diariotiempo.com.uy\/noticias\/wp-content\/uploads\/2015\/04\/necr-150x150.png",150,150,true],"medium":["https:\/\/diariotiempo.com.uy\/noticias\/wp-content\/uploads\/2015\/04\/necr-300x158.png",300,158,true],"medium_large":["https:\/\/diariotiempo.com.uy\/noticias\/wp-content\/uploads\/2015\/04\/necr.png",351,185,false],"large":["https:\/\/diariotiempo.com.uy\/noticias\/wp-content\/uploads\/2015\/04\/necr.png",351,185,false],"rpg_gallery_admin_thumb":["https:\/\/diariotiempo.com.uy\/noticias\/wp-content\/uploads\/2015\/04\/necr.png",150,79,false],"rpg_gallery_thumb":["https:\/\/diariotiempo.com.uy\/noticias\/wp-content\/uploads\/2015\/04\/necr.png",150,79,false],"1536x1536":["https:\/\/diariotiempo.com.uy\/noticias\/wp-content\/uploads\/2015\/04\/necr.png",351,185,false],"2048x2048":["https:\/\/diariotiempo.com.uy\/noticias\/wp-content\/uploads\/2015\/04\/necr.png",351,185,false],"covernews-slider-full":["https:\/\/diariotiempo.com.uy\/noticias\/wp-content\/uploads\/2015\/04\/necr.png",351,185,false],"covernews-slider-center":["https:\/\/diariotiempo.com.uy\/noticias\/wp-content\/uploads\/2015\/04\/necr.png",351,185,false],"covernews-featured":["https:\/\/diariotiempo.com.uy\/noticias\/wp-content\/uploads\/2015\/04\/necr.png",351,185,false],"covernews-medium":["https:\/\/diariotiempo.com.uy\/noticias\/wp-content\/uploads\/2015\/04\/necr.png",351,185,false],"covernews-medium-square":["https:\/\/diariotiempo.com.uy\/noticias\/wp-content\/uploads\/2015\/04\/necr.png",351,185,false]},"author_info":{"display_name":"diario","author_link":"https:\/\/diariotiempo.com.uy\/noticias\/author\/diario\/"},"category_info":"<a href=\"https:\/\/diariotiempo.com.uy\/noticias\/category\/necrilogicas\/\" rel=\"category tag\">NECROL\u00d3GICAS<\/a>","tag_info":"NECROL\u00d3GICAS","comment_count":"0","_links":{"self":[{"href":"https:\/\/diariotiempo.com.uy\/noticias\/wp-json\/wp\/v2\/posts\/833","targetHints":{"allow":["GET"]}}],"collection":[{"href":"https:\/\/diariotiempo.com.uy\/noticias\/wp-json\/wp\/v2\/posts"}],"about":[{"href":"https:\/\/diariotiempo.com.uy\/noticias\/wp-json\/wp\/v2\/types\/post"}],"author":[{"embeddable":true,"href":"https:\/\/diariotiempo.com.uy\/noticias\/wp-json\/wp\/v2\/users\/1"}],"replies":[{"embeddable":true,"href":"https:\/\/diariotiempo.com.uy\/noticias\/wp-json\/wp\/v2\/comments?post=833"}],"version-history":[{"count":1,"href":"https:\/\/diariotiempo.com.uy\/noticias\/wp-json\/wp\/v2\/posts\/833\/revisions"}],"predecessor-version":[{"id":834,"href":"https:\/\/diariotiempo.com.uy\/noticias\/wp-json\/wp\/v2\/posts\/833\/revisions\/834"}],"wp:featuredmedia":[{"embeddable":true,"href":"https:\/\/diariotiempo.com.uy\/noticias\/wp-json\/wp\/v2\/media\/835"}],"wp:attachment":[{"href":"https:\/\/diariotiempo.com.uy\/noticias\/wp-json\/wp\/v2\/media?parent=833"}],"wp:term":[{"taxonomy":"category","embeddable":true,"href":"https:\/\/diariotiempo.com.uy\/noticias\/wp-json\/wp\/v2\/categories?post=833"},{"taxonomy":"post_tag","embeddable":true,"href":"https:\/\/diariotiempo.com.uy\/noticias\/wp-json\/wp\/v2\/tags?post=833"}],"curies":[{"name":"wp","href":"https:\/\/api.w.org\/{rel}","templated":true}]}}