{"id":8429,"date":"2022-11-19T01:57:09","date_gmt":"2022-11-19T01:57:09","guid":{"rendered":"https:\/\/diariotiempo.com.uy\/noticias\/?p=8429"},"modified":"2022-11-19T01:57:39","modified_gmt":"2022-11-19T01:57:39","slug":"progreso-celebro-en-el-club-de-leones-sus-151-aniversario-de-su-proceso-fundacional","status":"publish","type":"post","link":"https:\/\/diariotiempo.com.uy\/noticias\/2022\/11\/19\/progreso-celebro-en-el-club-de-leones-sus-151-aniversario-de-su-proceso-fundacional\/","title":{"rendered":"Progreso celebr\u00f3 en el Club de Leones, sus 151\u00b0 aniversario de su proceso fundacional"},"content":{"rendered":"\n<figure class=\"wp-block-image size-full\"><img loading=\"lazy\" decoding=\"async\" width=\"800\" height=\"534\" src=\"https:\/\/diariotiempo.com.uy\/noticias\/wp-content\/uploads\/2022\/11\/arboll.jpg\" alt=\"\" class=\"wp-image-8430\" srcset=\"https:\/\/diariotiempo.com.uy\/noticias\/wp-content\/uploads\/2022\/11\/arboll.jpg 800w, https:\/\/diariotiempo.com.uy\/noticias\/wp-content\/uploads\/2022\/11\/arboll-300x200.jpg 300w, https:\/\/diariotiempo.com.uy\/noticias\/wp-content\/uploads\/2022\/11\/arboll-768x513.jpg 768w\" sizes=\"auto, (max-width: 800px) 100vw, 800px\" \/><\/figure>\n\n\n\n<p>Con un buen marco de p\u00fablico, se realiz\u00f3 el acto en conmemoraci\u00f3n del 151\u00b0 aniversario del proceso fundacional de la ciudad de Progreso en el Club de Leones. Un 15 de noviembre de 1871 lleg\u00f3 el primer ferrocarril iniciando dicho proceso, en el que la estaci\u00f3n recibi\u00f3 la denominaci\u00f3n de Progreso.<br>Participaron de la actividad la Pro Secretaria General, Silvana Nieves, el Director de Patrimonio del Gobierno de Canelones, Federico L\u00f3pez, el Alcalde del Municipio de Progreso, Claudio Duarte, el Presidente de la Comisi\u00f3n de Amigos de Patrimonio, H\u00e9ctor Trabuco, autoridades nacionales, departamentales y locales, vecinos, vecinas, escolares e integrantes de las instituciones locales y fuerzas vivas de la ciudad.<br>La Pro Secretaria General de la Intendencia, Silvana Nieves, coment\u00f3 que \u201ccada una de las localidades que cumple a\u00f1os es parte de la historia del departamento y tiene una trayectoria de cada lugar. En particular, vecinos y vecinas de esta ciudad tienen mucho sentimiento respecto al proceso\u201d. En esta linea, agreg\u00f3 que \u201clo m\u00e1s rico que tiene este lugar es la humanidad y el patrimonio de su gente que se vuelve tangible en el cari\u00f1o que ponen en cada una de las cosas que hacen; por ejemplo, el artista con la representaci\u00f3n del \u00e1rbol, el tallado de los ni\u00f1os de la escuela y las ramas con la punta de los l\u00e1pices, es precioso\u201d.<br>Por su parte, el Alcalde del Municipio de Progreso, Claudio Duarte, hizo hincapi\u00e9 en la participaci\u00f3n y el compromiso de las comisiones, organizaciones y centros educativos. \u201cEstamos trabajando en equipo y la participaci\u00f3n ciudadana sigue latiendo. El acto protocolar es organizado por una comisi\u00f3n de vecinas y vecinos rescatando la memoria con la inauguraci\u00f3n del \u00e1rbol que para nosotros es patrimonio\u201d. Adem\u00e1s, se\u00f1al\u00f3 que \u201cel \u00e1rbol tiene m\u00e1s de 70 a\u00f1os y fue plantado por ex maestras y ex alumnos de la escuela N\u00b0204 que hoy se encuentran presentes, es muy emotivo\u201d.<br>Durante la jornada, integrantes de la Comisi\u00f3n de Patrimonio de Progreso hicieron entrega de recuerdos del \u00e1rbol de Ibirapit\u00e1 a las personas y a ex maestras de la escuela Expermiental que colaboraron en la reeconstrucci\u00f3n de la memoria y la historia de la plazoleta Artigas.<br>Para finalizar la actividad, las autoridades y la Comisi\u00f3n de Amigos del Patrimonio de Progreso realizaron el descubrimiento del tallado del \u00e1rbol de Ibirapit\u00e1 en la plazoleta Artigas (actual rotonda), realizada por el artista local Jos\u00e9 Luis Pati\u00f1o que tiene un alto valor hist\u00f3rico y simboliza el rico patrimonio de la comunidad de Progreso.<\/p>\n","protected":false},"excerpt":{"rendered":"<p>Con un buen marco de p\u00fablico, se realiz\u00f3 el acto en conmemoraci\u00f3n del 151\u00b0 aniversario&#8230;<\/p>\n","protected":false},"author":1,"featured_media":8430,"comment_status":"open","ping_status":"open","sticky":false,"template":"","format":"standard","meta":{"_monsterinsights_skip_tracking":false,"_monsterinsights_sitenote_active":false,"_monsterinsights_sitenote_note":"","_monsterinsights_sitenote_category":0,"footnotes":""},"categories":[108],"tags":[],"class_list":["post-8429","post","type-post","status-publish","format-standard","has-post-thumbnail","hentry","category-progreso"],"featured_image_urls":{"full":["https:\/\/diariotiempo.com.uy\/noticias\/wp-content\/uploads\/2022\/11\/arboll.jpg",800,534,false],"thumbnail":["https:\/\/diariotiempo.com.uy\/noticias\/wp-content\/uploads\/2022\/11\/arboll-150x150.jpg",150,150,true],"medium":["https:\/\/diariotiempo.com.uy\/noticias\/wp-content\/uploads\/2022\/11\/arboll-300x200.jpg",300,200,true],"medium_large":["https:\/\/diariotiempo.com.uy\/noticias\/wp-content\/uploads\/2022\/11\/arboll-768x513.jpg",640,428,true],"large":["https:\/\/diariotiempo.com.uy\/noticias\/wp-content\/uploads\/2022\/11\/arboll.jpg",640,427,false],"rpg_gallery_admin_thumb":["https:\/\/diariotiempo.com.uy\/noticias\/wp-content\/uploads\/2022\/11\/arboll.jpg",150,100,false],"rpg_gallery_thumb":["https:\/\/diariotiempo.com.uy\/noticias\/wp-content\/uploads\/2022\/11\/arboll.jpg",150,100,false],"1536x1536":["https:\/\/diariotiempo.com.uy\/noticias\/wp-content\/uploads\/2022\/11\/arboll.jpg",800,534,false],"2048x2048":["https:\/\/diariotiempo.com.uy\/noticias\/wp-content\/uploads\/2022\/11\/arboll.jpg",800,534,false],"covernews-slider-full":["https:\/\/diariotiempo.com.uy\/noticias\/wp-content\/uploads\/2022\/11\/arboll.jpg",800,534,false],"covernews-slider-center":["https:\/\/diariotiempo.com.uy\/noticias\/wp-content\/uploads\/2022\/11\/arboll-800x500.jpg",800,500,true],"covernews-featured":["https:\/\/diariotiempo.com.uy\/noticias\/wp-content\/uploads\/2022\/11\/arboll.jpg",800,534,false],"covernews-medium":["https:\/\/diariotiempo.com.uy\/noticias\/wp-content\/uploads\/2022\/11\/arboll-540x340.jpg",540,340,true],"covernews-medium-square":["https:\/\/diariotiempo.com.uy\/noticias\/wp-content\/uploads\/2022\/11\/arboll-400x250.jpg",400,250,true]},"author_info":{"display_name":"diario","author_link":"https:\/\/diariotiempo.com.uy\/noticias\/author\/diario\/"},"category_info":"<a href=\"https:\/\/diariotiempo.com.uy\/noticias\/category\/progreso\/\" rel=\"category tag\">Progreso<\/a>","tag_info":"Progreso","comment_count":"0","_links":{"self":[{"href":"https:\/\/diariotiempo.com.uy\/noticias\/wp-json\/wp\/v2\/posts\/8429","targetHints":{"allow":["GET"]}}],"collection":[{"href":"https:\/\/diariotiempo.com.uy\/noticias\/wp-json\/wp\/v2\/posts"}],"about":[{"href":"https:\/\/diariotiempo.com.uy\/noticias\/wp-json\/wp\/v2\/types\/post"}],"author":[{"embeddable":true,"href":"https:\/\/diariotiempo.com.uy\/noticias\/wp-json\/wp\/v2\/users\/1"}],"replies":[{"embeddable":true,"href":"https:\/\/diariotiempo.com.uy\/noticias\/wp-json\/wp\/v2\/comments?post=8429"}],"version-history":[{"count":1,"href":"https:\/\/diariotiempo.com.uy\/noticias\/wp-json\/wp\/v2\/posts\/8429\/revisions"}],"predecessor-version":[{"id":8431,"href":"https:\/\/diariotiempo.com.uy\/noticias\/wp-json\/wp\/v2\/posts\/8429\/revisions\/8431"}],"wp:featuredmedia":[{"embeddable":true,"href":"https:\/\/diariotiempo.com.uy\/noticias\/wp-json\/wp\/v2\/media\/8430"}],"wp:attachment":[{"href":"https:\/\/diariotiempo.com.uy\/noticias\/wp-json\/wp\/v2\/media?parent=8429"}],"wp:term":[{"taxonomy":"category","embeddable":true,"href":"https:\/\/diariotiempo.com.uy\/noticias\/wp-json\/wp\/v2\/categories?post=8429"},{"taxonomy":"post_tag","embeddable":true,"href":"https:\/\/diariotiempo.com.uy\/noticias\/wp-json\/wp\/v2\/tags?post=8429"}],"curies":[{"name":"wp","href":"https:\/\/api.w.org\/{rel}","templated":true}]}}