{"id":8432,"date":"2022-11-19T01:59:15","date_gmt":"2022-11-19T01:59:15","guid":{"rendered":"https:\/\/diariotiempo.com.uy\/noticias\/?p=8432"},"modified":"2022-11-19T01:59:16","modified_gmt":"2022-11-19T01:59:16","slug":"personas-privadas-de-libertad-estan-trabajado-en-el-acondicionamiento-de-playas-en-parque-del-plata","status":"publish","type":"post","link":"https:\/\/diariotiempo.com.uy\/noticias\/2022\/11\/19\/personas-privadas-de-libertad-estan-trabajado-en-el-acondicionamiento-de-playas-en-parque-del-plata\/","title":{"rendered":"Personas privadas de libertad est\u00e1n trabajado en el acondicionamiento de playas en Parque del Plata"},"content":{"rendered":"\n<figure class=\"wp-block-image size-full\"><img loading=\"lazy\" decoding=\"async\" width=\"800\" height=\"450\" src=\"https:\/\/diariotiempo.com.uy\/noticias\/wp-content\/uploads\/2022\/11\/parque.jpg\" alt=\"\" class=\"wp-image-8433\" srcset=\"https:\/\/diariotiempo.com.uy\/noticias\/wp-content\/uploads\/2022\/11\/parque.jpg 800w, https:\/\/diariotiempo.com.uy\/noticias\/wp-content\/uploads\/2022\/11\/parque-300x169.jpg 300w, https:\/\/diariotiempo.com.uy\/noticias\/wp-content\/uploads\/2022\/11\/parque-768x432.jpg 768w\" sizes=\"auto, (max-width: 800px) 100vw, 800px\" \/><\/figure>\n\n\n\n<p>El Gobierno Departamental, en convenio con la Direcci\u00f3n Nacional de Educaci\u00f3n del Ministerio de Educaci\u00f3n y Cultura (MEC), viene desarrollando el programa Aprender Siempre (PAS) en la Unidad de Reclusi\u00f3n N\u00b07, C\u00e1rcel de Canelones. El programa les ense\u00f1a a algunas personas privadas de libertad carpinter\u00eda y el producto de su trabajo se vierte a la comunidad. En esta oportunidad, en el Municipio de Parque del Plata se est\u00e1n colocando sendas de madera para entrar a la playa 21.<br>El Director de Seguridad y Convivencia del Gobierno de Canelones, Nicolas Guillenea, dijo que la Intendencia tiene varios antecedentes de trabajo en bajadas de playas realizadas por reclusos y que \u201cse conjugan un mont\u00f3n de cosas fundamentales, como son la salida de los privados de libertad en un trabajo absolutamente diferente al que pueden mantener en la c\u00e1rcel. A la vez, colaboran con la accesibilidad, que es algo que pretendemos desarrollar en todo el departamento\u201d. Lo m\u00e1s importante, seg\u00fan Guillenea, es que las personas privadas de libertad pueden estar realizando una tarea y \u201csinti\u00e9ndose \u00fatiles, en contacto con la naturaleza y haciendo tareas para el departamento, lo que genera un sentido de pertenencia muy importante\u201d.<\/p>\n\n\n\n<p>Por su parte, la Alcaldesa de Parque del Plata, Tania Vecchio, explic\u00f3 que la obra empez\u00f3 hace dos a\u00f1os con la recuperaci\u00f3n de varias cuadras de playa y rambla. \u201cEn esta parte en especial no se podr\u00eda ingresar hace un a\u00f1o y medio atr\u00e1s porque estaba el arroyo, que ahora se est\u00e1 devolviendo a su lugar. Para nosotros es muy importante esta bajada porque es muy buscada por los vecinos (\u2026) Si bien en un momento dijimos que no se podr\u00eda usar como ba\u00f1o, ahora hay una casilla de guardavidas porque los vecinos bajan. Poder trabajar en la rehabilitaci\u00f3n de los presos nos parece una gran idea, ya que es tender redes en Canelones\u201d, puntualiz\u00f3.<br>En tanto, el Director de Educaci\u00f3n y Trabajo de la Intendencia de Canelones, Jorge Repetto, explic\u00f3 que se trata de tareas en territorio dentro del PAS. \u201cEs un proyecto educativo que ayuda a la rehabilitaci\u00f3n de reclusos (\u2026) Busca devolverle a la comunidad parte de esa inversi\u00f3n y capacitaci\u00f3n en trabajo con un producto concreto que le sea beneficioso. La experiencia viene desde hace tiempo; en este formato el a\u00f1o pasado se trabaj\u00f3 en cinco bajadas del Municipio de La Floresta y este a\u00f1o se tom\u00f3 Parque del Plata\u201d, subray\u00f3.<br>Fuente y foto IMC<\/p>\n","protected":false},"excerpt":{"rendered":"<p>El Gobierno Departamental, en convenio con la Direcci\u00f3n Nacional de Educaci\u00f3n del Ministerio de Educaci\u00f3n&#8230;<\/p>\n","protected":false},"author":1,"featured_media":8433,"comment_status":"open","ping_status":"open","sticky":false,"template":"","format":"standard","meta":{"_monsterinsights_skip_tracking":false,"_monsterinsights_sitenote_active":false,"_monsterinsights_sitenote_note":"","_monsterinsights_sitenote_category":0,"footnotes":""},"categories":[86],"tags":[],"class_list":["post-8432","post","type-post","status-publish","format-standard","has-post-thumbnail","hentry","category-parque-del-plata"],"featured_image_urls":{"full":["https:\/\/diariotiempo.com.uy\/noticias\/wp-content\/uploads\/2022\/11\/parque.jpg",800,450,false],"thumbnail":["https:\/\/diariotiempo.com.uy\/noticias\/wp-content\/uploads\/2022\/11\/parque-150x150.jpg",150,150,true],"medium":["https:\/\/diariotiempo.com.uy\/noticias\/wp-content\/uploads\/2022\/11\/parque-300x169.jpg",300,169,true],"medium_large":["https:\/\/diariotiempo.com.uy\/noticias\/wp-content\/uploads\/2022\/11\/parque-768x432.jpg",640,360,true],"large":["https:\/\/diariotiempo.com.uy\/noticias\/wp-content\/uploads\/2022\/11\/parque.jpg",640,360,false],"rpg_gallery_admin_thumb":["https:\/\/diariotiempo.com.uy\/noticias\/wp-content\/uploads\/2022\/11\/parque.jpg",150,84,false],"rpg_gallery_thumb":["https:\/\/diariotiempo.com.uy\/noticias\/wp-content\/uploads\/2022\/11\/parque.jpg",150,84,false],"1536x1536":["https:\/\/diariotiempo.com.uy\/noticias\/wp-content\/uploads\/2022\/11\/parque.jpg",800,450,false],"2048x2048":["https:\/\/diariotiempo.com.uy\/noticias\/wp-content\/uploads\/2022\/11\/parque.jpg",800,450,false],"covernews-slider-full":["https:\/\/diariotiempo.com.uy\/noticias\/wp-content\/uploads\/2022\/11\/parque.jpg",800,450,false],"covernews-slider-center":["https:\/\/diariotiempo.com.uy\/noticias\/wp-content\/uploads\/2022\/11\/parque.jpg",800,450,false],"covernews-featured":["https:\/\/diariotiempo.com.uy\/noticias\/wp-content\/uploads\/2022\/11\/parque.jpg",800,450,false],"covernews-medium":["https:\/\/diariotiempo.com.uy\/noticias\/wp-content\/uploads\/2022\/11\/parque-540x340.jpg",540,340,true],"covernews-medium-square":["https:\/\/diariotiempo.com.uy\/noticias\/wp-content\/uploads\/2022\/11\/parque-400x250.jpg",400,250,true]},"author_info":{"display_name":"diario","author_link":"https:\/\/diariotiempo.com.uy\/noticias\/author\/diario\/"},"category_info":"<a href=\"https:\/\/diariotiempo.com.uy\/noticias\/category\/departamental\/parque-del-plata\/\" rel=\"category tag\">Parque del Plata<\/a>","tag_info":"Parque del Plata","comment_count":"0","_links":{"self":[{"href":"https:\/\/diariotiempo.com.uy\/noticias\/wp-json\/wp\/v2\/posts\/8432","targetHints":{"allow":["GET"]}}],"collection":[{"href":"https:\/\/diariotiempo.com.uy\/noticias\/wp-json\/wp\/v2\/posts"}],"about":[{"href":"https:\/\/diariotiempo.com.uy\/noticias\/wp-json\/wp\/v2\/types\/post"}],"author":[{"embeddable":true,"href":"https:\/\/diariotiempo.com.uy\/noticias\/wp-json\/wp\/v2\/users\/1"}],"replies":[{"embeddable":true,"href":"https:\/\/diariotiempo.com.uy\/noticias\/wp-json\/wp\/v2\/comments?post=8432"}],"version-history":[{"count":1,"href":"https:\/\/diariotiempo.com.uy\/noticias\/wp-json\/wp\/v2\/posts\/8432\/revisions"}],"predecessor-version":[{"id":8434,"href":"https:\/\/diariotiempo.com.uy\/noticias\/wp-json\/wp\/v2\/posts\/8432\/revisions\/8434"}],"wp:featuredmedia":[{"embeddable":true,"href":"https:\/\/diariotiempo.com.uy\/noticias\/wp-json\/wp\/v2\/media\/8433"}],"wp:attachment":[{"href":"https:\/\/diariotiempo.com.uy\/noticias\/wp-json\/wp\/v2\/media?parent=8432"}],"wp:term":[{"taxonomy":"category","embeddable":true,"href":"https:\/\/diariotiempo.com.uy\/noticias\/wp-json\/wp\/v2\/categories?post=8432"},{"taxonomy":"post_tag","embeddable":true,"href":"https:\/\/diariotiempo.com.uy\/noticias\/wp-json\/wp\/v2\/tags?post=8432"}],"curies":[{"name":"wp","href":"https:\/\/api.w.org\/{rel}","templated":true}]}}