{"id":8502,"date":"2022-11-22T15:13:59","date_gmt":"2022-11-22T15:13:59","guid":{"rendered":"https:\/\/diariotiempo.com.uy\/noticias\/?p=8502"},"modified":"2022-11-22T15:14:33","modified_gmt":"2022-11-22T15:14:33","slug":"sorteo-de-mevir-posibilitara-acceso-a-vivienda-propia-a-70-familias-de-san-ramon","status":"publish","type":"post","link":"https:\/\/diariotiempo.com.uy\/noticias\/2022\/11\/22\/sorteo-de-mevir-posibilitara-acceso-a-vivienda-propia-a-70-familias-de-san-ramon\/","title":{"rendered":"Sorteo de Mevir posibilitar\u00e1 acceso a vivienda propia a 70 familias de San Ram\u00f3n"},"content":{"rendered":"\n<figure class=\"wp-block-image size-full\"><img loading=\"lazy\" decoding=\"async\" width=\"800\" height=\"800\" src=\"https:\/\/diariotiempo.com.uy\/noticias\/wp-content\/uploads\/2022\/11\/mevir-2.jpg\" alt=\"\" class=\"wp-image-8503\" srcset=\"https:\/\/diariotiempo.com.uy\/noticias\/wp-content\/uploads\/2022\/11\/mevir-2.jpg 800w, https:\/\/diariotiempo.com.uy\/noticias\/wp-content\/uploads\/2022\/11\/mevir-2-300x300.jpg 300w, https:\/\/diariotiempo.com.uy\/noticias\/wp-content\/uploads\/2022\/11\/mevir-2-150x150.jpg 150w, https:\/\/diariotiempo.com.uy\/noticias\/wp-content\/uploads\/2022\/11\/mevir-2-768x768.jpg 768w\" sizes=\"auto, (max-width: 800px) 100vw, 800px\" \/><\/figure>\n\n\n\n<p>Los beneficiarios de estas casas nucleadas, que se edificar\u00e1n a trav\u00e9s de un plan del organismo, se conocieron este viernes 18 en el Municipio de San Ram\u00f3n. El presidente de Mevir, Juan Pablo Delgado, indic\u00f3 que se trata de un sorteo de 70 cupos para 325 inscriptos. Asegur\u00f3 que quienes no hayan sido favorecidos en esta instancia dispondr\u00e1n de otra oportunidad para acceder a una vivienda.<br>Delgado valor\u00f3 especialmente la concreci\u00f3n del plan de Mevir, ya que los vecinos y las autoridades locales reclamaban soluciones habitacionales en San Ram\u00f3n hace muchos a\u00f1os. \u201cNo fue un camino f\u00e1cil, pero el trabajo articulado, comprometido y transparente entre los organismos y las empresas involucradas permiti\u00f3 la construcci\u00f3n de las viviendas\u201d, subray\u00f3<br>Asimismo, explic\u00f3 el mecanismo del sorteo y anunci\u00f3 que, de los 77 cupos habilitados, un 10% se deriv\u00f3 a organizaciones sociales de la zona, que utilizaron esta herramienta para postularse. A\u00f1adi\u00f3 que, si bien este dispositivo no es de las m\u00e1s justos, es el m\u00e1s transparente, y asever\u00f3 que \u201ctodos tendr\u00e1n la oportunidad\u201d.<br>El subsecretario de Vivienda, Tabar\u00e9 Hackenbruch, en tanto, afirm\u00f3 que el plan de Mevir en la ciudad de San Ram\u00f3n es el m\u00e1s importante efectuado hasta el momento. Record\u00f3 los or\u00edgenes del programa y se\u00f1al\u00f3 que se trata de una pol\u00edtica de Estado que trascendi\u00f3 gobiernos y es muy exitosa.<br>\u201cNos comprometemos a seguir trabajando para que todos los uruguayos cumplan el sue\u00f1o de la casa propia\u201d, afirm\u00f3.<br>Fuente y foto presidencia<\/p>\n","protected":false},"excerpt":{"rendered":"<p>Los beneficiarios de estas casas nucleadas, que se edificar\u00e1n a trav\u00e9s de un plan del&#8230;<\/p>\n","protected":false},"author":1,"featured_media":8503,"comment_status":"open","ping_status":"open","sticky":false,"template":"","format":"standard","meta":{"_monsterinsights_skip_tracking":false,"_monsterinsights_sitenote_active":false,"_monsterinsights_sitenote_note":"","_monsterinsights_sitenote_category":0,"footnotes":""},"categories":[111],"tags":[],"class_list":["post-8502","post","type-post","status-publish","format-standard","has-post-thumbnail","hentry","category-san-ramon"],"featured_image_urls":{"full":["https:\/\/diariotiempo.com.uy\/noticias\/wp-content\/uploads\/2022\/11\/mevir-2.jpg",800,800,false],"thumbnail":["https:\/\/diariotiempo.com.uy\/noticias\/wp-content\/uploads\/2022\/11\/mevir-2-150x150.jpg",150,150,true],"medium":["https:\/\/diariotiempo.com.uy\/noticias\/wp-content\/uploads\/2022\/11\/mevir-2-300x300.jpg",300,300,true],"medium_large":["https:\/\/diariotiempo.com.uy\/noticias\/wp-content\/uploads\/2022\/11\/mevir-2-768x768.jpg",640,640,true],"large":["https:\/\/diariotiempo.com.uy\/noticias\/wp-content\/uploads\/2022\/11\/mevir-2.jpg",640,640,false],"rpg_gallery_admin_thumb":["https:\/\/diariotiempo.com.uy\/noticias\/wp-content\/uploads\/2022\/11\/mevir-2.jpg",150,150,false],"rpg_gallery_thumb":["https:\/\/diariotiempo.com.uy\/noticias\/wp-content\/uploads\/2022\/11\/mevir-2.jpg",150,150,false],"1536x1536":["https:\/\/diariotiempo.com.uy\/noticias\/wp-content\/uploads\/2022\/11\/mevir-2.jpg",800,800,false],"2048x2048":["https:\/\/diariotiempo.com.uy\/noticias\/wp-content\/uploads\/2022\/11\/mevir-2.jpg",800,800,false],"covernews-slider-full":["https:\/\/diariotiempo.com.uy\/noticias\/wp-content\/uploads\/2022\/11\/mevir-2-800x715.jpg",800,715,true],"covernews-slider-center":["https:\/\/diariotiempo.com.uy\/noticias\/wp-content\/uploads\/2022\/11\/mevir-2-800x500.jpg",800,500,true],"covernews-featured":["https:\/\/diariotiempo.com.uy\/noticias\/wp-content\/uploads\/2022\/11\/mevir-2.jpg",800,800,false],"covernews-medium":["https:\/\/diariotiempo.com.uy\/noticias\/wp-content\/uploads\/2022\/11\/mevir-2-540x340.jpg",540,340,true],"covernews-medium-square":["https:\/\/diariotiempo.com.uy\/noticias\/wp-content\/uploads\/2022\/11\/mevir-2-400x250.jpg",400,250,true]},"author_info":{"display_name":"diario","author_link":"https:\/\/diariotiempo.com.uy\/noticias\/author\/diario\/"},"category_info":"<a href=\"https:\/\/diariotiempo.com.uy\/noticias\/category\/departamental\/san-ramon\/\" rel=\"category tag\">San Ram\u00f3n<\/a>","tag_info":"San Ram\u00f3n","comment_count":"0","_links":{"self":[{"href":"https:\/\/diariotiempo.com.uy\/noticias\/wp-json\/wp\/v2\/posts\/8502","targetHints":{"allow":["GET"]}}],"collection":[{"href":"https:\/\/diariotiempo.com.uy\/noticias\/wp-json\/wp\/v2\/posts"}],"about":[{"href":"https:\/\/diariotiempo.com.uy\/noticias\/wp-json\/wp\/v2\/types\/post"}],"author":[{"embeddable":true,"href":"https:\/\/diariotiempo.com.uy\/noticias\/wp-json\/wp\/v2\/users\/1"}],"replies":[{"embeddable":true,"href":"https:\/\/diariotiempo.com.uy\/noticias\/wp-json\/wp\/v2\/comments?post=8502"}],"version-history":[{"count":1,"href":"https:\/\/diariotiempo.com.uy\/noticias\/wp-json\/wp\/v2\/posts\/8502\/revisions"}],"predecessor-version":[{"id":8504,"href":"https:\/\/diariotiempo.com.uy\/noticias\/wp-json\/wp\/v2\/posts\/8502\/revisions\/8504"}],"wp:featuredmedia":[{"embeddable":true,"href":"https:\/\/diariotiempo.com.uy\/noticias\/wp-json\/wp\/v2\/media\/8503"}],"wp:attachment":[{"href":"https:\/\/diariotiempo.com.uy\/noticias\/wp-json\/wp\/v2\/media?parent=8502"}],"wp:term":[{"taxonomy":"category","embeddable":true,"href":"https:\/\/diariotiempo.com.uy\/noticias\/wp-json\/wp\/v2\/categories?post=8502"},{"taxonomy":"post_tag","embeddable":true,"href":"https:\/\/diariotiempo.com.uy\/noticias\/wp-json\/wp\/v2\/tags?post=8502"}],"curies":[{"name":"wp","href":"https:\/\/api.w.org\/{rel}","templated":true}]}}