{"id":8645,"date":"2022-11-30T15:14:03","date_gmt":"2022-11-30T15:14:03","guid":{"rendered":"https:\/\/diariotiempo.com.uy\/noticias\/?p=8645"},"modified":"2022-11-30T15:14:04","modified_gmt":"2022-11-30T15:14:04","slug":"representantes-de-casi-200-paises-analizan-en-uruguay-alternativas-para-mitigar-la-contaminacion-por-plasticos","status":"publish","type":"post","link":"https:\/\/diariotiempo.com.uy\/noticias\/2022\/11\/30\/representantes-de-casi-200-paises-analizan-en-uruguay-alternativas-para-mitigar-la-contaminacion-por-plasticos\/","title":{"rendered":"Representantes de casi 200 pa\u00edses analizan en Uruguay alternativas para mitigar la contaminaci\u00f3n por pl\u00e1sticos"},"content":{"rendered":"\n<figure class=\"wp-block-gallery has-nested-images columns-default is-cropped wp-block-gallery-1 is-layout-flex wp-block-gallery-is-layout-flex\">\n<figure class=\"wp-block-image size-large\"><img loading=\"lazy\" decoding=\"async\" width=\"800\" height=\"532\" data-id=\"8647\" src=\"https:\/\/diariotiempo.com.uy\/noticias\/wp-content\/uploads\/2022\/11\/pena-maquina.jpg\" alt=\"\" class=\"wp-image-8647\" srcset=\"https:\/\/diariotiempo.com.uy\/noticias\/wp-content\/uploads\/2022\/11\/pena-maquina.jpg 800w, https:\/\/diariotiempo.com.uy\/noticias\/wp-content\/uploads\/2022\/11\/pena-maquina-300x200.jpg 300w, https:\/\/diariotiempo.com.uy\/noticias\/wp-content\/uploads\/2022\/11\/pena-maquina-768x511.jpg 768w\" sizes=\"auto, (max-width: 800px) 100vw, 800px\" \/><\/figure>\n\n\n\n<figure class=\"wp-block-image size-large\"><img loading=\"lazy\" decoding=\"async\" width=\"800\" height=\"532\" data-id=\"8646\" src=\"https:\/\/diariotiempo.com.uy\/noticias\/wp-content\/uploads\/2022\/11\/pena.jpg\" alt=\"\" class=\"wp-image-8646\" srcset=\"https:\/\/diariotiempo.com.uy\/noticias\/wp-content\/uploads\/2022\/11\/pena.jpg 800w, https:\/\/diariotiempo.com.uy\/noticias\/wp-content\/uploads\/2022\/11\/pena-300x200.jpg 300w, https:\/\/diariotiempo.com.uy\/noticias\/wp-content\/uploads\/2022\/11\/pena-768x511.jpg 768w\" sizes=\"auto, (max-width: 800px) 100vw, 800px\" \/><\/figure>\n<\/figure>\n\n\n\n<p>Con la presencia del presidente de la Rep\u00fablica Luis Lacalle Pou, el ministro de Ambiente, Adri\u00e1n Pe\u00f1a Robaina y la directora ejecutiva del Programa de las Naciones Unidas para el Medio Ambiente, Inger Andersen, se inaugur\u00f3 en Punta del Este la primera reuni\u00f3n del Comit\u00e9 intergubernamental de negociaci\u00f3n para la elaboraci\u00f3n de un instrumento internacional jur\u00eddicamente vinculante sobre la contaminaci\u00f3n por pl\u00e1sticos.<br>Las sesiones del evento internacional, que se lleva a cabo en el Centro de Convenciones de Punta del Este, se desarrollan entre el entre el 28 de noviembre y el 2 de diciembre, es organizado por el ministerio de Ambiente de Uruguay junto con el Programa de las Naciones Unidas para el Medio Ambiente (PNUMA), y cuenta con la representaci\u00f3n de cerca de 200 pa\u00edses.<br>Durante la inauguraci\u00f3n, el presidente Luis Lacalle Pou agradeci\u00f3 la elecci\u00f3n de nuestro pa\u00eds como sede del evento, y destac\u00f3 que estamos viviendo un momento hist\u00f3rico donde el conocimiento \u201cen el sentido m\u00e1s amplio\u201d y las posibilidades de acceso a la informaci\u00f3n alcanzan una universalidad \u201ccomo nunca en la historia\u201d. El presidente destac\u00f3 que hoy \u201csabemos lo que hace bien y lo que hace mal\u201d porque \u201ctenemos el acceso a toda esa informaci\u00f3n\u201d, tenemos \u201cconocimiento de los procesos a seguir y el camino que hay tomar para revertir todo lo mal que se ha hecho\u201d en materia de cuidado del ambiente.<br>En su discurso, el primer mandatario asumi\u00f3 la responsabilidad que toma Uruguay \u201csobre el contenido de este evento\u201d, y destac\u00f3 que esta responsabilidad no solo debe ser de los gobiernos, sino que tambi\u00e9n es un compromiso de la \u201csociedad civil, los productores, la industria\u201d, ya que entre todos debemos promover determinados usos y costumbres que permitan revertir la actual situaci\u00f3n.<br>Sobre las acciones que viene desarrollando nuestro pa\u00eds y el reconocimiento internacional, Lacalle Pou destac\u00f3 la emisi\u00f3n al mercado global de un nuevo bono indexado a indicadores de cambio clim\u00e1tico (BIICC). Este compromiso \u201chabla del cumplimiento de metas ambientales atadas a los intereses de cada bono, nos hemos atado a cumplir con nuestras metas ambientales\u201d, reconoci\u00f3 el presidente.<br>Ejemplo del reconocimiento internacional sobre las pol\u00edticas ambientales que lleva adelante Uruguay es la elecci\u00f3n de la sede de este evento, especialmente en el tema residuos desde una perspectiva general, y en pl\u00e1sticos en forma particular; pero tambi\u00e9n como una oportunidad para facilitar la creaci\u00f3n de capacidades, la transferencia de tecnolog\u00edas y la cooperaci\u00f3n.<br>Para el ministro de Ambiente, Adri\u00e1n Pe\u00f1a Robaina hoy \u201cdamos inicio a un proceso que nos desaf\u00eda y nos interpela. Nos interpela porque hemos reconocido que la producci\u00f3n y el consumo insostenible de pl\u00e1sticos, sobre todo los de muy corta vida \u00fatil, son un ejemplo claro de un proceso insostenible, basado en \u201cusar y tirar\u201d. Un proceso que, por ello, genera distintas formas de contaminaci\u00f3n, afectando el ambiente y la salud de nuestras comunidades\u201d.<br>En l\u00ednea con lo expuesto por el presidente Lacalle Pou, Pe\u00f1a Robaina destac\u00f3 los cambios ambientales experimentados por nuestro pa\u00eds \u201cgenerando el primer ministerio de ambiente y profundizando el trabajo en \u00e1reas tales como las energ\u00edas renovables y el cambio clim\u00e1tico, la gesti\u00f3n de los residuos y la producci\u00f3n sostenible\u201d.<br>\u201cLos tiempos apremian. Debemos lograr un acuerdo ambicioso y realista, que cuente con recursos financieros acordes a la dimensi\u00f3n de las acciones a abordar, que permita la creaci\u00f3n de capacidades y promueva la transferencia de tecnolog\u00edas, y, que proteja el ambiente y la salud humana, en un marco de desarrollo sostenible\u201d, sentenci\u00f3 el ministro<br>La conformaci\u00f3n del Comit\u00e9 Intergubernamental de Negociaci\u00f3n (INC, por sus siglas en ingl\u00e9s) y las l\u00edneas generales del proceso, fueron establecidas mediante la Resoluci\u00f3n 5\/14, aprobada por la Asamblea de las Naciones Unidas sobre el Medio Ambiente el 2 de marzo de 2022. Este documento titulado: \u201cFin de la contaminaci\u00f3n por pl\u00e1sticos: hacia un instrumento internacional jur\u00eddicamente vinculante\u201d, solicitaba la creaci\u00f3n del INC, que sesionar\u00e1 por primera vez en nuestro pa\u00eds con para dar cumplimiento a este objetivo, en el per\u00edodo comprendido entre el segundo semestre de 2022 y finales de 2024.<br>En la misma resoluci\u00f3n se decidi\u00f3 que la participaci\u00f3n en el INC debe estar abierta a todos los Estados Miembros de las Naciones Unidas y miembros de los organismos especializados de las Naciones Unidas, a las organizaciones regionales de integraci\u00f3n econ\u00f3mica y a los Grupos Principales y Partes Interesadas (MGS) pertinentes, de conformidad con las normas aplicables de las Naciones Unidas.<br>La directora ejecutiva del Programa de las Naciones Unidas para el Medio Ambiente, Inger Andersen inform\u00f3 que se \u201cha llegado a un acuerdo para eliminar en 12 a\u00f1os la proliferaci\u00f3n de pl\u00e1sticos\u201d y agreg\u00f3 que \u201cpara hacerlo, los pa\u00edses miembros hacemos un llamado a la acci\u00f3n para trabajar en todas las etapas de generaci\u00f3n de pl\u00e1sticos y el desecho de los mismos\u201d.<br>Finalmente, el ministro Pe\u00f1a Robaina sostuvo que \u201cen esta sala, se est\u00e1 jugando \u201cel otro mundial\u201d, uno que todos podemos ganar juntos, porque esta \u201cotra copa del mundo\u201d, busca salvarnos, de un problema que hemos creado a lo largo de muchos a\u00f1os y que es imperioso solucionar. Este mundial es mucho m\u00e1s importante porque est\u00e1 en juego nuestro ambiente y la vida de nuestro planeta\u201d.<\/p>\n\n\n\n<p>Ejecutivo impulsa sistema de dep\u00f3sito, devoluci\u00f3n y reembolso para recuperar hasta el 50% de envases en 2025<br>En el marco de la primera reuni\u00f3n del Comit\u00e9 Intergubernamental de Negociaci\u00f3n sobre Contaminaci\u00f3n por Pl\u00e1sticos, el ministro de Ambiente, Adri\u00e1n Pe\u00f1a, anunci\u00f3 la implementaci\u00f3n del sistema de dep\u00f3sito, devoluci\u00f3n y reembolso de envases, un incentivo que se ofrecer\u00e1 a los ciudadanos para aumentar el reintegro de botellas, con la meta de recuperar hasta 50% de estos recipientes en el a\u00f1o 2025.<br>En conferencia de prensa, este lunes 28, Pe\u00f1a inform\u00f3 que la C\u00e1mara de Industria del Uruguay presentar\u00e1, este jueves 1.\u00b0, su nuevo Plan de Gesti\u00f3n de Envases, que posibilitar\u00e1 un incentivo para que los ciudadanos devuelvan los recipientes, lo que permite la recuperaci\u00f3n para su posterior reutilizaci\u00f3n. Esta acci\u00f3n, se enmarca en el impulso, por parte del Gobierno, de la ley 19.829, que otorga la responsabilidad extendida al productor.<\/p>\n\n\n\n<p>\u201cEs decir que el responsable del residuo es quien lo pone en el mercado y, por lo tanto, el responsable de recuperarlos\u201d, afirm\u00f3.<br>Adem\u00e1s, la resoluci\u00f3n ministerial n\u00famero 271 del a\u00f1o 2021, obliga a las empresas a recuperar un 30% de envases a diciembre de 2023 y un 50% a diciembre 2025.<br>Pe\u00f1a indic\u00f3 que actualmente la recuperaci\u00f3n de envases en el pa\u00eds totaliza en el entorno del 4% y con solo seis departamentos adheridos al Plan de Gesti\u00f3n de Envases, por lo que el ministerio trabaja para facilitar diferentes instrumentos financieros a las empresas que puedan desarrollar la operativa de recuperaci\u00f3n y alcanzar las metas propuestas.<br>\u201cUruguay ser\u00e1 el primer pa\u00eds en Am\u00e9rica Latina en implementar el sistema de dep\u00f3sito, devoluci\u00f3n y reembolso\u201d, manifest\u00f3, y explic\u00f3 que esto implica la instalaci\u00f3n de m\u00e1quinas en todo el pa\u00eds, en las que se depositar\u00e1n envases cil\u00edndricos, de polietileno tereftalato (PET), latas de aluminio, y formato tetrabrick, entre otros. Con cada devoluci\u00f3n se expedir\u00e1 un ticket con el valor del envase para su posterior devoluci\u00f3n al consumidor.<br>El ministerio controlar\u00e1 la implementaci\u00f3n y ejecuci\u00f3n, tanto del plan general como del sistema, y el incumplimiento de las metas propuestas en la resoluci\u00f3n ministerial podr\u00e1 generar sanciones por parte de la cartera, precis\u00f3.<\/p>\n","protected":false},"excerpt":{"rendered":"<p>Con la presencia del presidente de la Rep\u00fablica Luis Lacalle Pou, el ministro de Ambiente,&#8230;<\/p>\n","protected":false},"author":1,"featured_media":8646,"comment_status":"open","ping_status":"open","sticky":false,"template":"","format":"standard","meta":{"_monsterinsights_skip_tracking":false,"_monsterinsights_sitenote_active":false,"_monsterinsights_sitenote_note":"","_monsterinsights_sitenote_category":0,"footnotes":""},"categories":[11],"tags":[],"class_list":["post-8645","post","type-post","status-publish","format-standard","has-post-thumbnail","hentry","category-noticia-destacada"],"featured_image_urls":{"full":["https:\/\/diariotiempo.com.uy\/noticias\/wp-content\/uploads\/2022\/11\/pena.jpg",800,532,false],"thumbnail":["https:\/\/diariotiempo.com.uy\/noticias\/wp-content\/uploads\/2022\/11\/pena-150x150.jpg",150,150,true],"medium":["https:\/\/diariotiempo.com.uy\/noticias\/wp-content\/uploads\/2022\/11\/pena-300x200.jpg",300,200,true],"medium_large":["https:\/\/diariotiempo.com.uy\/noticias\/wp-content\/uploads\/2022\/11\/pena-768x511.jpg",640,426,true],"large":["https:\/\/diariotiempo.com.uy\/noticias\/wp-content\/uploads\/2022\/11\/pena.jpg",640,426,false],"rpg_gallery_admin_thumb":["https:\/\/diariotiempo.com.uy\/noticias\/wp-content\/uploads\/2022\/11\/pena.jpg",150,100,false],"rpg_gallery_thumb":["https:\/\/diariotiempo.com.uy\/noticias\/wp-content\/uploads\/2022\/11\/pena.jpg",150,100,false],"1536x1536":["https:\/\/diariotiempo.com.uy\/noticias\/wp-content\/uploads\/2022\/11\/pena.jpg",800,532,false],"2048x2048":["https:\/\/diariotiempo.com.uy\/noticias\/wp-content\/uploads\/2022\/11\/pena.jpg",800,532,false],"covernews-slider-full":["https:\/\/diariotiempo.com.uy\/noticias\/wp-content\/uploads\/2022\/11\/pena.jpg",800,532,false],"covernews-slider-center":["https:\/\/diariotiempo.com.uy\/noticias\/wp-content\/uploads\/2022\/11\/pena-800x500.jpg",800,500,true],"covernews-featured":["https:\/\/diariotiempo.com.uy\/noticias\/wp-content\/uploads\/2022\/11\/pena.jpg",800,532,false],"covernews-medium":["https:\/\/diariotiempo.com.uy\/noticias\/wp-content\/uploads\/2022\/11\/pena-540x340.jpg",540,340,true],"covernews-medium-square":["https:\/\/diariotiempo.com.uy\/noticias\/wp-content\/uploads\/2022\/11\/pena-400x250.jpg",400,250,true]},"author_info":{"display_name":"diario","author_link":"https:\/\/diariotiempo.com.uy\/noticias\/author\/diario\/"},"category_info":"<a href=\"https:\/\/diariotiempo.com.uy\/noticias\/category\/noticia-destacada\/\" rel=\"category tag\">NOTICIA DESTACADA<\/a>","tag_info":"NOTICIA DESTACADA","comment_count":"0","_links":{"self":[{"href":"https:\/\/diariotiempo.com.uy\/noticias\/wp-json\/wp\/v2\/posts\/8645","targetHints":{"allow":["GET"]}}],"collection":[{"href":"https:\/\/diariotiempo.com.uy\/noticias\/wp-json\/wp\/v2\/posts"}],"about":[{"href":"https:\/\/diariotiempo.com.uy\/noticias\/wp-json\/wp\/v2\/types\/post"}],"author":[{"embeddable":true,"href":"https:\/\/diariotiempo.com.uy\/noticias\/wp-json\/wp\/v2\/users\/1"}],"replies":[{"embeddable":true,"href":"https:\/\/diariotiempo.com.uy\/noticias\/wp-json\/wp\/v2\/comments?post=8645"}],"version-history":[{"count":1,"href":"https:\/\/diariotiempo.com.uy\/noticias\/wp-json\/wp\/v2\/posts\/8645\/revisions"}],"predecessor-version":[{"id":8648,"href":"https:\/\/diariotiempo.com.uy\/noticias\/wp-json\/wp\/v2\/posts\/8645\/revisions\/8648"}],"wp:featuredmedia":[{"embeddable":true,"href":"https:\/\/diariotiempo.com.uy\/noticias\/wp-json\/wp\/v2\/media\/8646"}],"wp:attachment":[{"href":"https:\/\/diariotiempo.com.uy\/noticias\/wp-json\/wp\/v2\/media?parent=8645"}],"wp:term":[{"taxonomy":"category","embeddable":true,"href":"https:\/\/diariotiempo.com.uy\/noticias\/wp-json\/wp\/v2\/categories?post=8645"},{"taxonomy":"post_tag","embeddable":true,"href":"https:\/\/diariotiempo.com.uy\/noticias\/wp-json\/wp\/v2\/tags?post=8645"}],"curies":[{"name":"wp","href":"https:\/\/api.w.org\/{rel}","templated":true}]}}