{"id":8649,"date":"2022-11-30T15:16:07","date_gmt":"2022-11-30T15:16:07","guid":{"rendered":"https:\/\/diariotiempo.com.uy\/noticias\/?p=8649"},"modified":"2022-11-30T15:16:08","modified_gmt":"2022-11-30T15:16:08","slug":"presentaron-el-libro-tradiciones-del-campo","status":"publish","type":"post","link":"https:\/\/diariotiempo.com.uy\/noticias\/2022\/11\/30\/presentaron-el-libro-tradiciones-del-campo\/","title":{"rendered":"Presentaron el libro \u201cTradiciones del campo\u201d"},"content":{"rendered":"\n<figure class=\"wp-block-image size-full\"><img loading=\"lazy\" decoding=\"async\" width=\"800\" height=\"545\" src=\"https:\/\/diariotiempo.com.uy\/noticias\/wp-content\/uploads\/2022\/11\/libro.jpg\" alt=\"\" class=\"wp-image-8650\" srcset=\"https:\/\/diariotiempo.com.uy\/noticias\/wp-content\/uploads\/2022\/11\/libro.jpg 800w, https:\/\/diariotiempo.com.uy\/noticias\/wp-content\/uploads\/2022\/11\/libro-300x204.jpg 300w, https:\/\/diariotiempo.com.uy\/noticias\/wp-content\/uploads\/2022\/11\/libro-768x523.jpg 768w\" sizes=\"auto, (max-width: 800px) 100vw, 800px\" \/><\/figure>\n\n\n\n<p>Con motivo del 50.\u00b0 aniversario del programa \u201cAmericando\u201d se present\u00f3, este lunes 28, el libro \u201cTradiciones del campo\u201d, en el Espacio de Arte La Colmena. El presidente de la Rep\u00fablica, Luis Lacalle Pou, destac\u00f3 la capacidad de su director, Juan Carlos L\u00f3pez, para contar peque\u00f1as historias y difundir la existencia de h\u00e9roes an\u00f3nimos. El Correo Uruguayo tambi\u00e9n lanz\u00f3 un sello postal en conmemoraci\u00f3n del mencionado aniversario.<br>Tambi\u00e9n participaron de la actividad el secretario de Presidencia, \u00c1lvaro Delgado; el ministro de Educaci\u00f3n y Cultura, Pablo da Silveira; la subsecretaria de esa cartera, Ana Ribeiro; el ministro de Trabajo y Seguridad Social, Pablo Mieres; el presidente del Correo Uruguayo, Rafael Navarrine, y el director del programa \u201cAmericando\u201d, Juan Carlos L\u00f3pez.<br>Durante la actividad, Lacalle Pou y Juan Carlos L\u00f3pez descubrieron el nuevo sello postal. El mandatario fue el encargado de colocar el matasello. En su intervenci\u00f3n, manifest\u00f3 que L\u00f3pez \u201cno le neg\u00f3 el estribo\u201d a casi ning\u00fan tema, tales como religi\u00f3n, pol\u00edtica o cultura, y destac\u00f3 la manera en que el comunicador cuenta las historias de vida. Asimismo, subray\u00f3 la \u201cenorme generosidad\u201d del director de \u201cAmericando\u201d, y a\u00f1adi\u00f3 que \u00e9l difundi\u00f3 la \u201cpeque\u00f1a historia\u201d y las de resiliencia, de h\u00e9roes an\u00f3nimos, al tiempo que logr\u00f3 la transmisi\u00f3n de lo que sabe.<br>El ministro Da Silveira, en tanto, se refiri\u00f3 a la existencia de una \u201cdignificaci\u00f3n de lo criollo\u201d, que conecta a los habitantes del pa\u00eds con una parte de la tradici\u00f3n. A\u00f1adi\u00f3 que \u201cAmericando\u201d y Juan Carlos L\u00f3pez, conocido como \u201cLopecito\u201d, reivindicaron la ra\u00edz criolla sin oponerse a otras formas de cultura y que el programa colabora para entender qui\u00e9nes somos y fortalecer la identidad nacional.<br>Por su parte, el presidente del Correo Uruguayo resalt\u00f3 la importancia del programa, por la capacidad de \u201ctransmitir y sembrar cultura en todo el pa\u00eds\u201d, y repas\u00f3 las cinco d\u00e9cadas en las que se emiti\u00f3 en diferentes \u00e1mbitos, como radio, televisi\u00f3n y medios escritos. Fuente y foto presidencia<\/p>\n","protected":false},"excerpt":{"rendered":"<p>Con motivo del 50.\u00b0 aniversario del programa \u201cAmericando\u201d se present\u00f3, este lunes 28, el libro&#8230;<\/p>\n","protected":false},"author":1,"featured_media":8650,"comment_status":"open","ping_status":"open","sticky":false,"template":"","format":"standard","meta":{"_monsterinsights_skip_tracking":false,"_monsterinsights_sitenote_active":false,"_monsterinsights_sitenote_note":"","_monsterinsights_sitenote_category":0,"footnotes":""},"categories":[79],"tags":[],"class_list":["post-8649","post","type-post","status-publish","format-standard","has-post-thumbnail","hentry","category-nacionales"],"featured_image_urls":{"full":["https:\/\/diariotiempo.com.uy\/noticias\/wp-content\/uploads\/2022\/11\/libro.jpg",800,545,false],"thumbnail":["https:\/\/diariotiempo.com.uy\/noticias\/wp-content\/uploads\/2022\/11\/libro-150x150.jpg",150,150,true],"medium":["https:\/\/diariotiempo.com.uy\/noticias\/wp-content\/uploads\/2022\/11\/libro-300x204.jpg",300,204,true],"medium_large":["https:\/\/diariotiempo.com.uy\/noticias\/wp-content\/uploads\/2022\/11\/libro-768x523.jpg",640,436,true],"large":["https:\/\/diariotiempo.com.uy\/noticias\/wp-content\/uploads\/2022\/11\/libro.jpg",640,436,false],"rpg_gallery_admin_thumb":["https:\/\/diariotiempo.com.uy\/noticias\/wp-content\/uploads\/2022\/11\/libro.jpg",150,102,false],"rpg_gallery_thumb":["https:\/\/diariotiempo.com.uy\/noticias\/wp-content\/uploads\/2022\/11\/libro.jpg",150,102,false],"1536x1536":["https:\/\/diariotiempo.com.uy\/noticias\/wp-content\/uploads\/2022\/11\/libro.jpg",800,545,false],"2048x2048":["https:\/\/diariotiempo.com.uy\/noticias\/wp-content\/uploads\/2022\/11\/libro.jpg",800,545,false],"covernews-slider-full":["https:\/\/diariotiempo.com.uy\/noticias\/wp-content\/uploads\/2022\/11\/libro.jpg",800,545,false],"covernews-slider-center":["https:\/\/diariotiempo.com.uy\/noticias\/wp-content\/uploads\/2022\/11\/libro-800x500.jpg",800,500,true],"covernews-featured":["https:\/\/diariotiempo.com.uy\/noticias\/wp-content\/uploads\/2022\/11\/libro.jpg",800,545,false],"covernews-medium":["https:\/\/diariotiempo.com.uy\/noticias\/wp-content\/uploads\/2022\/11\/libro-540x340.jpg",540,340,true],"covernews-medium-square":["https:\/\/diariotiempo.com.uy\/noticias\/wp-content\/uploads\/2022\/11\/libro-400x250.jpg",400,250,true]},"author_info":{"display_name":"diario","author_link":"https:\/\/diariotiempo.com.uy\/noticias\/author\/diario\/"},"category_info":"<a href=\"https:\/\/diariotiempo.com.uy\/noticias\/category\/nacionales\/\" rel=\"category tag\">NACIONALES<\/a>","tag_info":"NACIONALES","comment_count":"0","_links":{"self":[{"href":"https:\/\/diariotiempo.com.uy\/noticias\/wp-json\/wp\/v2\/posts\/8649","targetHints":{"allow":["GET"]}}],"collection":[{"href":"https:\/\/diariotiempo.com.uy\/noticias\/wp-json\/wp\/v2\/posts"}],"about":[{"href":"https:\/\/diariotiempo.com.uy\/noticias\/wp-json\/wp\/v2\/types\/post"}],"author":[{"embeddable":true,"href":"https:\/\/diariotiempo.com.uy\/noticias\/wp-json\/wp\/v2\/users\/1"}],"replies":[{"embeddable":true,"href":"https:\/\/diariotiempo.com.uy\/noticias\/wp-json\/wp\/v2\/comments?post=8649"}],"version-history":[{"count":1,"href":"https:\/\/diariotiempo.com.uy\/noticias\/wp-json\/wp\/v2\/posts\/8649\/revisions"}],"predecessor-version":[{"id":8651,"href":"https:\/\/diariotiempo.com.uy\/noticias\/wp-json\/wp\/v2\/posts\/8649\/revisions\/8651"}],"wp:featuredmedia":[{"embeddable":true,"href":"https:\/\/diariotiempo.com.uy\/noticias\/wp-json\/wp\/v2\/media\/8650"}],"wp:attachment":[{"href":"https:\/\/diariotiempo.com.uy\/noticias\/wp-json\/wp\/v2\/media?parent=8649"}],"wp:term":[{"taxonomy":"category","embeddable":true,"href":"https:\/\/diariotiempo.com.uy\/noticias\/wp-json\/wp\/v2\/categories?post=8649"},{"taxonomy":"post_tag","embeddable":true,"href":"https:\/\/diariotiempo.com.uy\/noticias\/wp-json\/wp\/v2\/tags?post=8649"}],"curies":[{"name":"wp","href":"https:\/\/api.w.org\/{rel}","templated":true}]}}