{"id":8855,"date":"2022-12-10T00:03:03","date_gmt":"2022-12-10T00:03:03","guid":{"rendered":"https:\/\/diariotiempo.com.uy\/noticias\/?p=8855"},"modified":"2022-12-10T00:03:04","modified_gmt":"2022-12-10T00:03:04","slug":"comenzaron-obras-de-pavimentacion-en-montes-de-solymar","status":"publish","type":"post","link":"https:\/\/diariotiempo.com.uy\/noticias\/2022\/12\/10\/comenzaron-obras-de-pavimentacion-en-montes-de-solymar\/","title":{"rendered":"Comenzaron obras de pavimentaci\u00f3n en Montes de Solymar"},"content":{"rendered":"\n<figure class=\"wp-block-image size-full\"><img loading=\"lazy\" decoding=\"async\" width=\"800\" height=\"432\" src=\"https:\/\/diariotiempo.com.uy\/noticias\/wp-content\/uploads\/2022\/12\/solymar.jpg\" alt=\"\" class=\"wp-image-8856\" srcset=\"https:\/\/diariotiempo.com.uy\/noticias\/wp-content\/uploads\/2022\/12\/solymar.jpg 800w, https:\/\/diariotiempo.com.uy\/noticias\/wp-content\/uploads\/2022\/12\/solymar-300x162.jpg 300w, https:\/\/diariotiempo.com.uy\/noticias\/wp-content\/uploads\/2022\/12\/solymar-768x415.jpg 768w\" sizes=\"auto, (max-width: 800px) 100vw, 800px\" \/><\/figure>\n\n\n\n<p>La Intendencia de Canelones, a trav\u00e9s de la Direcci\u00f3n General de Obras, comenz\u00f3 con los trabajos de pavimentaci\u00f3n en asfalto de las calles de mayor tr\u00e1nsito en Montes de Solymar, en Ciudad de la Costa. La extensi\u00f3n de la pavimentaci\u00f3n es de 3,5 km de calles y, adem\u00e1s, comprende la rehabilitaci\u00f3n del sistema de drenaje pluvial previamente construido, la construcci\u00f3n de veredas en todo el circuito asfaltado y la colocaci\u00f3n de se\u00f1alizaci\u00f3n vertical y horizontal.<\/p>\n\n\n\n<p>La zona a\u00fan no cuenta con saneamiento, por lo que hace unos a\u00f1os se decidi\u00f3 resolver la problem\u00e1tica del drenaje pluvial de la zona y en esta oportunidad incorporar un circuito de calles en asfalto que abarca centros educativos y deportivos, as\u00ed como aquellas v\u00edas que por ser calles principales presentan un alto tr\u00e1nsito.<\/p>\n\n\n\n<p>La obra a ejecutar tiene como objetivo el cambio de est\u00e1ndar de las calles principales del barrio, pasando de ser calles en tosca a asfalto. El circuito de calles a pavimentar es el siguiente:<\/p>\n\n\n\n<p>-Monteadores<br>-De las Calandrias<br>-De las Urracas<br>-Torcazas<br>-Av. de las Garzas entre De los Zorzales y De los Churrinches<br>-De los Zorzales entre Monteadores y Av. de las Garzas<\/p>\n","protected":false},"excerpt":{"rendered":"<p>La Intendencia de Canelones, a trav\u00e9s de la Direcci\u00f3n General de Obras, comenz\u00f3 con los&#8230;<\/p>\n","protected":false},"author":1,"featured_media":8856,"comment_status":"open","ping_status":"open","sticky":false,"template":"","format":"standard","meta":{"_monsterinsights_skip_tracking":false,"_monsterinsights_sitenote_active":false,"_monsterinsights_sitenote_note":"","_monsterinsights_sitenote_category":0,"footnotes":""},"categories":[83],"tags":[],"class_list":["post-8855","post","type-post","status-publish","format-standard","has-post-thumbnail","hentry","category-ciudad-de-la-costa"],"featured_image_urls":{"full":["https:\/\/diariotiempo.com.uy\/noticias\/wp-content\/uploads\/2022\/12\/solymar.jpg",800,432,false],"thumbnail":["https:\/\/diariotiempo.com.uy\/noticias\/wp-content\/uploads\/2022\/12\/solymar-150x150.jpg",150,150,true],"medium":["https:\/\/diariotiempo.com.uy\/noticias\/wp-content\/uploads\/2022\/12\/solymar-300x162.jpg",300,162,true],"medium_large":["https:\/\/diariotiempo.com.uy\/noticias\/wp-content\/uploads\/2022\/12\/solymar-768x415.jpg",640,346,true],"large":["https:\/\/diariotiempo.com.uy\/noticias\/wp-content\/uploads\/2022\/12\/solymar.jpg",640,346,false],"rpg_gallery_admin_thumb":["https:\/\/diariotiempo.com.uy\/noticias\/wp-content\/uploads\/2022\/12\/solymar.jpg",150,81,false],"rpg_gallery_thumb":["https:\/\/diariotiempo.com.uy\/noticias\/wp-content\/uploads\/2022\/12\/solymar.jpg",150,81,false],"1536x1536":["https:\/\/diariotiempo.com.uy\/noticias\/wp-content\/uploads\/2022\/12\/solymar.jpg",800,432,false],"2048x2048":["https:\/\/diariotiempo.com.uy\/noticias\/wp-content\/uploads\/2022\/12\/solymar.jpg",800,432,false],"covernews-slider-full":["https:\/\/diariotiempo.com.uy\/noticias\/wp-content\/uploads\/2022\/12\/solymar.jpg",800,432,false],"covernews-slider-center":["https:\/\/diariotiempo.com.uy\/noticias\/wp-content\/uploads\/2022\/12\/solymar.jpg",800,432,false],"covernews-featured":["https:\/\/diariotiempo.com.uy\/noticias\/wp-content\/uploads\/2022\/12\/solymar.jpg",800,432,false],"covernews-medium":["https:\/\/diariotiempo.com.uy\/noticias\/wp-content\/uploads\/2022\/12\/solymar-540x340.jpg",540,340,true],"covernews-medium-square":["https:\/\/diariotiempo.com.uy\/noticias\/wp-content\/uploads\/2022\/12\/solymar-400x250.jpg",400,250,true]},"author_info":{"display_name":"diario","author_link":"https:\/\/diariotiempo.com.uy\/noticias\/author\/diario\/"},"category_info":"<a href=\"https:\/\/diariotiempo.com.uy\/noticias\/category\/departamental\/ciudad-de-la-costa\/\" rel=\"category tag\">Ciudad de la Costa<\/a>","tag_info":"Ciudad de la Costa","comment_count":"0","_links":{"self":[{"href":"https:\/\/diariotiempo.com.uy\/noticias\/wp-json\/wp\/v2\/posts\/8855","targetHints":{"allow":["GET"]}}],"collection":[{"href":"https:\/\/diariotiempo.com.uy\/noticias\/wp-json\/wp\/v2\/posts"}],"about":[{"href":"https:\/\/diariotiempo.com.uy\/noticias\/wp-json\/wp\/v2\/types\/post"}],"author":[{"embeddable":true,"href":"https:\/\/diariotiempo.com.uy\/noticias\/wp-json\/wp\/v2\/users\/1"}],"replies":[{"embeddable":true,"href":"https:\/\/diariotiempo.com.uy\/noticias\/wp-json\/wp\/v2\/comments?post=8855"}],"version-history":[{"count":1,"href":"https:\/\/diariotiempo.com.uy\/noticias\/wp-json\/wp\/v2\/posts\/8855\/revisions"}],"predecessor-version":[{"id":8857,"href":"https:\/\/diariotiempo.com.uy\/noticias\/wp-json\/wp\/v2\/posts\/8855\/revisions\/8857"}],"wp:featuredmedia":[{"embeddable":true,"href":"https:\/\/diariotiempo.com.uy\/noticias\/wp-json\/wp\/v2\/media\/8856"}],"wp:attachment":[{"href":"https:\/\/diariotiempo.com.uy\/noticias\/wp-json\/wp\/v2\/media?parent=8855"}],"wp:term":[{"taxonomy":"category","embeddable":true,"href":"https:\/\/diariotiempo.com.uy\/noticias\/wp-json\/wp\/v2\/categories?post=8855"},{"taxonomy":"post_tag","embeddable":true,"href":"https:\/\/diariotiempo.com.uy\/noticias\/wp-json\/wp\/v2\/tags?post=8855"}],"curies":[{"name":"wp","href":"https:\/\/api.w.org\/{rel}","templated":true}]}}