{"id":8858,"date":"2022-12-10T00:05:03","date_gmt":"2022-12-10T00:05:03","guid":{"rendered":"https:\/\/diariotiempo.com.uy\/noticias\/?p=8858"},"modified":"2022-12-10T00:05:05","modified_gmt":"2022-12-10T00:05:05","slug":"en-el-municipio-de-nicolich-se-conformo-una-unidad-local-de-seguridad-vial","status":"publish","type":"post","link":"https:\/\/diariotiempo.com.uy\/noticias\/2022\/12\/10\/en-el-municipio-de-nicolich-se-conformo-una-unidad-local-de-seguridad-vial\/","title":{"rendered":"En el Municipio de Nicolich, se conform\u00f3 una Unidad Local de Seguridad Vial"},"content":{"rendered":"\n<figure class=\"wp-block-image size-full\"><img loading=\"lazy\" decoding=\"async\" width=\"800\" height=\"600\" src=\"https:\/\/diariotiempo.com.uy\/noticias\/wp-content\/uploads\/2022\/12\/nicolich.jpg\" alt=\"\" class=\"wp-image-8859\" srcset=\"https:\/\/diariotiempo.com.uy\/noticias\/wp-content\/uploads\/2022\/12\/nicolich.jpg 800w, https:\/\/diariotiempo.com.uy\/noticias\/wp-content\/uploads\/2022\/12\/nicolich-300x225.jpg 300w, https:\/\/diariotiempo.com.uy\/noticias\/wp-content\/uploads\/2022\/12\/nicolich-768x576.jpg 768w\" sizes=\"auto, (max-width: 800px) 100vw, 800px\" \/><\/figure>\n\n\n\n<p>En la Ciudad Gral. L\u00edber Seregni, Municipio de Nicolich, se conform\u00f3 una Unidad Local de Seguridad Vial. El Alcalde, L\u00edber Moreno, dijo que se trata de un paso muy importante porque los incidentes viales son una de las preocupaciones de la zona. \u201cEstamos atravesados por dos rutas nacionales (la 101 y la 102), que tienen mucho tr\u00e1nsito vehicular de paso\u201d, puntualiz\u00f3, y agreg\u00f3 que la idea de crear esta unidad fue que la comunidad participe en la toma de decisiones y que no \u201csea algo que se resuelve entre dos o tres\u201d personas.<\/p>\n\n\n\n<p>Moreno indic\u00f3 que una de las grandes preocupaciones de los vecinos y las vecinas es la velocidad con la que circulan los veh\u00edculos, algo que requiere trabajo en educaci\u00f3n. \u201cNosotros tenemos un plan de vialidad elaborado, que lo hicimos en conjunto con la Intendencia de Canelones, en el que particip\u00f3 el Ministerio de Transporte y Obras P\u00fablicas\u201d, inform\u00f3. En esa instancia se identificaron varios nudos de conflictos viales en el municipio y \u201cen base a eso hay propuestas de soluciones\u201d.<\/p>\n\n\n\n<p>En tanto, el concejal Jacinto Pacheco, referente de la seguridad vial, asegur\u00f3 que les preocupa la gran intensidad de tr\u00e1nsito que tienen en el municipio, tanto liviano como pesado, debido a que all\u00ed est\u00e1 \u201cel anillo perimetral y el corredor log\u00edstico territorial\u201d. En esta l\u00ednea, la unidad ser\u00e1 \u201cuna manera de aprender a tener convivencia tanto con el peat\u00f3n, el automovilista o el chofer de camiones\u201d, subray\u00f3.<\/p>\n\n\n\n<p>Por su parte, el Director de Tr\u00e1nsito y Seguridad Vial de la Intendencia de Canelones, Gustavo Mobilio, afirm\u00f3 que la unidad ser\u00e1 importante para integrar a la ciudadan\u00eda a lo que es la seguridad vial, una manera de reeducar a la poblaci\u00f3n, en especial a las personas mayores de 18 a\u00f1os.<\/p>\n","protected":false},"excerpt":{"rendered":"<p>En la Ciudad Gral. L\u00edber Seregni, Municipio de Nicolich, se conform\u00f3 una Unidad Local de&#8230;<\/p>\n","protected":false},"author":1,"featured_media":8859,"comment_status":"open","ping_status":"open","sticky":false,"template":"","format":"standard","meta":{"_monsterinsights_skip_tracking":false,"_monsterinsights_sitenote_active":false,"_monsterinsights_sitenote_note":"","_monsterinsights_sitenote_category":0,"footnotes":""},"categories":[94],"tags":[],"class_list":["post-8858","post","type-post","status-publish","format-standard","has-post-thumbnail","hentry","category-colonia-nicolich"],"featured_image_urls":{"full":["https:\/\/diariotiempo.com.uy\/noticias\/wp-content\/uploads\/2022\/12\/nicolich.jpg",800,600,false],"thumbnail":["https:\/\/diariotiempo.com.uy\/noticias\/wp-content\/uploads\/2022\/12\/nicolich-150x150.jpg",150,150,true],"medium":["https:\/\/diariotiempo.com.uy\/noticias\/wp-content\/uploads\/2022\/12\/nicolich-300x225.jpg",300,225,true],"medium_large":["https:\/\/diariotiempo.com.uy\/noticias\/wp-content\/uploads\/2022\/12\/nicolich-768x576.jpg",640,480,true],"large":["https:\/\/diariotiempo.com.uy\/noticias\/wp-content\/uploads\/2022\/12\/nicolich.jpg",640,480,false],"rpg_gallery_admin_thumb":["https:\/\/diariotiempo.com.uy\/noticias\/wp-content\/uploads\/2022\/12\/nicolich.jpg",150,113,false],"rpg_gallery_thumb":["https:\/\/diariotiempo.com.uy\/noticias\/wp-content\/uploads\/2022\/12\/nicolich.jpg",150,113,false],"1536x1536":["https:\/\/diariotiempo.com.uy\/noticias\/wp-content\/uploads\/2022\/12\/nicolich.jpg",800,600,false],"2048x2048":["https:\/\/diariotiempo.com.uy\/noticias\/wp-content\/uploads\/2022\/12\/nicolich.jpg",800,600,false],"covernews-slider-full":["https:\/\/diariotiempo.com.uy\/noticias\/wp-content\/uploads\/2022\/12\/nicolich.jpg",800,600,false],"covernews-slider-center":["https:\/\/diariotiempo.com.uy\/noticias\/wp-content\/uploads\/2022\/12\/nicolich-800x500.jpg",800,500,true],"covernews-featured":["https:\/\/diariotiempo.com.uy\/noticias\/wp-content\/uploads\/2022\/12\/nicolich.jpg",800,600,false],"covernews-medium":["https:\/\/diariotiempo.com.uy\/noticias\/wp-content\/uploads\/2022\/12\/nicolich-540x340.jpg",540,340,true],"covernews-medium-square":["https:\/\/diariotiempo.com.uy\/noticias\/wp-content\/uploads\/2022\/12\/nicolich-400x250.jpg",400,250,true]},"author_info":{"display_name":"diario","author_link":"https:\/\/diariotiempo.com.uy\/noticias\/author\/diario\/"},"category_info":"<a href=\"https:\/\/diariotiempo.com.uy\/noticias\/category\/departamental\/colonia-nicolich\/\" rel=\"category tag\">Colonia Nicolich<\/a>","tag_info":"Colonia Nicolich","comment_count":"0","_links":{"self":[{"href":"https:\/\/diariotiempo.com.uy\/noticias\/wp-json\/wp\/v2\/posts\/8858","targetHints":{"allow":["GET"]}}],"collection":[{"href":"https:\/\/diariotiempo.com.uy\/noticias\/wp-json\/wp\/v2\/posts"}],"about":[{"href":"https:\/\/diariotiempo.com.uy\/noticias\/wp-json\/wp\/v2\/types\/post"}],"author":[{"embeddable":true,"href":"https:\/\/diariotiempo.com.uy\/noticias\/wp-json\/wp\/v2\/users\/1"}],"replies":[{"embeddable":true,"href":"https:\/\/diariotiempo.com.uy\/noticias\/wp-json\/wp\/v2\/comments?post=8858"}],"version-history":[{"count":1,"href":"https:\/\/diariotiempo.com.uy\/noticias\/wp-json\/wp\/v2\/posts\/8858\/revisions"}],"predecessor-version":[{"id":8860,"href":"https:\/\/diariotiempo.com.uy\/noticias\/wp-json\/wp\/v2\/posts\/8858\/revisions\/8860"}],"wp:featuredmedia":[{"embeddable":true,"href":"https:\/\/diariotiempo.com.uy\/noticias\/wp-json\/wp\/v2\/media\/8859"}],"wp:attachment":[{"href":"https:\/\/diariotiempo.com.uy\/noticias\/wp-json\/wp\/v2\/media?parent=8858"}],"wp:term":[{"taxonomy":"category","embeddable":true,"href":"https:\/\/diariotiempo.com.uy\/noticias\/wp-json\/wp\/v2\/categories?post=8858"},{"taxonomy":"post_tag","embeddable":true,"href":"https:\/\/diariotiempo.com.uy\/noticias\/wp-json\/wp\/v2\/tags?post=8858"}],"curies":[{"name":"wp","href":"https:\/\/api.w.org\/{rel}","templated":true}]}}