{"id":8951,"date":"2022-12-16T14:23:17","date_gmt":"2022-12-16T14:23:17","guid":{"rendered":"https:\/\/diariotiempo.com.uy\/noticias\/?p=8951"},"modified":"2022-12-16T14:23:18","modified_gmt":"2022-12-16T14:23:18","slug":"concejo-de-ninos-y-ninas-presento-dos-proyectos-ante-autoridades-departamentales-y-municipales","status":"publish","type":"post","link":"https:\/\/diariotiempo.com.uy\/noticias\/2022\/12\/16\/concejo-de-ninos-y-ninas-presento-dos-proyectos-ante-autoridades-departamentales-y-municipales\/","title":{"rendered":"Concejo de ni\u00f1os y ni\u00f1as present\u00f3 dos proyectos ante autoridades departamentales y municipales"},"content":{"rendered":"\n<figure class=\"wp-block-image size-full\"><img loading=\"lazy\" decoding=\"async\" width=\"800\" height=\"534\" src=\"https:\/\/diariotiempo.com.uy\/noticias\/wp-content\/uploads\/2022\/12\/concejo.jpg\" alt=\"\" class=\"wp-image-8952\" srcset=\"https:\/\/diariotiempo.com.uy\/noticias\/wp-content\/uploads\/2022\/12\/concejo.jpg 800w, https:\/\/diariotiempo.com.uy\/noticias\/wp-content\/uploads\/2022\/12\/concejo-300x200.jpg 300w, https:\/\/diariotiempo.com.uy\/noticias\/wp-content\/uploads\/2022\/12\/concejo-768x513.jpg 768w\" sizes=\"auto, (max-width: 800px) 100vw, 800px\" \/><\/figure>\n\n\n\n<p>El Concejo de Ni\u00f1os y Ni\u00f1as present\u00f3 dos proyectos, uno de limpieza de playas y otro de recuperaci\u00f3n de un espacio para la construcci\u00f3n de una plaza \u201creutilizable\u201d. La Alcaldesa de Ciudad de la Costa, Mtra. Sonia Misiri\u00e1n, dijo que el proceso que se realiz\u00f3 durante diez talleres llev\u00f3 a que el resultado presentado fuera de iniciativas completas, algo que sirvi\u00f3 tambi\u00e9n para \u201cver las capacidades que tienen los ni\u00f1os y las ni\u00f1as para pensar, crear, construir y hacer acuerdos\u201d.<\/p>\n\n\n\n<p>Los ni\u00f1os y ni\u00f1as, que son de Solymar, pertenecen a varias instituciones, por lo que los primeros talleres fueron de integraci\u00f3n para despu\u00e9s pasar a trabajar en los proyectos presentados, que fueron enviados tanto al Concejo de adultos como al Intendente, Prof. Yamand\u00fa Orsi. El jefe comunal estuvo presente en el acto y felicit\u00f3 a los ni\u00f1os y ni\u00f1as por el trabajo realizado. \u201cUstedes tiran las idea pero si nosotros no apoyamos, no sale (\u2026) Los gobiernos tenemos que hacer cosas para la gente, pero salen mejor cuando los propios involucrados se hacen cargo, y ustedes se quieren hacer cargo\u201d, manifest\u00f3 Orsi en referencia a la concreci\u00f3n de las iniciativas presentadas.<\/p>\n\n\n\n<p>La Responsable del \u00c1rea de Infancia y Adolescencia de la Intendencia de Canelones, Lic. Cecilia Rebellato, inform\u00f3 que los 20 ni\u00f1os y ni\u00f1as \u201cllevaron adelante un proceso de empoderamiento y protagonismo infantil. Cuando decimos eso tiene que ver con el ejercicio de la ciudadan\u00eda, qu\u00e9 mejoras quieren hacer, qu\u00e9 cambios\u201d. Asegur\u00f3, adem\u00e1s, que los ni\u00f1os y ni\u00f1as forman parte de todo el proceso, no s\u00f3lo proponen sino que presentan sus ideas y luego son part\u00edcipes del proceso para la concreci\u00f3n de las propuestas.<\/p>\n\n\n\n<p>Sobre las iniciativas presentadas, coment\u00f3 que fueron los participantes los que identificaron un espacio abandonado en Solymar donde se puede hacer una plaza p\u00fablica. Asimismo, la pensaron accesible para que la puedan disfrutar las personas en situaci\u00f3n de discapacidad. \u201cPensaron en talleres de tr\u00e1nsito y en que tenga mobiliario para todas las edades\u201d, relat\u00f3 Rebellato. Sobre la limpieza de playas, cont\u00f3 que planificaron una bajada en la que se hagan limpiezas, generando conciencia sobre el cuidado del medio ambiente en toda la poblaci\u00f3n. Fuente y foto IMC<\/p>\n","protected":false},"excerpt":{"rendered":"<p>El Concejo de Ni\u00f1os y Ni\u00f1as present\u00f3 dos proyectos, uno de limpieza de playas y&#8230;<\/p>\n","protected":false},"author":1,"featured_media":8952,"comment_status":"open","ping_status":"open","sticky":false,"template":"","format":"standard","meta":{"_monsterinsights_skip_tracking":false,"_monsterinsights_sitenote_active":false,"_monsterinsights_sitenote_note":"","_monsterinsights_sitenote_category":0,"footnotes":""},"categories":[83],"tags":[],"class_list":["post-8951","post","type-post","status-publish","format-standard","has-post-thumbnail","hentry","category-ciudad-de-la-costa"],"featured_image_urls":{"full":["https:\/\/diariotiempo.com.uy\/noticias\/wp-content\/uploads\/2022\/12\/concejo.jpg",800,534,false],"thumbnail":["https:\/\/diariotiempo.com.uy\/noticias\/wp-content\/uploads\/2022\/12\/concejo-150x150.jpg",150,150,true],"medium":["https:\/\/diariotiempo.com.uy\/noticias\/wp-content\/uploads\/2022\/12\/concejo-300x200.jpg",300,200,true],"medium_large":["https:\/\/diariotiempo.com.uy\/noticias\/wp-content\/uploads\/2022\/12\/concejo-768x513.jpg",640,428,true],"large":["https:\/\/diariotiempo.com.uy\/noticias\/wp-content\/uploads\/2022\/12\/concejo.jpg",640,427,false],"rpg_gallery_admin_thumb":["https:\/\/diariotiempo.com.uy\/noticias\/wp-content\/uploads\/2022\/12\/concejo.jpg",150,100,false],"rpg_gallery_thumb":["https:\/\/diariotiempo.com.uy\/noticias\/wp-content\/uploads\/2022\/12\/concejo.jpg",150,100,false],"1536x1536":["https:\/\/diariotiempo.com.uy\/noticias\/wp-content\/uploads\/2022\/12\/concejo.jpg",800,534,false],"2048x2048":["https:\/\/diariotiempo.com.uy\/noticias\/wp-content\/uploads\/2022\/12\/concejo.jpg",800,534,false],"covernews-slider-full":["https:\/\/diariotiempo.com.uy\/noticias\/wp-content\/uploads\/2022\/12\/concejo.jpg",800,534,false],"covernews-slider-center":["https:\/\/diariotiempo.com.uy\/noticias\/wp-content\/uploads\/2022\/12\/concejo-800x500.jpg",800,500,true],"covernews-featured":["https:\/\/diariotiempo.com.uy\/noticias\/wp-content\/uploads\/2022\/12\/concejo.jpg",800,534,false],"covernews-medium":["https:\/\/diariotiempo.com.uy\/noticias\/wp-content\/uploads\/2022\/12\/concejo-540x340.jpg",540,340,true],"covernews-medium-square":["https:\/\/diariotiempo.com.uy\/noticias\/wp-content\/uploads\/2022\/12\/concejo-400x250.jpg",400,250,true]},"author_info":{"display_name":"diario","author_link":"https:\/\/diariotiempo.com.uy\/noticias\/author\/diario\/"},"category_info":"<a href=\"https:\/\/diariotiempo.com.uy\/noticias\/category\/departamental\/ciudad-de-la-costa\/\" rel=\"category tag\">Ciudad de la Costa<\/a>","tag_info":"Ciudad de la Costa","comment_count":"0","_links":{"self":[{"href":"https:\/\/diariotiempo.com.uy\/noticias\/wp-json\/wp\/v2\/posts\/8951","targetHints":{"allow":["GET"]}}],"collection":[{"href":"https:\/\/diariotiempo.com.uy\/noticias\/wp-json\/wp\/v2\/posts"}],"about":[{"href":"https:\/\/diariotiempo.com.uy\/noticias\/wp-json\/wp\/v2\/types\/post"}],"author":[{"embeddable":true,"href":"https:\/\/diariotiempo.com.uy\/noticias\/wp-json\/wp\/v2\/users\/1"}],"replies":[{"embeddable":true,"href":"https:\/\/diariotiempo.com.uy\/noticias\/wp-json\/wp\/v2\/comments?post=8951"}],"version-history":[{"count":1,"href":"https:\/\/diariotiempo.com.uy\/noticias\/wp-json\/wp\/v2\/posts\/8951\/revisions"}],"predecessor-version":[{"id":8953,"href":"https:\/\/diariotiempo.com.uy\/noticias\/wp-json\/wp\/v2\/posts\/8951\/revisions\/8953"}],"wp:featuredmedia":[{"embeddable":true,"href":"https:\/\/diariotiempo.com.uy\/noticias\/wp-json\/wp\/v2\/media\/8952"}],"wp:attachment":[{"href":"https:\/\/diariotiempo.com.uy\/noticias\/wp-json\/wp\/v2\/media?parent=8951"}],"wp:term":[{"taxonomy":"category","embeddable":true,"href":"https:\/\/diariotiempo.com.uy\/noticias\/wp-json\/wp\/v2\/categories?post=8951"},{"taxonomy":"post_tag","embeddable":true,"href":"https:\/\/diariotiempo.com.uy\/noticias\/wp-json\/wp\/v2\/tags?post=8951"}],"curies":[{"name":"wp","href":"https:\/\/api.w.org\/{rel}","templated":true}]}}