{"id":8957,"date":"2022-12-16T14:26:27","date_gmt":"2022-12-16T14:26:27","guid":{"rendered":"https:\/\/diariotiempo.com.uy\/noticias\/?p=8957"},"modified":"2022-12-16T14:26:28","modified_gmt":"2022-12-16T14:26:28","slug":"comienzan-obras-de-pavimentacion-y-acondicionamiento-en-empalme-olmos","status":"publish","type":"post","link":"https:\/\/diariotiempo.com.uy\/noticias\/2022\/12\/16\/comienzan-obras-de-pavimentacion-y-acondicionamiento-en-empalme-olmos\/","title":{"rendered":"Comienzan obras de pavimentaci\u00f3n y acondicionamiento en Empalme Olmos"},"content":{"rendered":"\n<figure class=\"wp-block-image size-full\"><img loading=\"lazy\" decoding=\"async\" width=\"800\" height=\"533\" src=\"https:\/\/diariotiempo.com.uy\/noticias\/wp-content\/uploads\/2022\/12\/empalme.jpg\" alt=\"\" class=\"wp-image-8958\" srcset=\"https:\/\/diariotiempo.com.uy\/noticias\/wp-content\/uploads\/2022\/12\/empalme.jpg 800w, https:\/\/diariotiempo.com.uy\/noticias\/wp-content\/uploads\/2022\/12\/empalme-300x200.jpg 300w, https:\/\/diariotiempo.com.uy\/noticias\/wp-content\/uploads\/2022\/12\/empalme-768x512.jpg 768w\" sizes=\"auto, (max-width: 800px) 100vw, 800px\" \/><\/figure>\n\n\n\n<p>La Intendencia de Canelones y el Municipio de Empalme Olmos comenzaron los trabajos tendientes a pavimentar la calle Gabriel Pereira con tratamiento doble y sellado, en una extensi\u00f3n de 700 metros. Paralelamente, en Villa Olmos, se lleva adelante el acondicionamiento de un tramo del puente La Sorda que abarca unos 300 metros. Las obras se enmarcan en el Plan Operativo Anual (POA) y fueron definidas por el municipio local.<br>En la calle Gabriel Pereira, la obra abarca la limpieza y conformaci\u00f3n de cunetas, tendido de tosca y tratamiento bituminoso doble con sellado. En el puente La Sorda, se est\u00e1 acondicionando el pavimento, que se encontraba deteriorado y necesitaba un bacheo profundo. Se prepar\u00f3 la base y se realiz\u00f3 un tendido de asfalto en unos 150 metros, adem\u00e1s de la colocaci\u00f3n de nueve luminarias y barandas, que aportan mayor seguridad al tr\u00e1nsito vehicular.<br>Calle Gabriel Pereira<br>El Alcalde del Municipio de Empalme Olmos, Luis Parodi, inform\u00f3 que en la calle Gabriel Pereira se est\u00e1 haciendo un tratamiento de regado doble con bitumen. La calle cuenta con un alto tr\u00e1nsito por la presencia del liceo de Empalme Olmos, as\u00ed como el club de abuelos. \u201cSe comienza por esa calle porque es donde se encuentra el liceo, hab\u00eda que darle prioridad donde concurren adolescentes y muchos veh\u00edculos. Por ah\u00ed se comienza y se contin\u00faa por las dem\u00e1s\u201d, inform\u00f3 Parodi.<\/p>\n\n\n\n<p>Puente La Sorda<br>En este caso, el pavimento se encontraba en mal estado dificultando el pasaje por el lugar. \u201cSe hizo todo un pavimento nuevo, carpeta asf\u00e1ltica que abarca unos 300 metros, con 10 cent\u00edmetros de espesor. Adem\u00e1s, se colocar\u00e1n barandas nuevas y luminarias, que van a cambiar la fisonom\u00eda y el estado del puente, que estaba muy peligroso\u201d, manifest\u00f3 Parodi. \u201cAqu\u00ed en la zona tenemos varias canteras, la antigua f\u00e1brica Olmos, muchos vecinos con quintas, pasan los camiones para el vertedero de Ca\u00f1ada Grande, es muy transitado y es de tremenda importancia ese puente\u201d, puntualiz\u00f3. La obra est\u00e1 a punto de culminar y se espera que en los pr\u00f3ximos d\u00edas se inaugure.<\/p>\n\n\n\n<p>Obras proyectadas<br>Al finalizar estas dos obras, se comenzar\u00e1 a trabajar en la calle Zorrilla de San Mart\u00edn, con el mismo tratamiento con regado doble realizado en la calle Gabriel Pereira. \u201cEso va a dar comienzo en los primeros meses del a\u00f1o 2023. Luego, viene la obra del fideicomiso que abarca el barrio San Cono\u201d, con la totalidad de sus calles bituminizadas, seg\u00fan expres\u00f3 el jerarca comunal. Tambi\u00e9n inform\u00f3 que se planifica bituminizar una calle en Villa Olmos.<br>Asimismo, en el mes de diciembre, comenzar\u00e1n las obras de la vereda de la Av. Luis A. de Herrera, acceso principal a Empalme Olmos. La senda se constituir\u00e1 en hormig\u00f3n con rampas de acceso, lo que significar\u00e1 un importante avance en materia de seguridad vial para la poblaci\u00f3n. \u201cMuchos bajan a la calle para transitar, por lo que esa vereda ser\u00e1 de mucha utilidad\u201d, opin\u00f3 Parodi.<br>Fuente y foto IMC<\/p>\n","protected":false},"excerpt":{"rendered":"<p>La Intendencia de Canelones y el Municipio de Empalme Olmos comenzaron los trabajos tendientes a&#8230;<\/p>\n","protected":false},"author":1,"featured_media":8958,"comment_status":"open","ping_status":"open","sticky":false,"template":"","format":"standard","meta":{"_monsterinsights_skip_tracking":false,"_monsterinsights_sitenote_active":false,"_monsterinsights_sitenote_note":"","_monsterinsights_sitenote_category":0,"footnotes":""},"categories":[21],"tags":[],"class_list":["post-8957","post","type-post","status-publish","format-standard","has-post-thumbnail","hentry","category-empalme-olmos"],"featured_image_urls":{"full":["https:\/\/diariotiempo.com.uy\/noticias\/wp-content\/uploads\/2022\/12\/empalme.jpg",800,533,false],"thumbnail":["https:\/\/diariotiempo.com.uy\/noticias\/wp-content\/uploads\/2022\/12\/empalme-150x150.jpg",150,150,true],"medium":["https:\/\/diariotiempo.com.uy\/noticias\/wp-content\/uploads\/2022\/12\/empalme-300x200.jpg",300,200,true],"medium_large":["https:\/\/diariotiempo.com.uy\/noticias\/wp-content\/uploads\/2022\/12\/empalme-768x512.jpg",640,427,true],"large":["https:\/\/diariotiempo.com.uy\/noticias\/wp-content\/uploads\/2022\/12\/empalme.jpg",640,426,false],"rpg_gallery_admin_thumb":["https:\/\/diariotiempo.com.uy\/noticias\/wp-content\/uploads\/2022\/12\/empalme.jpg",150,100,false],"rpg_gallery_thumb":["https:\/\/diariotiempo.com.uy\/noticias\/wp-content\/uploads\/2022\/12\/empalme.jpg",150,100,false],"1536x1536":["https:\/\/diariotiempo.com.uy\/noticias\/wp-content\/uploads\/2022\/12\/empalme.jpg",800,533,false],"2048x2048":["https:\/\/diariotiempo.com.uy\/noticias\/wp-content\/uploads\/2022\/12\/empalme.jpg",800,533,false],"covernews-slider-full":["https:\/\/diariotiempo.com.uy\/noticias\/wp-content\/uploads\/2022\/12\/empalme.jpg",800,533,false],"covernews-slider-center":["https:\/\/diariotiempo.com.uy\/noticias\/wp-content\/uploads\/2022\/12\/empalme-800x500.jpg",800,500,true],"covernews-featured":["https:\/\/diariotiempo.com.uy\/noticias\/wp-content\/uploads\/2022\/12\/empalme.jpg",800,533,false],"covernews-medium":["https:\/\/diariotiempo.com.uy\/noticias\/wp-content\/uploads\/2022\/12\/empalme-540x340.jpg",540,340,true],"covernews-medium-square":["https:\/\/diariotiempo.com.uy\/noticias\/wp-content\/uploads\/2022\/12\/empalme-400x250.jpg",400,250,true]},"author_info":{"display_name":"diario","author_link":"https:\/\/diariotiempo.com.uy\/noticias\/author\/diario\/"},"category_info":"<a href=\"https:\/\/diariotiempo.com.uy\/noticias\/category\/departamental\/empalme-olmos\/\" rel=\"category tag\">Empalme Olmos<\/a>","tag_info":"Empalme Olmos","comment_count":"0","_links":{"self":[{"href":"https:\/\/diariotiempo.com.uy\/noticias\/wp-json\/wp\/v2\/posts\/8957","targetHints":{"allow":["GET"]}}],"collection":[{"href":"https:\/\/diariotiempo.com.uy\/noticias\/wp-json\/wp\/v2\/posts"}],"about":[{"href":"https:\/\/diariotiempo.com.uy\/noticias\/wp-json\/wp\/v2\/types\/post"}],"author":[{"embeddable":true,"href":"https:\/\/diariotiempo.com.uy\/noticias\/wp-json\/wp\/v2\/users\/1"}],"replies":[{"embeddable":true,"href":"https:\/\/diariotiempo.com.uy\/noticias\/wp-json\/wp\/v2\/comments?post=8957"}],"version-history":[{"count":1,"href":"https:\/\/diariotiempo.com.uy\/noticias\/wp-json\/wp\/v2\/posts\/8957\/revisions"}],"predecessor-version":[{"id":8959,"href":"https:\/\/diariotiempo.com.uy\/noticias\/wp-json\/wp\/v2\/posts\/8957\/revisions\/8959"}],"wp:featuredmedia":[{"embeddable":true,"href":"https:\/\/diariotiempo.com.uy\/noticias\/wp-json\/wp\/v2\/media\/8958"}],"wp:attachment":[{"href":"https:\/\/diariotiempo.com.uy\/noticias\/wp-json\/wp\/v2\/media?parent=8957"}],"wp:term":[{"taxonomy":"category","embeddable":true,"href":"https:\/\/diariotiempo.com.uy\/noticias\/wp-json\/wp\/v2\/categories?post=8957"},{"taxonomy":"post_tag","embeddable":true,"href":"https:\/\/diariotiempo.com.uy\/noticias\/wp-json\/wp\/v2\/tags?post=8957"}],"curies":[{"name":"wp","href":"https:\/\/api.w.org\/{rel}","templated":true}]}}