{"id":8966,"date":"2022-12-16T14:32:55","date_gmt":"2022-12-16T14:32:55","guid":{"rendered":"https:\/\/diariotiempo.com.uy\/noticias\/?p=8966"},"modified":"2022-12-16T14:33:06","modified_gmt":"2022-12-16T14:33:06","slug":"joaquin-suarez-consolida-circuito-de-calles-centricas-con-su-pavimentacion","status":"publish","type":"post","link":"https:\/\/diariotiempo.com.uy\/noticias\/2022\/12\/16\/joaquin-suarez-consolida-circuito-de-calles-centricas-con-su-pavimentacion\/","title":{"rendered":"Joaqu\u00edn Su\u00e1rez consolida circuito de calles c\u00e9ntricas con su pavimentaci\u00f3n"},"content":{"rendered":"\n<figure class=\"wp-block-image size-full\"><img loading=\"lazy\" decoding=\"async\" width=\"800\" height=\"533\" src=\"https:\/\/diariotiempo.com.uy\/noticias\/wp-content\/uploads\/2022\/12\/SUAREZ.jpg\" alt=\"\" class=\"wp-image-8967\" srcset=\"https:\/\/diariotiempo.com.uy\/noticias\/wp-content\/uploads\/2022\/12\/SUAREZ.jpg 800w, https:\/\/diariotiempo.com.uy\/noticias\/wp-content\/uploads\/2022\/12\/SUAREZ-300x200.jpg 300w, https:\/\/diariotiempo.com.uy\/noticias\/wp-content\/uploads\/2022\/12\/SUAREZ-768x512.jpg 768w\" sizes=\"auto, (max-width: 800px) 100vw, 800px\" \/><\/figure>\n\n\n\n<p>La Intendencia de Canelones, a trav\u00e9s de la Direcci\u00f3n General de Obras, junto al Municipio de Joaqu\u00edn Su\u00e1rez, comenz\u00f3 los trabajos de pavimentaci\u00f3n en un circuito de calles que comprende aproximadamente 500 metros. Actualmente, se realizan obras en torno a la Escuela N\u00b0 124 en el centro de la ciudad.<\/p>\n\n\n\n<p>La obra a ejecutar tiene como objetivo el cambio de est\u00e1ndar de las calles pasando de ser en tosca a un tratamiento bituminoso doble con sellado. El circuito a pavimentar comprende las calles Pando, Luis Alberto de Herrera, Ituzaing\u00f3 y Aparicio Saravia, que contar\u00e1n con cord\u00f3n cuneta.<\/p>\n\n\n\n<p>La Encargada de la Unidad Ejecutora 3B (Su\u00e1rez, Sauce y Toledo), Arq. Viviana Perdomo, inform\u00f3 que \u201cse realiz\u00f3 una excavaci\u00f3n [en la calle] para recargar luego con tosca. Era necesario para poder realizar el cord\u00f3n cuneta porque estamos consolidando el barrio\u201d. Estas obras tienen en cuenta los umbrales de los hogares, luego se recarga y se tiende el pavimento, en este caso con tratamiento bituminoso doble. La obra, adem\u00e1s, conllev\u00f3 trabajos de \u00edndole hidr\u00e1ulico, como cruces de calles, alcantarillas y limpieza de cunetas, para el correcto funcionamiento de la calle.<br>La zona presenta un alto tr\u00e1nsito por la cercan\u00eda al centro educativo, con gran circulaci\u00f3n de peatones y veh\u00edculos. \u201cHay muchos ni\u00f1os en la escuela, aproximadamente 300 en la ma\u00f1ana y 300 en la tarde, y en la calle paralela funciona un jard\u00edn de infantes, entonces en las horas pico de entrada y salida de los turnos hay mucha frecuencia de circulaci\u00f3n, tanto de peatones como vehicular\u201d, asegur\u00f3 Perdomo.<br>En la calle Luis Alberto de Herrera, que separa a los centros educativos de la plaza principal Diego Pons, se llev\u00f3 a cabo el entubado de una cuneta para facilitar el acceso al espacio de recreaci\u00f3n y a la plaza, \u201cpara que no quede esa cuneta a cielo abierto, ya que era peligroso\u201d, manifest\u00f3 la profesional.<\/p>\n\n\n\n<p>Gente en obra<\/p>\n\n\n\n<p>Finalmente, y atendiendo a la seguridad de la ciudadan\u00eda, se exhorta a la poblaci\u00f3n a extremar los cuidados al transitar por una zona en obras. \u201cEl transcurso de la obra, a veces, es complicado. Tiene sus inconvenientes e incomodidades pero todo es para mejorar\u201d, estim\u00f3 Perdomo. \u201cTuvimos una instancia en la escuela para que todas las personas que vienen a retirar sus hijos e hijas sean precavidas con la maquinaria y el movimiento que tiene la obra\u201d, puntualiz\u00f3. Para la realizaci\u00f3n de este proyecto fue necesario el traslado del port\u00f3n de acceso al centro educativo y la modificaci\u00f3n del sentido en un tramo de Bv. Artigas.<\/p>\n","protected":false},"excerpt":{"rendered":"<p>La Intendencia de Canelones, a trav\u00e9s de la Direcci\u00f3n General de Obras, junto al Municipio&#8230;<\/p>\n","protected":false},"author":1,"featured_media":8967,"comment_status":"open","ping_status":"open","sticky":false,"template":"","format":"standard","meta":{"_monsterinsights_skip_tracking":false,"_monsterinsights_sitenote_active":false,"_monsterinsights_sitenote_note":"","_monsterinsights_sitenote_category":0,"footnotes":""},"categories":[116],"tags":[],"class_list":["post-8966","post","type-post","status-publish","format-standard","has-post-thumbnail","hentry","category-joaquin-suarez"],"featured_image_urls":{"full":["https:\/\/diariotiempo.com.uy\/noticias\/wp-content\/uploads\/2022\/12\/SUAREZ.jpg",800,533,false],"thumbnail":["https:\/\/diariotiempo.com.uy\/noticias\/wp-content\/uploads\/2022\/12\/SUAREZ-150x150.jpg",150,150,true],"medium":["https:\/\/diariotiempo.com.uy\/noticias\/wp-content\/uploads\/2022\/12\/SUAREZ-300x200.jpg",300,200,true],"medium_large":["https:\/\/diariotiempo.com.uy\/noticias\/wp-content\/uploads\/2022\/12\/SUAREZ-768x512.jpg",640,427,true],"large":["https:\/\/diariotiempo.com.uy\/noticias\/wp-content\/uploads\/2022\/12\/SUAREZ.jpg",640,426,false],"rpg_gallery_admin_thumb":["https:\/\/diariotiempo.com.uy\/noticias\/wp-content\/uploads\/2022\/12\/SUAREZ.jpg",150,100,false],"rpg_gallery_thumb":["https:\/\/diariotiempo.com.uy\/noticias\/wp-content\/uploads\/2022\/12\/SUAREZ.jpg",150,100,false],"1536x1536":["https:\/\/diariotiempo.com.uy\/noticias\/wp-content\/uploads\/2022\/12\/SUAREZ.jpg",800,533,false],"2048x2048":["https:\/\/diariotiempo.com.uy\/noticias\/wp-content\/uploads\/2022\/12\/SUAREZ.jpg",800,533,false],"covernews-slider-full":["https:\/\/diariotiempo.com.uy\/noticias\/wp-content\/uploads\/2022\/12\/SUAREZ.jpg",800,533,false],"covernews-slider-center":["https:\/\/diariotiempo.com.uy\/noticias\/wp-content\/uploads\/2022\/12\/SUAREZ-800x500.jpg",800,500,true],"covernews-featured":["https:\/\/diariotiempo.com.uy\/noticias\/wp-content\/uploads\/2022\/12\/SUAREZ.jpg",800,533,false],"covernews-medium":["https:\/\/diariotiempo.com.uy\/noticias\/wp-content\/uploads\/2022\/12\/SUAREZ-540x340.jpg",540,340,true],"covernews-medium-square":["https:\/\/diariotiempo.com.uy\/noticias\/wp-content\/uploads\/2022\/12\/SUAREZ-400x250.jpg",400,250,true]},"author_info":{"display_name":"diario","author_link":"https:\/\/diariotiempo.com.uy\/noticias\/author\/diario\/"},"category_info":"<a href=\"https:\/\/diariotiempo.com.uy\/noticias\/category\/departamental\/joaquin-suarez\/\" rel=\"category tag\">Joaqu\u00edn Su\u00e1rez<\/a>","tag_info":"Joaqu\u00edn Su\u00e1rez","comment_count":"0","_links":{"self":[{"href":"https:\/\/diariotiempo.com.uy\/noticias\/wp-json\/wp\/v2\/posts\/8966","targetHints":{"allow":["GET"]}}],"collection":[{"href":"https:\/\/diariotiempo.com.uy\/noticias\/wp-json\/wp\/v2\/posts"}],"about":[{"href":"https:\/\/diariotiempo.com.uy\/noticias\/wp-json\/wp\/v2\/types\/post"}],"author":[{"embeddable":true,"href":"https:\/\/diariotiempo.com.uy\/noticias\/wp-json\/wp\/v2\/users\/1"}],"replies":[{"embeddable":true,"href":"https:\/\/diariotiempo.com.uy\/noticias\/wp-json\/wp\/v2\/comments?post=8966"}],"version-history":[{"count":1,"href":"https:\/\/diariotiempo.com.uy\/noticias\/wp-json\/wp\/v2\/posts\/8966\/revisions"}],"predecessor-version":[{"id":8968,"href":"https:\/\/diariotiempo.com.uy\/noticias\/wp-json\/wp\/v2\/posts\/8966\/revisions\/8968"}],"wp:featuredmedia":[{"embeddable":true,"href":"https:\/\/diariotiempo.com.uy\/noticias\/wp-json\/wp\/v2\/media\/8967"}],"wp:attachment":[{"href":"https:\/\/diariotiempo.com.uy\/noticias\/wp-json\/wp\/v2\/media?parent=8966"}],"wp:term":[{"taxonomy":"category","embeddable":true,"href":"https:\/\/diariotiempo.com.uy\/noticias\/wp-json\/wp\/v2\/categories?post=8966"},{"taxonomy":"post_tag","embeddable":true,"href":"https:\/\/diariotiempo.com.uy\/noticias\/wp-json\/wp\/v2\/tags?post=8966"}],"curies":[{"name":"wp","href":"https:\/\/api.w.org\/{rel}","templated":true}]}}