{"id":8969,"date":"2022-12-16T14:34:48","date_gmt":"2022-12-16T14:34:48","guid":{"rendered":"https:\/\/diariotiempo.com.uy\/noticias\/?p=8969"},"modified":"2022-12-16T14:34:49","modified_gmt":"2022-12-16T14:34:49","slug":"lanzamiento-cine-bajo-las-estrellas-y-entrega-de-premios-de-la-edicion-2022-del-fondo-audiovisual-canario","status":"publish","type":"post","link":"https:\/\/diariotiempo.com.uy\/noticias\/2022\/12\/16\/lanzamiento-cine-bajo-las-estrellas-y-entrega-de-premios-de-la-edicion-2022-del-fondo-audiovisual-canario\/","title":{"rendered":"Lanzamiento Cine bajo las Estrellas y entrega de premios de la edici\u00f3n 2022 del Fondo Audiovisual Canario"},"content":{"rendered":"\n<figure class=\"wp-block-image size-full\"><img loading=\"lazy\" decoding=\"async\" width=\"800\" height=\"533\" src=\"https:\/\/diariotiempo.com.uy\/noticias\/wp-content\/uploads\/2022\/12\/cine-1.jpg\" alt=\"\" class=\"wp-image-8970\" srcset=\"https:\/\/diariotiempo.com.uy\/noticias\/wp-content\/uploads\/2022\/12\/cine-1.jpg 800w, https:\/\/diariotiempo.com.uy\/noticias\/wp-content\/uploads\/2022\/12\/cine-1-300x200.jpg 300w, https:\/\/diariotiempo.com.uy\/noticias\/wp-content\/uploads\/2022\/12\/cine-1-768x512.jpg 768w\" sizes=\"auto, (max-width: 800px) 100vw, 800px\" \/><\/figure>\n\n\n\n<p>En la Sala Beto Satragni del Complejo Cultural Politeama, se realiz\u00f3 el lanzamiento del programa Cine bajo las estrellas, que comenzar\u00e1 en enero y recorrer\u00e1 los 30 municipios del departamento llevando pel\u00edculas al territorio, a la vez que se entregaron los tres premios de la edici\u00f3n 2022 del Fondo Audiovisual Canario.<\/p>\n\n\n\n<p>Cine bajo las estrellas es un programa de la Direcci\u00f3n General de Cultura de la Intendencia de Canelones que cuenta con el apoyo de los municipios canarios. Se compone por un ciclo de pel\u00edculas cuyo objetivo es brindar un aporte cultural a la sociedad, generando encuentros entre vecinos y vecinas con pel\u00edculas para grandes y chicos. Al respecto, el Director General de Cultura del Gobierno de Canelones, Sergio Mach\u00edn, opin\u00f3 que este \u201ces uno de los programas cl\u00e1sicos de circulaci\u00f3n de contenidos culturales y de acceso a contenidos audiovisuales en el territorio, que ya tiene varios a\u00f1os en Canelones\u201d, y adelant\u00f3 que este a\u00f1o se adquiri\u00f3 una nueva pantalla, por lo que habr\u00e1 dos que estar\u00e1n circulando por el departamento y habr\u00e1 m\u00e1s de 100 proyecciones.<\/p>\n\n\n\n<p>Adem\u00e1s, Mach\u00edn destac\u00f3 que se compraron derechos de cine nacional, de cuatro pel\u00edculas que se estrenaron durante el a\u00f1o en el pa\u00eds, lo que refuerza dos l\u00edneas de trabajo muy fuertes, seg\u00fan el Director, que tienen que ver con la apuesta a la producci\u00f3n audiovisual nacional y a la cooperaci\u00f3n internacional, en tanto, con embajadas y cat\u00e1logos de cine de varios pa\u00edses se complementa la grilla de audiovisuales que se proyectar\u00e1n. \u201cCine bajo las estrellas tiene que ver con democratizar la cultura, con generar el acceso a este tipo de instancias y consolidar espacios de cine en cooperaci\u00f3n con los municipios\u201d, consider\u00f3 Mach\u00edn.<br>En este sentido, el Coordinador de Gabinete Institucional del Gobierno de Canelones, Pedro Irigoin, tambi\u00e9n subray\u00f3 la importancia de propiciar instancias de acceso a la cultura y a bienes culturales. \u201cSi nos encontramos juntos en esa batalla del acceso a la cultura, del acceso a la realizaci\u00f3n de la cultura, la institucionalizamos, la ordenamos, la promocionamos como corresponde y, al mismo tiempo, la vinculamos con la descentralizaci\u00f3n; nos parece que es un combo precioso\u201d, opin\u00f3 Irigoin.<\/p>\n\n\n\n<p>A su vez, manifest\u00f3 que el trabajo que viene haciendo la Direcci\u00f3n General de Cultura y sus asociados es generar herramientas para que los creadores de contenido puedan seguir creando, para que a quienes les corresponden las responsabilidades institucionales las asuman como tales, pero lo m\u00e1s destacable, seg\u00fan el jerarca, es que los canarios y las canarias puedan acceder a un bien cultural que quiz\u00e1s de otra manera no podr\u00edan hacerlo. \u201cEso son decisiones pol\u00edticas que este Gobierno Departamental ha venido tomando desde hace mucho tiempo y que sostiene, porque la posibilidad es hacerlo o no hacerlo y obviamente elegimos hacerlo. Estamos encantados con que recursos econ\u00f3micos, humanos, log\u00edsticos y de infraestructura se vuelquen a ese acceso y que nos encuentre siempre para echar una mano, que los creadores de tanta cultura y tanto arte encuentren en nosotros un socio para que sea cada vez m\u00e1s, mejor y m\u00e1s cercano a nuestros canarios y canarias\u201d, sentenci\u00f3 Irigoin.<\/p>\n\n\n\n<p>Premios del Fondo Audiovisual Canario 2022<\/p>\n\n\n\n<p>En esta instancia tambi\u00e9n se desarroll\u00f3 la entrega de premios a los ganadores de la edici\u00f3n 2022 del Fondo Audiovisual Canario, que ya va por la cuarta edici\u00f3n y que, al igual que en las anteriores, estuvo enfocado en cortometrajes de ficci\u00f3n y documentales.<\/p>\n\n\n\n<p>En esta oportunidad, se presentaron 13 proyectos audiovisuales y resultaron ganadores Abejas, del realizador Ernesto Gillman en el primer puesto, seguido del proyecto Marindia de Joaqu\u00edn Mauad en el segundo lugar y Flying saucer de Ramiro Firme y Santiago Musetti en el tercer puesto. Los ganadores dispondr\u00e1n de $ 90.000, $ 60.000 y $ 40.000, respectivamente, para concretar sus proyectos audiovisuales, a lo que se sumar\u00e1 el apoyo de la Intendencia de Canelones a trav\u00e9s de Canelones Audiovisual (Locaciones Canarias) durante todo el rodaje.<\/p>\n\n\n\n<p>El jurado resalt\u00f3 la calidad de todos los proyectos presentados en esta cuarta edici\u00f3n del Fondo Audiovisual Canario. Algunos de los motivos que los llevaron a decidirse por estas obras son, en el caso de Abejas, la originalidad de la propuesta y por tratar un tema sensible que requiere rigor a la hora de vivenciar y transmitir experiencias vitales. Sobre Marindia, destacaron la profundidad que se plantea en un drama personal que permitir\u00e1 abordar temas de la infancia, la madurez y la honestidad. Finalmente, remarcaron que Flying saucer presenta una apuesta fantasiosa y original, que plantea entre l\u00edneas la lucha por pertenecer.<\/p>\n","protected":false},"excerpt":{"rendered":"<p>En la Sala Beto Satragni del Complejo Cultural Politeama, se realiz\u00f3 el lanzamiento del programa&#8230;<\/p>\n","protected":false},"author":1,"featured_media":8970,"comment_status":"open","ping_status":"open","sticky":false,"template":"","format":"standard","meta":{"_monsterinsights_skip_tracking":false,"_monsterinsights_sitenote_active":false,"_monsterinsights_sitenote_note":"","_monsterinsights_sitenote_category":0,"footnotes":""},"categories":[4],"tags":[],"class_list":["post-8969","post","type-post","status-publish","format-standard","has-post-thumbnail","hentry","category-departamental"],"featured_image_urls":{"full":["https:\/\/diariotiempo.com.uy\/noticias\/wp-content\/uploads\/2022\/12\/cine-1.jpg",800,533,false],"thumbnail":["https:\/\/diariotiempo.com.uy\/noticias\/wp-content\/uploads\/2022\/12\/cine-1-150x150.jpg",150,150,true],"medium":["https:\/\/diariotiempo.com.uy\/noticias\/wp-content\/uploads\/2022\/12\/cine-1-300x200.jpg",300,200,true],"medium_large":["https:\/\/diariotiempo.com.uy\/noticias\/wp-content\/uploads\/2022\/12\/cine-1-768x512.jpg",640,427,true],"large":["https:\/\/diariotiempo.com.uy\/noticias\/wp-content\/uploads\/2022\/12\/cine-1.jpg",640,426,false],"rpg_gallery_admin_thumb":["https:\/\/diariotiempo.com.uy\/noticias\/wp-content\/uploads\/2022\/12\/cine-1.jpg",150,100,false],"rpg_gallery_thumb":["https:\/\/diariotiempo.com.uy\/noticias\/wp-content\/uploads\/2022\/12\/cine-1.jpg",150,100,false],"1536x1536":["https:\/\/diariotiempo.com.uy\/noticias\/wp-content\/uploads\/2022\/12\/cine-1.jpg",800,533,false],"2048x2048":["https:\/\/diariotiempo.com.uy\/noticias\/wp-content\/uploads\/2022\/12\/cine-1.jpg",800,533,false],"covernews-slider-full":["https:\/\/diariotiempo.com.uy\/noticias\/wp-content\/uploads\/2022\/12\/cine-1.jpg",800,533,false],"covernews-slider-center":["https:\/\/diariotiempo.com.uy\/noticias\/wp-content\/uploads\/2022\/12\/cine-1-800x500.jpg",800,500,true],"covernews-featured":["https:\/\/diariotiempo.com.uy\/noticias\/wp-content\/uploads\/2022\/12\/cine-1.jpg",800,533,false],"covernews-medium":["https:\/\/diariotiempo.com.uy\/noticias\/wp-content\/uploads\/2022\/12\/cine-1-540x340.jpg",540,340,true],"covernews-medium-square":["https:\/\/diariotiempo.com.uy\/noticias\/wp-content\/uploads\/2022\/12\/cine-1-400x250.jpg",400,250,true]},"author_info":{"display_name":"diario","author_link":"https:\/\/diariotiempo.com.uy\/noticias\/author\/diario\/"},"category_info":"<a href=\"https:\/\/diariotiempo.com.uy\/noticias\/category\/departamental\/\" rel=\"category tag\">DEPARTAMENTAL<\/a>","tag_info":"DEPARTAMENTAL","comment_count":"0","_links":{"self":[{"href":"https:\/\/diariotiempo.com.uy\/noticias\/wp-json\/wp\/v2\/posts\/8969","targetHints":{"allow":["GET"]}}],"collection":[{"href":"https:\/\/diariotiempo.com.uy\/noticias\/wp-json\/wp\/v2\/posts"}],"about":[{"href":"https:\/\/diariotiempo.com.uy\/noticias\/wp-json\/wp\/v2\/types\/post"}],"author":[{"embeddable":true,"href":"https:\/\/diariotiempo.com.uy\/noticias\/wp-json\/wp\/v2\/users\/1"}],"replies":[{"embeddable":true,"href":"https:\/\/diariotiempo.com.uy\/noticias\/wp-json\/wp\/v2\/comments?post=8969"}],"version-history":[{"count":1,"href":"https:\/\/diariotiempo.com.uy\/noticias\/wp-json\/wp\/v2\/posts\/8969\/revisions"}],"predecessor-version":[{"id":8971,"href":"https:\/\/diariotiempo.com.uy\/noticias\/wp-json\/wp\/v2\/posts\/8969\/revisions\/8971"}],"wp:featuredmedia":[{"embeddable":true,"href":"https:\/\/diariotiempo.com.uy\/noticias\/wp-json\/wp\/v2\/media\/8970"}],"wp:attachment":[{"href":"https:\/\/diariotiempo.com.uy\/noticias\/wp-json\/wp\/v2\/media?parent=8969"}],"wp:term":[{"taxonomy":"category","embeddable":true,"href":"https:\/\/diariotiempo.com.uy\/noticias\/wp-json\/wp\/v2\/categories?post=8969"},{"taxonomy":"post_tag","embeddable":true,"href":"https:\/\/diariotiempo.com.uy\/noticias\/wp-json\/wp\/v2\/tags?post=8969"}],"curies":[{"name":"wp","href":"https:\/\/api.w.org\/{rel}","templated":true}]}}