{"id":8974,"date":"2022-12-16T14:36:23","date_gmt":"2022-12-16T14:36:23","guid":{"rendered":"https:\/\/diariotiempo.com.uy\/noticias\/?p=8974"},"modified":"2022-12-16T14:36:23","modified_gmt":"2022-12-16T14:36:23","slug":"mercosur-y-proteccionismo","status":"publish","type":"post","link":"https:\/\/diariotiempo.com.uy\/noticias\/2022\/12\/16\/mercosur-y-proteccionismo\/","title":{"rendered":"MERCOSUR Y PROTECCIONISMO"},"content":{"rendered":"\n<p>Es una expresi\u00f3n que usa a manudo Alberto Kessman. Ahora que estamos en las instancias definitorias del Campeonato Mundial de F\u00fatbol, la presencia m\u00e1s asidua que lo habitual de los periodistas deportivos en los medios de comunicaci\u00f3n, la referencia a este veterano relator, viene a cuento.<br>No es mi prop\u00f3sito, sin embargo, incursionar en el terreno deportivo, sino usar la mencionada frase para referirla a un asunto que tiene una actualidad, que no deber\u00eda. Se trata de una cada vez mayor interferencia entre la Pol\u00edtica y la Justicia.<br>Una cosa en la actividad pol\u00edtica y otra la administraci\u00f3n de la Justicia. \u00c9sta debe estar totalmente al margen de intereses partidarios y obrar con independencia y sin presiones.<br>Pero el debe ser muchas veces no es. Demasiados temas que debieran quedar en la \u00f3rbita menos medi\u00e1tica, menos apasionada, de la Justicia, pasan a ser parte de la agenda pol\u00edtica y a menudo, impl\u00edcita y en no pocos casos expl\u00edcitamente, se presiona. No s\u00f3lo eso, tambi\u00e9n se encomienda a este Poder del Estado a intervenir para anular medidas dispuestas por las autoridades id\u00f3neas para hacerlo. Hay asuntos que por su importancia, deben ser tratados con seriedad, mesura y madurez. No todo debe encararse con la mente en lo electoral. Hasta se puede llegar a una saturaci\u00f3n tal que mucha gente cansada de tanta permanencia en los medios de actores partidarios, con un discurso reiterativo, con m\u00e1s adjetivos que razones, termine desinteres\u00e1ndose. Y eso no es buena cosa. Entiendo que existen casos que necesariamente deben ser llevados a la Justicia, pero una vez en ella, cabe aguardar su pronunciamiento sin hacer campa\u00f1a para que falle en un sentido o en otro. As\u00ed como la ciudadan\u00eda pone en sus cargos a legisladores, presidentes, intendentes, ediles, alcaldes, concejales para que gobiernen unos y controlen otros, porque se da por sentado que conf\u00eda en ellos, tambi\u00e9n \u00e9stos deben confiar en quienes ejercen la Justicia. Hay tres poderes independientes: el Ejecutivo, el Legislativo y el Judicial. Si alguno trata de influir en otro, est\u00e1 violentando el principio de la separaci\u00f3n de poderes. Ni judicializar la Pol\u00edtica, ni politizar la Justicia. Cada uno en lo suyo.<br>Tambi\u00e9n es verdad que hay situaciones en las que pueden correr en paralelo. La Justicia falla exclusivamente en base a pruebas. Por m\u00e1s que exista la m\u00e1s firma convicci\u00f3n de la culpabilidad de una persona, si no se puede probar, no se le puede condenar. Seguramente abundan casos de gente que no es inocente, pero al carecer de elementos probatorios queda libre. En pol\u00edtica, en cambio, se puede juzgar desde otro punto de vista. Si alguien, cualquiera sea la jerarqu\u00eda del cargo que desempe\u00f1a, su comportamiento \u00e9tico no se condice con lo que de \u00e9l se espera, puede sufrir la condena pol\u00edtica, aunque penalmente pudiera no ser condenado. Cuando un funcionario no est\u00e1 a la altura de su responsabilidad afecta la credibilidad del sistema, y por lo tanto no puede permanecer en su puesto. Paso a un caso concreto. El asunto Astesiano ha tenido una repercusi\u00f3n mucho mayor que la renuncia de un Vicepresidente, no hace tanto tiempo. No voy a hacer conjeturas acerca del por qu\u00e9. Lo que digo es que en este caso, debe intervenir la Justicia sin que actores partidarios ocupen minutos y minutos en los noticieros para decir b\u00e1sicamente lo mismo, con la complacencia de algunos reporteros. Lo esperable es que llegue hasta el fondo y todo aquel que tenga responsabilidad, cualquiera sea el cargo que ocupa, reciba la sanci\u00f3n que merece. Pero mientras tanto dejemos actuar a la Fiscal\u00eda, que bastante dif\u00edcil es el caso como para que adem\u00e1s le carguemos con presiones. Una cosa es la Pol\u00edtica y otra cosa en la Justicia. No parece tan dif\u00edcil entenderlo.<\/p>\n","protected":false},"excerpt":{"rendered":"<p>Es una expresi\u00f3n que usa a manudo Alberto Kessman. Ahora que estamos en las instancias&#8230;<\/p>\n","protected":false},"author":1,"featured_media":1159,"comment_status":"open","ping_status":"open","sticky":false,"template":"","format":"standard","meta":{"_monsterinsights_skip_tracking":false,"_monsterinsights_sitenote_active":false,"_monsterinsights_sitenote_note":"","_monsterinsights_sitenote_category":0,"footnotes":""},"categories":[13],"tags":[],"class_list":["post-8974","post","type-post","status-publish","format-standard","has-post-thumbnail","hentry","category-articulos-de-opinion"],"featured_image_urls":{"full":["https:\/\/diariotiempo.com.uy\/noticias\/wp-content\/uploads\/2021\/07\/Master-Escribe-Fuentes.jpg",300,185,false],"thumbnail":["https:\/\/diariotiempo.com.uy\/noticias\/wp-content\/uploads\/2021\/07\/Master-Escribe-Fuentes-150x150.jpg",150,150,true],"medium":["https:\/\/diariotiempo.com.uy\/noticias\/wp-content\/uploads\/2021\/07\/Master-Escribe-Fuentes.jpg",300,185,false],"medium_large":["https:\/\/diariotiempo.com.uy\/noticias\/wp-content\/uploads\/2021\/07\/Master-Escribe-Fuentes.jpg",300,185,false],"large":["https:\/\/diariotiempo.com.uy\/noticias\/wp-content\/uploads\/2021\/07\/Master-Escribe-Fuentes.jpg",300,185,false],"rpg_gallery_admin_thumb":["https:\/\/diariotiempo.com.uy\/noticias\/wp-content\/uploads\/2021\/07\/Master-Escribe-Fuentes.jpg",150,93,false],"rpg_gallery_thumb":["https:\/\/diariotiempo.com.uy\/noticias\/wp-content\/uploads\/2021\/07\/Master-Escribe-Fuentes.jpg",150,93,false],"1536x1536":["https:\/\/diariotiempo.com.uy\/noticias\/wp-content\/uploads\/2021\/07\/Master-Escribe-Fuentes.jpg",300,185,false],"2048x2048":["https:\/\/diariotiempo.com.uy\/noticias\/wp-content\/uploads\/2021\/07\/Master-Escribe-Fuentes.jpg",300,185,false],"covernews-slider-full":["https:\/\/diariotiempo.com.uy\/noticias\/wp-content\/uploads\/2021\/07\/Master-Escribe-Fuentes.jpg",300,185,false],"covernews-slider-center":["https:\/\/diariotiempo.com.uy\/noticias\/wp-content\/uploads\/2021\/07\/Master-Escribe-Fuentes.jpg",300,185,false],"covernews-featured":["https:\/\/diariotiempo.com.uy\/noticias\/wp-content\/uploads\/2021\/07\/Master-Escribe-Fuentes.jpg",300,185,false],"covernews-medium":["https:\/\/diariotiempo.com.uy\/noticias\/wp-content\/uploads\/2021\/07\/Master-Escribe-Fuentes.jpg",300,185,false],"covernews-medium-square":["https:\/\/diariotiempo.com.uy\/noticias\/wp-content\/uploads\/2021\/07\/Master-Escribe-Fuentes.jpg",300,185,false]},"author_info":{"display_name":"diario","author_link":"https:\/\/diariotiempo.com.uy\/noticias\/author\/diario\/"},"category_info":"<a href=\"https:\/\/diariotiempo.com.uy\/noticias\/category\/opinion\/articulos-de-opinion\/\" rel=\"category tag\">Art\u00edculos de Opini\u00f3n<\/a>","tag_info":"Art\u00edculos de Opini\u00f3n","comment_count":"0","_links":{"self":[{"href":"https:\/\/diariotiempo.com.uy\/noticias\/wp-json\/wp\/v2\/posts\/8974","targetHints":{"allow":["GET"]}}],"collection":[{"href":"https:\/\/diariotiempo.com.uy\/noticias\/wp-json\/wp\/v2\/posts"}],"about":[{"href":"https:\/\/diariotiempo.com.uy\/noticias\/wp-json\/wp\/v2\/types\/post"}],"author":[{"embeddable":true,"href":"https:\/\/diariotiempo.com.uy\/noticias\/wp-json\/wp\/v2\/users\/1"}],"replies":[{"embeddable":true,"href":"https:\/\/diariotiempo.com.uy\/noticias\/wp-json\/wp\/v2\/comments?post=8974"}],"version-history":[{"count":1,"href":"https:\/\/diariotiempo.com.uy\/noticias\/wp-json\/wp\/v2\/posts\/8974\/revisions"}],"predecessor-version":[{"id":8975,"href":"https:\/\/diariotiempo.com.uy\/noticias\/wp-json\/wp\/v2\/posts\/8974\/revisions\/8975"}],"wp:featuredmedia":[{"embeddable":true,"href":"https:\/\/diariotiempo.com.uy\/noticias\/wp-json\/wp\/v2\/media\/1159"}],"wp:attachment":[{"href":"https:\/\/diariotiempo.com.uy\/noticias\/wp-json\/wp\/v2\/media?parent=8974"}],"wp:term":[{"taxonomy":"category","embeddable":true,"href":"https:\/\/diariotiempo.com.uy\/noticias\/wp-json\/wp\/v2\/categories?post=8974"},{"taxonomy":"post_tag","embeddable":true,"href":"https:\/\/diariotiempo.com.uy\/noticias\/wp-json\/wp\/v2\/tags?post=8974"}],"curies":[{"name":"wp","href":"https:\/\/api.w.org\/{rel}","templated":true}]}}