{"id":8976,"date":"2022-12-16T14:37:13","date_gmt":"2022-12-16T14:37:13","guid":{"rendered":"https:\/\/diariotiempo.com.uy\/noticias\/?p=8976"},"modified":"2022-12-16T14:37:15","modified_gmt":"2022-12-16T14:37:15","slug":"insisten-con-brindar-informacion-falsa","status":"publish","type":"post","link":"https:\/\/diariotiempo.com.uy\/noticias\/2022\/12\/16\/insisten-con-brindar-informacion-falsa\/","title":{"rendered":"INSISTEN CON BRINDAR INFORMACION FALSA"},"content":{"rendered":"\n<p>Con una clara intencionalidad pol\u00edtica, encumbrados actores del Frente Amplio y de la Coordinadora Popular y Solidaria (CPS) insisten en trasmitir informaci\u00f3n falsa y tendenciosa, a quien quiera escucharlos, en un tema tan sensible como es el auxilio -que a trav\u00e9s del Ministerio de Desarrollo Social que financiamos todos- que se brinda a los distintos comedores populares, merenderos u ollas para personas carenciadas. Maestros del discurso tremendista y disruptivo, atribuyen ligeramente, en cuanto medio y espacio de comunicaci\u00f3n que utilicen, \u201cinsensibilidad al gobierno\u201d, al que tildan de \u201csoberbio y prepotente\u201d, por haber profundizado la investigaci\u00f3n administrativa dispuesta para conocer a ciencia cierta el destino de los ingentes recursos asignados para alimentaci\u00f3n. Como resultado de la misma, esta \u201ccoordinadora\u201d no ha quedado bien parada, descubri\u00e9ndose que los n\u00fameros de platos servidos a sus comensales resultaban m\u00e1s que exagerados y no eran tantas las personas a quienes se deb\u00eda auxiliar. Se ha constatado no s\u00f3lo el acopio desproporcionado de alimentos que no se llegaban a utilizar, como la oferta en venta de los mismos a trav\u00e9s de redes sociales y hasta el retiro de comida cuyo destino era la alimentaci\u00f3n de mascotas y en otros casos, favorecer el intercambio por droga. Estas irregularidades han ameritado ampliar las denuncias penales ya presentadas, tanto para deslindar responsabilidades como para conocer si corresponde en cada caso el reproche penal correspondiente. Pese a lo comprobado siguen insistiendo con su discurso, aprovechando la ignorancia y escaso esp\u00edritu cr\u00edtico de buena parte de sus votantes, a quienes les basta o\u00edr esa campana, para afirmar que \u201ctodo est\u00e1 peor que antes\u201d, refiri\u00e9ndose a cuando ellos estuvieron en el poder y los recursos asignados a ese Ministerio que la Ministra Arismendi calific\u00f3 como \u201cel sue\u00f1o del pibe\u201d, eran asignados sin control alguno y repartidos pol\u00edticamente. La realidad constatada desde el gobierno actual, dista mucho de la situaci\u00f3n argumentada y denunciada por los actores de la oposici\u00f3n, o de algunos \u201creferentes\u201d barriales de algunas zonas donde se serv\u00edan muchos menos platos que los que se indicaban como servidos. El problema es, no s\u00f3lo la bajeza de utilizar a aquellos que verdaderamente necesitan del auxilio estatal, con una intencionalidad pol\u00edtica, sino en seguir batiendo el parche contra las actuales autoridades, sin decirles la verdad de lo constatado. Aunque a nuestro entender, lo que es a\u00fan m\u00e1s grave, es la falta de esp\u00edritu cr\u00edtico y de comprensi\u00f3n lectora, en aquellos que escuchan estas diatribas y no son capaces de responderlas o de alzarse contra estos falsos profetas de calamidades, a quienes s\u00f3lo les importa volver al poder, por el ejercicio del poder mismo. La tarea ser\u00e1 de los comunicadores, quienes tendr\u00e1n que utilizar todos los recursos a su alcance, para llegar a la gente, que luego ejercer\u00e1 su derecho al voto. Es m\u00e1s que necesario advertir, las razones de las fallas que adolece la comunicaci\u00f3n del actual gobierno, para que el com\u00fan de quienes integran el Cuerpo Electoral, reciban de primera mano los datos que se compadezcan con la realidad, sin ser manipulados<\/p>\n","protected":false},"excerpt":{"rendered":"<p>Con una clara intencionalidad pol\u00edtica, encumbrados actores del Frente Amplio y de la Coordinadora Popular&#8230;<\/p>\n","protected":false},"author":1,"featured_media":0,"comment_status":"open","ping_status":"open","sticky":false,"template":"","format":"standard","meta":{"_monsterinsights_skip_tracking":false,"_monsterinsights_sitenote_active":false,"_monsterinsights_sitenote_note":"","_monsterinsights_sitenote_category":0,"footnotes":""},"categories":[13],"tags":[],"class_list":["post-8976","post","type-post","status-publish","format-standard","hentry","category-articulos-de-opinion"],"featured_image_urls":{"full":"","thumbnail":"","medium":"","medium_large":"","large":"","rpg_gallery_admin_thumb":"","rpg_gallery_thumb":"","1536x1536":"","2048x2048":"","covernews-slider-full":"","covernews-slider-center":"","covernews-featured":"","covernews-medium":"","covernews-medium-square":""},"author_info":{"display_name":"diario","author_link":"https:\/\/diariotiempo.com.uy\/noticias\/author\/diario\/"},"category_info":"<a href=\"https:\/\/diariotiempo.com.uy\/noticias\/category\/opinion\/articulos-de-opinion\/\" rel=\"category tag\">Art\u00edculos de Opini\u00f3n<\/a>","tag_info":"Art\u00edculos de Opini\u00f3n","comment_count":"0","_links":{"self":[{"href":"https:\/\/diariotiempo.com.uy\/noticias\/wp-json\/wp\/v2\/posts\/8976","targetHints":{"allow":["GET"]}}],"collection":[{"href":"https:\/\/diariotiempo.com.uy\/noticias\/wp-json\/wp\/v2\/posts"}],"about":[{"href":"https:\/\/diariotiempo.com.uy\/noticias\/wp-json\/wp\/v2\/types\/post"}],"author":[{"embeddable":true,"href":"https:\/\/diariotiempo.com.uy\/noticias\/wp-json\/wp\/v2\/users\/1"}],"replies":[{"embeddable":true,"href":"https:\/\/diariotiempo.com.uy\/noticias\/wp-json\/wp\/v2\/comments?post=8976"}],"version-history":[{"count":1,"href":"https:\/\/diariotiempo.com.uy\/noticias\/wp-json\/wp\/v2\/posts\/8976\/revisions"}],"predecessor-version":[{"id":8977,"href":"https:\/\/diariotiempo.com.uy\/noticias\/wp-json\/wp\/v2\/posts\/8976\/revisions\/8977"}],"wp:attachment":[{"href":"https:\/\/diariotiempo.com.uy\/noticias\/wp-json\/wp\/v2\/media?parent=8976"}],"wp:term":[{"taxonomy":"category","embeddable":true,"href":"https:\/\/diariotiempo.com.uy\/noticias\/wp-json\/wp\/v2\/categories?post=8976"},{"taxonomy":"post_tag","embeddable":true,"href":"https:\/\/diariotiempo.com.uy\/noticias\/wp-json\/wp\/v2\/tags?post=8976"}],"curies":[{"name":"wp","href":"https:\/\/api.w.org\/{rel}","templated":true}]}}