{"id":8983,"date":"2022-12-16T14:42:00","date_gmt":"2022-12-16T14:42:00","guid":{"rendered":"https:\/\/diariotiempo.com.uy\/noticias\/?p=8983"},"modified":"2022-12-16T14:42:01","modified_gmt":"2022-12-16T14:42:01","slug":"mas-de-mil-atletas-participaron-de-ciudad-de-la-costa-corre","status":"publish","type":"post","link":"https:\/\/diariotiempo.com.uy\/noticias\/2022\/12\/16\/mas-de-mil-atletas-participaron-de-ciudad-de-la-costa-corre\/","title":{"rendered":"M\u00e1s de mil atletas participaron de Ciudad de la Costa corre"},"content":{"rendered":"\n<figure class=\"wp-block-image size-full\"><img loading=\"lazy\" decoding=\"async\" width=\"800\" height=\"534\" src=\"https:\/\/diariotiempo.com.uy\/noticias\/wp-content\/uploads\/2022\/12\/maraton.jpg\" alt=\"\" class=\"wp-image-8984\" srcset=\"https:\/\/diariotiempo.com.uy\/noticias\/wp-content\/uploads\/2022\/12\/maraton.jpg 800w, https:\/\/diariotiempo.com.uy\/noticias\/wp-content\/uploads\/2022\/12\/maraton-300x200.jpg 300w, https:\/\/diariotiempo.com.uy\/noticias\/wp-content\/uploads\/2022\/12\/maraton-768x513.jpg 768w\" sizes=\"auto, (max-width: 800px) 100vw, 800px\" \/><\/figure>\n\n\n\n<p>Se llev\u00f3 a cabo una nueva edici\u00f3n de Ciudad de la Costa Corre. En esta oportunidad participaron m\u00e1s de 1000 personas en una carrera que convoc\u00f3 a grandes y chicos: hubo modalidades para familias, para ni\u00f1os y ni\u00f1as y para adultos. La competencia tuvo como punto de salida y de llegada la rambla de Lagomar.<\/p>\n\n\n\n<p>El Presidente de la Agrupaci\u00f3n de Atletas del Uruguay (AAU), Edgardo Ramos, dijo que se trat\u00f3 de la \u00faltima fecha del campeonato 2022. \u201cTenemos lo \u00faltimo que hay sobre sistemas de cronometraje\u201d, puntualiz\u00f3, ya que los corredores pudieron imprimir sus tiempos a medida que pasaban la l\u00ednea de meta, con una tecnolog\u00eda que, seg\u00fan Ramos, no se estaba usando en Uruguay.<\/p>\n\n\n\n<p>A su vez, asegur\u00f3 que la carrera no hubiera sido posible sin el apoyo del Municipio de Ciudad de la Costa y de la Intendencia de Canelones. \u201cEs la carrera m\u00e1s plana de todo el campeonato (\u2026) Es el circuito m\u00e1s r\u00e1pido que hay (\u2026) Sin el apoyo y la colaboraci\u00f3n de la intendencia y del municipio, ser\u00eda imposible hacer una carrera ac\u00e1\u201d, debido a que hubo que \u201ccortar entre cinco y seis kil\u00f3metros de la rambla\u201d.<\/p>\n\n\n\n<p>Ramos afirm\u00f3 que fue un gran trabajo coordinado entre la Direcci\u00f3n General de Tr\u00e1nsito y Transporte del Gobierno Departamental y el Municipio de Ciudad de la Costa. Finalmente, anunci\u00f3 que en 2023 la carrera se har\u00e1 por la noche aprovechando la luminaria LED inaugurada en noviembre de este a\u00f1o. Fuente y foto IMC<\/p>\n","protected":false},"excerpt":{"rendered":"<p>Se llev\u00f3 a cabo una nueva edici\u00f3n de Ciudad de la Costa Corre. En esta&#8230;<\/p>\n","protected":false},"author":1,"featured_media":8984,"comment_status":"open","ping_status":"open","sticky":false,"template":"","format":"standard","meta":{"_monsterinsights_skip_tracking":false,"_monsterinsights_sitenote_active":false,"_monsterinsights_sitenote_note":"","_monsterinsights_sitenote_category":0,"footnotes":""},"categories":[36],"tags":[],"class_list":["post-8983","post","type-post","status-publish","format-standard","has-post-thumbnail","hentry","category-atletismo"],"featured_image_urls":{"full":["https:\/\/diariotiempo.com.uy\/noticias\/wp-content\/uploads\/2022\/12\/maraton.jpg",800,534,false],"thumbnail":["https:\/\/diariotiempo.com.uy\/noticias\/wp-content\/uploads\/2022\/12\/maraton-150x150.jpg",150,150,true],"medium":["https:\/\/diariotiempo.com.uy\/noticias\/wp-content\/uploads\/2022\/12\/maraton-300x200.jpg",300,200,true],"medium_large":["https:\/\/diariotiempo.com.uy\/noticias\/wp-content\/uploads\/2022\/12\/maraton-768x513.jpg",640,428,true],"large":["https:\/\/diariotiempo.com.uy\/noticias\/wp-content\/uploads\/2022\/12\/maraton.jpg",640,427,false],"rpg_gallery_admin_thumb":["https:\/\/diariotiempo.com.uy\/noticias\/wp-content\/uploads\/2022\/12\/maraton.jpg",150,100,false],"rpg_gallery_thumb":["https:\/\/diariotiempo.com.uy\/noticias\/wp-content\/uploads\/2022\/12\/maraton.jpg",150,100,false],"1536x1536":["https:\/\/diariotiempo.com.uy\/noticias\/wp-content\/uploads\/2022\/12\/maraton.jpg",800,534,false],"2048x2048":["https:\/\/diariotiempo.com.uy\/noticias\/wp-content\/uploads\/2022\/12\/maraton.jpg",800,534,false],"covernews-slider-full":["https:\/\/diariotiempo.com.uy\/noticias\/wp-content\/uploads\/2022\/12\/maraton.jpg",800,534,false],"covernews-slider-center":["https:\/\/diariotiempo.com.uy\/noticias\/wp-content\/uploads\/2022\/12\/maraton-800x500.jpg",800,500,true],"covernews-featured":["https:\/\/diariotiempo.com.uy\/noticias\/wp-content\/uploads\/2022\/12\/maraton.jpg",800,534,false],"covernews-medium":["https:\/\/diariotiempo.com.uy\/noticias\/wp-content\/uploads\/2022\/12\/maraton-540x340.jpg",540,340,true],"covernews-medium-square":["https:\/\/diariotiempo.com.uy\/noticias\/wp-content\/uploads\/2022\/12\/maraton-400x250.jpg",400,250,true]},"author_info":{"display_name":"diario","author_link":"https:\/\/diariotiempo.com.uy\/noticias\/author\/diario\/"},"category_info":"<a href=\"https:\/\/diariotiempo.com.uy\/noticias\/category\/deporte\/atletismo\/\" rel=\"category tag\">Atletismo<\/a>","tag_info":"Atletismo","comment_count":"0","_links":{"self":[{"href":"https:\/\/diariotiempo.com.uy\/noticias\/wp-json\/wp\/v2\/posts\/8983","targetHints":{"allow":["GET"]}}],"collection":[{"href":"https:\/\/diariotiempo.com.uy\/noticias\/wp-json\/wp\/v2\/posts"}],"about":[{"href":"https:\/\/diariotiempo.com.uy\/noticias\/wp-json\/wp\/v2\/types\/post"}],"author":[{"embeddable":true,"href":"https:\/\/diariotiempo.com.uy\/noticias\/wp-json\/wp\/v2\/users\/1"}],"replies":[{"embeddable":true,"href":"https:\/\/diariotiempo.com.uy\/noticias\/wp-json\/wp\/v2\/comments?post=8983"}],"version-history":[{"count":1,"href":"https:\/\/diariotiempo.com.uy\/noticias\/wp-json\/wp\/v2\/posts\/8983\/revisions"}],"predecessor-version":[{"id":8985,"href":"https:\/\/diariotiempo.com.uy\/noticias\/wp-json\/wp\/v2\/posts\/8983\/revisions\/8985"}],"wp:featuredmedia":[{"embeddable":true,"href":"https:\/\/diariotiempo.com.uy\/noticias\/wp-json\/wp\/v2\/media\/8984"}],"wp:attachment":[{"href":"https:\/\/diariotiempo.com.uy\/noticias\/wp-json\/wp\/v2\/media?parent=8983"}],"wp:term":[{"taxonomy":"category","embeddable":true,"href":"https:\/\/diariotiempo.com.uy\/noticias\/wp-json\/wp\/v2\/categories?post=8983"},{"taxonomy":"post_tag","embeddable":true,"href":"https:\/\/diariotiempo.com.uy\/noticias\/wp-json\/wp\/v2\/tags?post=8983"}],"curies":[{"name":"wp","href":"https:\/\/api.w.org\/{rel}","templated":true}]}}