{"id":9021,"date":"2022-12-20T20:25:17","date_gmt":"2022-12-20T20:25:17","guid":{"rendered":"https:\/\/diariotiempo.com.uy\/noticias\/?p=9021"},"modified":"2022-12-20T20:25:17","modified_gmt":"2022-12-20T20:25:17","slug":"alvaro-delgado-anuncio-que-se-analiza-un-cronograma-a-partir-de-una-iniciativa-de-alianza-para-el-progreso-economico-de-las-americas","status":"publish","type":"post","link":"https:\/\/diariotiempo.com.uy\/noticias\/2022\/12\/20\/alvaro-delgado-anuncio-que-se-analiza-un-cronograma-a-partir-de-una-iniciativa-de-alianza-para-el-progreso-economico-de-las-americas\/","title":{"rendered":"\u00c1lvaro Delgado, anunci\u00f3 que se analiza un cronograma a partir de una iniciativa de Alianza para el Progreso Econ\u00f3mico de las Am\u00e9ricas"},"content":{"rendered":"\n<figure class=\"wp-block-image size-full\"><img loading=\"lazy\" decoding=\"async\" width=\"800\" height=\"471\" src=\"https:\/\/diariotiempo.com.uy\/noticias\/wp-content\/uploads\/2022\/12\/delgado.jpg\" alt=\"\" class=\"wp-image-9022\" srcset=\"https:\/\/diariotiempo.com.uy\/noticias\/wp-content\/uploads\/2022\/12\/delgado.jpg 800w, https:\/\/diariotiempo.com.uy\/noticias\/wp-content\/uploads\/2022\/12\/delgado-300x177.jpg 300w, https:\/\/diariotiempo.com.uy\/noticias\/wp-content\/uploads\/2022\/12\/delgado-768x452.jpg 768w\" sizes=\"auto, (max-width: 800px) 100vw, 800px\" \/><\/figure>\n\n\n\n<p>El secretario de la Presidencia, \u00c1lvaro Delgado, anunci\u00f3 que se analiza un cronograma a partir de una iniciativa de Alianza para el Progreso Econ\u00f3mico de las Am\u00e9ricas para inversiones y comercio con pa\u00edses de Am\u00e9rica, que incluye a Uruguay. En su exposici\u00f3n, en el evento organizado por la C\u00e1mara de Comercio Uruguay-Estados Unidos, asegur\u00f3 que se trata de un escenario apropiado para generar oportunidades de comercio.<\/p>\n\n\n\n<p>La actividad se desarroll\u00f3 este jueves 15, en el hotel Hyatt Centric, y participaron tambi\u00e9n los ministros de Transporte, Jos\u00e9 Luis Falero; Defensa, Javier Garc\u00eda; Turismo, Tabar\u00e9 Viera; Industria, Omar Paganini; Ganader\u00eda, Fernando Mattos, y Salud P\u00fablica, Daniel Salinas, y el presidente del Banco Central, Diego Labat, entre otras autoridades nacionales y empresariales.<\/p>\n\n\n\n<p>Delgado inform\u00f3 que d\u00edas atr\u00e1s mantuvo un encuentro con autoridades del Gobierno de Estados Unidos y anunci\u00f3 que se analiz\u00f3 un cronograma a partir de una iniciativa de Alianza para el Progreso Econ\u00f3mico de las Am\u00e9ricas (APEP, por sus siglas en ingl\u00e9s) para inversiones y comercio con algunos pa\u00edses de Am\u00e9rica, que incluye a Uruguay. Expres\u00f3 que se trata de un escenario que permite generar oportunidades de comercio.<\/p>\n\n\n\n<p>A\u00f1adi\u00f3 que Uruguay trabaja con responsabilidad fiscal e indicadores econ\u00f3micos fiables. Asimismo, sostuvo que el pa\u00eds dispone de seguridad jur\u00eddica y separaci\u00f3n de poderes, brinda estabilidad y suscita confianza. Del mismo modo, afirm\u00f3 que hay coyunturas objetivas y que es necesario originar los instrumentos jur\u00eddicos.<\/p>\n\n\n\n<p>El secretario de la Presidencia adelant\u00f3 que en junio del pr\u00f3ximo a\u00f1o se efectuar\u00e1 una cumbre con miembros de Am\u00e9rica Latina de la iniciativa APEP. \u201cNosotros necesitamos oportunidades de competir en igualdad, con acceso al mercado y preferencias arancelarias\u201d, manifest\u00f3. Agreg\u00f3 que Uruguay cuenta con muchas posibilidades de desarrollo comercial con Estados Unidos y que se est\u00e1n realizando procesos para \u201cabrirnos al mundo\u201d.<br>En ese sentido, destac\u00f3 que el pa\u00eds norteamericano le compra al nuestro casi 600 millones de d\u00f3lares en carnes, madera, miel, ar\u00e1ndanos y vinos. Asimismo, se\u00f1al\u00f3 que la segunda transformaci\u00f3n energ\u00e9tica y la pol\u00edtica ambiental fueron los temas que impactaron de manera positiva en Estados Unidos.<\/p>\n","protected":false},"excerpt":{"rendered":"<p>El secretario de la Presidencia, \u00c1lvaro Delgado, anunci\u00f3 que se analiza un cronograma a partir&#8230;<\/p>\n","protected":false},"author":1,"featured_media":9022,"comment_status":"open","ping_status":"open","sticky":false,"template":"","format":"standard","meta":{"_monsterinsights_skip_tracking":false,"_monsterinsights_sitenote_active":false,"_monsterinsights_sitenote_note":"","_monsterinsights_sitenote_category":0,"footnotes":""},"categories":[79],"tags":[],"class_list":["post-9021","post","type-post","status-publish","format-standard","has-post-thumbnail","hentry","category-nacionales"],"featured_image_urls":{"full":["https:\/\/diariotiempo.com.uy\/noticias\/wp-content\/uploads\/2022\/12\/delgado.jpg",800,471,false],"thumbnail":["https:\/\/diariotiempo.com.uy\/noticias\/wp-content\/uploads\/2022\/12\/delgado-150x150.jpg",150,150,true],"medium":["https:\/\/diariotiempo.com.uy\/noticias\/wp-content\/uploads\/2022\/12\/delgado-300x177.jpg",300,177,true],"medium_large":["https:\/\/diariotiempo.com.uy\/noticias\/wp-content\/uploads\/2022\/12\/delgado-768x452.jpg",640,377,true],"large":["https:\/\/diariotiempo.com.uy\/noticias\/wp-content\/uploads\/2022\/12\/delgado.jpg",640,377,false],"rpg_gallery_admin_thumb":["https:\/\/diariotiempo.com.uy\/noticias\/wp-content\/uploads\/2022\/12\/delgado.jpg",150,88,false],"rpg_gallery_thumb":["https:\/\/diariotiempo.com.uy\/noticias\/wp-content\/uploads\/2022\/12\/delgado.jpg",150,88,false],"1536x1536":["https:\/\/diariotiempo.com.uy\/noticias\/wp-content\/uploads\/2022\/12\/delgado.jpg",800,471,false],"2048x2048":["https:\/\/diariotiempo.com.uy\/noticias\/wp-content\/uploads\/2022\/12\/delgado.jpg",800,471,false],"covernews-slider-full":["https:\/\/diariotiempo.com.uy\/noticias\/wp-content\/uploads\/2022\/12\/delgado.jpg",800,471,false],"covernews-slider-center":["https:\/\/diariotiempo.com.uy\/noticias\/wp-content\/uploads\/2022\/12\/delgado.jpg",800,471,false],"covernews-featured":["https:\/\/diariotiempo.com.uy\/noticias\/wp-content\/uploads\/2022\/12\/delgado.jpg",800,471,false],"covernews-medium":["https:\/\/diariotiempo.com.uy\/noticias\/wp-content\/uploads\/2022\/12\/delgado-540x340.jpg",540,340,true],"covernews-medium-square":["https:\/\/diariotiempo.com.uy\/noticias\/wp-content\/uploads\/2022\/12\/delgado-400x250.jpg",400,250,true]},"author_info":{"display_name":"diario","author_link":"https:\/\/diariotiempo.com.uy\/noticias\/author\/diario\/"},"category_info":"<a href=\"https:\/\/diariotiempo.com.uy\/noticias\/category\/nacionales\/\" rel=\"category tag\">NACIONALES<\/a>","tag_info":"NACIONALES","comment_count":"0","_links":{"self":[{"href":"https:\/\/diariotiempo.com.uy\/noticias\/wp-json\/wp\/v2\/posts\/9021","targetHints":{"allow":["GET"]}}],"collection":[{"href":"https:\/\/diariotiempo.com.uy\/noticias\/wp-json\/wp\/v2\/posts"}],"about":[{"href":"https:\/\/diariotiempo.com.uy\/noticias\/wp-json\/wp\/v2\/types\/post"}],"author":[{"embeddable":true,"href":"https:\/\/diariotiempo.com.uy\/noticias\/wp-json\/wp\/v2\/users\/1"}],"replies":[{"embeddable":true,"href":"https:\/\/diariotiempo.com.uy\/noticias\/wp-json\/wp\/v2\/comments?post=9021"}],"version-history":[{"count":1,"href":"https:\/\/diariotiempo.com.uy\/noticias\/wp-json\/wp\/v2\/posts\/9021\/revisions"}],"predecessor-version":[{"id":9023,"href":"https:\/\/diariotiempo.com.uy\/noticias\/wp-json\/wp\/v2\/posts\/9021\/revisions\/9023"}],"wp:featuredmedia":[{"embeddable":true,"href":"https:\/\/diariotiempo.com.uy\/noticias\/wp-json\/wp\/v2\/media\/9022"}],"wp:attachment":[{"href":"https:\/\/diariotiempo.com.uy\/noticias\/wp-json\/wp\/v2\/media?parent=9021"}],"wp:term":[{"taxonomy":"category","embeddable":true,"href":"https:\/\/diariotiempo.com.uy\/noticias\/wp-json\/wp\/v2\/categories?post=9021"},{"taxonomy":"post_tag","embeddable":true,"href":"https:\/\/diariotiempo.com.uy\/noticias\/wp-json\/wp\/v2\/tags?post=9021"}],"curies":[{"name":"wp","href":"https:\/\/api.w.org\/{rel}","templated":true}]}}