{"id":9037,"date":"2022-12-22T14:11:11","date_gmt":"2022-12-22T14:11:11","guid":{"rendered":"https:\/\/diariotiempo.com.uy\/noticias\/?p=9037"},"modified":"2022-12-22T14:11:12","modified_gmt":"2022-12-22T14:11:12","slug":"tras-renuncia-de-ache-lacalle-acepto-a-nicolas-albertoni-como-subsecretario-de-relaciones-exteriores","status":"publish","type":"post","link":"https:\/\/diariotiempo.com.uy\/noticias\/2022\/12\/22\/tras-renuncia-de-ache-lacalle-acepto-a-nicolas-albertoni-como-subsecretario-de-relaciones-exteriores\/","title":{"rendered":"Tras renuncia de Ache, Lacalle acept\u00f3 a Nicol\u00e1s Albertoni como subsecretario de Relaciones Exteriores"},"content":{"rendered":"\n<figure class=\"wp-block-image size-full\"><img loading=\"lazy\" decoding=\"async\" width=\"800\" height=\"530\" src=\"https:\/\/diariotiempo.com.uy\/noticias\/wp-content\/uploads\/2022\/12\/ache.jpg\" alt=\"\" class=\"wp-image-9038\" srcset=\"https:\/\/diariotiempo.com.uy\/noticias\/wp-content\/uploads\/2022\/12\/ache.jpg 800w, https:\/\/diariotiempo.com.uy\/noticias\/wp-content\/uploads\/2022\/12\/ache-300x199.jpg 300w, https:\/\/diariotiempo.com.uy\/noticias\/wp-content\/uploads\/2022\/12\/ache-768x509.jpg 768w\" sizes=\"auto, (max-width: 800px) 100vw, 800px\" \/><\/figure>\n\n\n\n<p>Carolina Ache Batlle present\u00f3 al presidente Luis Lacalle Pou su renuncia al cargo de subsecretaria de Relaciones Exteriores, en una carta entregada este lunes en Torre Ejecutiva en la que defiende su accionar en el proceso de otorgamiento del pasaporte al narcotraficante Sebasti\u00e1n Marset, y apunta a Ciudadanos, el sector que integra.<\/p>\n\n\n\n<p>\u201cLa circunstancia que el sector Ciudadanos del Partido Colorado est\u00e9 actualmente evaluando la posibilidad de retirarme la confianza, determina que venga a presentarle mi renuncia al cargo de subsecretaria del Ministerio de Relaciones Exteriores\u201d, expresa Ache en la carta a la que accedi\u00f3 Montevideo Portal.<br>Al inicio de la misiva, explica que la posibilidad sobre la quita de confianza se da por lo que llama \u201cla pol\u00e9mica\u201d que se gener\u00f3 en torno a las conversaciones que mantuvo con el subsecretario del Ministerio del Interior, Guillermo Maciel, sobre Marset.<\/p>\n\n\n\n<p>En el documento, expresa \u201cla tranquilidad de no haber tenido intervenci\u00f3n o injerencia alguna en el proceso de emisi\u00f3n y entrega del pasaporte a Sebasti\u00e1n Marset\u201d.<br>Ache sostiene \u201cque el Estado uruguayo se encontraba obligado a otorgar el referido documento y que los procedimientos establecidos fueron celosamente cumplidos, tomando el Ministerio de Relaciones Exteriores (MRREE) incluso recaudos m\u00e1s all\u00e1 de los que la norma exig\u00eda, como lo fue el haber enviado oportunamente la informaci\u00f3n a Interpol\u201d.<\/p>\n\n\n\n<p>\u201cCon el convencimiento adem\u00e1s de que formalmente no hab\u00eda nada que yo, ni en el MRREE, pudiera haber hecho para impedir o incluso retrasar el acceso a dicho pasaporte. Hoy entiendo que quiz\u00e1 mi error fue ce\u00f1irme al deber ser y la legalidad, confiando adem\u00e1s en la certeza de que, en todo caso, el Ministerio del Interior ten\u00eda en su poder toda la informaci\u00f3n como para actuar, si es que ello hubiera correspondido\u201d, plantea Ache.<br>Por otro lado, la vicecanciller agradeci\u00f3 a Lacalle Pou por \u201cla oportunidad de acompa\u00f1ar su gesti\u00f3n desde el 2 de marzo de 2020 junto al entonces Canciller Ernesto Talvi\u201d.<br>\u201cDediqu\u00e9 mis mayores esfuerzos a servir a los uruguayos y al gobierno de coalici\u00f3n. Mi especial agradecimiento a usted se\u00f1or presidente de la Rep\u00fablica, al secretario general del Partido Colorado, Julio Mar\u00eda Sanguinetti, y a todos los miembros de mi Partido Colorado, por su confianza hasta este d\u00eda\u201d, concluye la carta.<\/p>\n\n\n\n<p>Por \u00faltimo, expresa \u201clas consideraciones m\u00e1s distinguidas de estima personal\u201d.<br>Tras la dimisi\u00f3n, su sector dentro del Partido Colorado, Ciudadanos, propuso a Nicol\u00e1s Albertoni, doctor en Ciencia Pol\u00edtica y Relaciones Internacionales, como nuevo subsecretario de Relaciones Exteriores. Adri\u00e1n Pe\u00f1a, coordinador del sector, indic\u00f3 esta noche en conversaci\u00f3n con Telemundo (Canal 12) que el presidente acept\u00f3 la propuesta.<br>Ache estaba siendo cuestionada en los \u00faltimos d\u00edas por su eventual participaci\u00f3n en el proceso de entrega del pasaporte uruguayo al narcotraficante Sebasti\u00e1n Marset, cuando este se encontraba detenido en Emiratos \u00c1rabes Unidos.<br>Ciudadanos iba a decidir esta tarde si respaldaba o no a la vicecanciller con el retorno de su coordinador, Adri\u00e1n Pe\u00f1a, a Uruguay .<\/p>\n\n\n\n<p>Sin embargo, seg\u00fan supo El Pa\u00eds, Ache comunic\u00f3 su decisi\u00f3n al presidente de la Rep\u00fablica antes de comunic\u00e1rselo a su sector. Incluso, la exsubsecretaria envi\u00f3 este lunes un mensaje de \u00abfelices fiestas\u00bb a los funcionarios de Canciller\u00eda.<br>Si bien ya exist\u00edan cuestionamientos sobre la actuaci\u00f3n de la jerarca respecto al caso Marset, la pol\u00e9mica se reaviv\u00f3 cuando se conoci\u00f3 una conversaci\u00f3n v\u00eda Whatsapp que Ache mantuvo en noviembre de 2021 con el subsecretario de Interior, Guillermo Maciel, en la que este le advert\u00eda que Marset era un delincuente \u201cmuy peligroso y pesado\u201d.<br>Maciel hab\u00eda contactado a su colega para pedirle detalles de la situaci\u00f3n del narcotraficante, que hab\u00eda sido detenido pocos d\u00edas antes en Dub\u00e1i por tener documentaci\u00f3n paraguaya falsa, y la jerarca se comprometi\u00f3 entonces a consultar sobre su situaci\u00f3n.<\/p>\n\n\n\n<p>A esto se le suma una entrevista que Ache concedi\u00f3 a El Pa\u00eds , en la que en resumidas cuentas neg\u00f3 -como lo hab\u00eda hecho en otras oportunidades- toda participaci\u00f3n en este proceso, pese al chat con Maciel divulgado por La Diaria, y pese a haberse reunido con el abogado de Marset, Alejandro Balbi, a fines de noviembre del a\u00f1o pasado.<\/p>\n\n\n\n<p>Sanguinetti sobre renuncia de Carolina Ache: \u201cLo lamento porque ha actuado conforme a derecho\u201d<\/p>\n\n\n\n<p>El expresidente y secretario general del Partido Colorado, Julio Mar\u00eda Sanguinetti, se refiri\u00f3 a la renuncia de la vicecanciller Carolina Ache y dijo que \u201ces una l\u00e1stima\u201d.<br>\u201cEntendemos que es un tema de sensibilidad pol\u00edtica con relaci\u00f3n a su agrupaci\u00f3n, no con relaci\u00f3n al partido ni al gobierno\u201d, sentenci\u00f3, y agreg\u00f3 que su actuaci\u00f3n \u201cno merecer\u00eda ning\u00fan reproche\u201d.<br>Respecto a los rumores de que el sector Ciudadanos propuso a Nicol\u00e1s Albertoni como su reemplazo, Sanguinetti opin\u00f3 que \u201cser\u00eda fant\u00e1stico\u201d, debido a que \u201ces un joven brillante de altas capacidades\u201d.<\/p>\n\n\n\n<p>Foto presidencia<\/p>\n","protected":false},"excerpt":{"rendered":"<p>Carolina Ache Batlle present\u00f3 al presidente Luis Lacalle Pou su renuncia al cargo de subsecretaria&#8230;<\/p>\n","protected":false},"author":1,"featured_media":9038,"comment_status":"open","ping_status":"open","sticky":false,"template":"","format":"standard","meta":{"_monsterinsights_skip_tracking":false,"_monsterinsights_sitenote_active":false,"_monsterinsights_sitenote_note":"","_monsterinsights_sitenote_category":0,"footnotes":""},"categories":[11],"tags":[],"class_list":["post-9037","post","type-post","status-publish","format-standard","has-post-thumbnail","hentry","category-noticia-destacada"],"featured_image_urls":{"full":["https:\/\/diariotiempo.com.uy\/noticias\/wp-content\/uploads\/2022\/12\/ache.jpg",800,530,false],"thumbnail":["https:\/\/diariotiempo.com.uy\/noticias\/wp-content\/uploads\/2022\/12\/ache-150x150.jpg",150,150,true],"medium":["https:\/\/diariotiempo.com.uy\/noticias\/wp-content\/uploads\/2022\/12\/ache-300x199.jpg",300,199,true],"medium_large":["https:\/\/diariotiempo.com.uy\/noticias\/wp-content\/uploads\/2022\/12\/ache-768x509.jpg",640,424,true],"large":["https:\/\/diariotiempo.com.uy\/noticias\/wp-content\/uploads\/2022\/12\/ache.jpg",640,424,false],"rpg_gallery_admin_thumb":["https:\/\/diariotiempo.com.uy\/noticias\/wp-content\/uploads\/2022\/12\/ache.jpg",150,99,false],"rpg_gallery_thumb":["https:\/\/diariotiempo.com.uy\/noticias\/wp-content\/uploads\/2022\/12\/ache.jpg",150,99,false],"1536x1536":["https:\/\/diariotiempo.com.uy\/noticias\/wp-content\/uploads\/2022\/12\/ache.jpg",800,530,false],"2048x2048":["https:\/\/diariotiempo.com.uy\/noticias\/wp-content\/uploads\/2022\/12\/ache.jpg",800,530,false],"covernews-slider-full":["https:\/\/diariotiempo.com.uy\/noticias\/wp-content\/uploads\/2022\/12\/ache.jpg",800,530,false],"covernews-slider-center":["https:\/\/diariotiempo.com.uy\/noticias\/wp-content\/uploads\/2022\/12\/ache-800x500.jpg",800,500,true],"covernews-featured":["https:\/\/diariotiempo.com.uy\/noticias\/wp-content\/uploads\/2022\/12\/ache.jpg",800,530,false],"covernews-medium":["https:\/\/diariotiempo.com.uy\/noticias\/wp-content\/uploads\/2022\/12\/ache-540x340.jpg",540,340,true],"covernews-medium-square":["https:\/\/diariotiempo.com.uy\/noticias\/wp-content\/uploads\/2022\/12\/ache-400x250.jpg",400,250,true]},"author_info":{"display_name":"diario","author_link":"https:\/\/diariotiempo.com.uy\/noticias\/author\/diario\/"},"category_info":"<a href=\"https:\/\/diariotiempo.com.uy\/noticias\/category\/noticia-destacada\/\" rel=\"category tag\">NOTICIA DESTACADA<\/a>","tag_info":"NOTICIA DESTACADA","comment_count":"0","_links":{"self":[{"href":"https:\/\/diariotiempo.com.uy\/noticias\/wp-json\/wp\/v2\/posts\/9037","targetHints":{"allow":["GET"]}}],"collection":[{"href":"https:\/\/diariotiempo.com.uy\/noticias\/wp-json\/wp\/v2\/posts"}],"about":[{"href":"https:\/\/diariotiempo.com.uy\/noticias\/wp-json\/wp\/v2\/types\/post"}],"author":[{"embeddable":true,"href":"https:\/\/diariotiempo.com.uy\/noticias\/wp-json\/wp\/v2\/users\/1"}],"replies":[{"embeddable":true,"href":"https:\/\/diariotiempo.com.uy\/noticias\/wp-json\/wp\/v2\/comments?post=9037"}],"version-history":[{"count":1,"href":"https:\/\/diariotiempo.com.uy\/noticias\/wp-json\/wp\/v2\/posts\/9037\/revisions"}],"predecessor-version":[{"id":9039,"href":"https:\/\/diariotiempo.com.uy\/noticias\/wp-json\/wp\/v2\/posts\/9037\/revisions\/9039"}],"wp:featuredmedia":[{"embeddable":true,"href":"https:\/\/diariotiempo.com.uy\/noticias\/wp-json\/wp\/v2\/media\/9038"}],"wp:attachment":[{"href":"https:\/\/diariotiempo.com.uy\/noticias\/wp-json\/wp\/v2\/media?parent=9037"}],"wp:term":[{"taxonomy":"category","embeddable":true,"href":"https:\/\/diariotiempo.com.uy\/noticias\/wp-json\/wp\/v2\/categories?post=9037"},{"taxonomy":"post_tag","embeddable":true,"href":"https:\/\/diariotiempo.com.uy\/noticias\/wp-json\/wp\/v2\/tags?post=9037"}],"curies":[{"name":"wp","href":"https:\/\/api.w.org\/{rel}","templated":true}]}}