{"id":9040,"date":"2022-12-22T14:12:57","date_gmt":"2022-12-22T14:12:57","guid":{"rendered":"https:\/\/diariotiempo.com.uy\/noticias\/?p=9040"},"modified":"2022-12-22T14:12:58","modified_gmt":"2022-12-22T14:12:58","slug":"segunda-noche-del-pensamiento-conto-con-participacion-de-docentes-de-anep","status":"publish","type":"post","link":"https:\/\/diariotiempo.com.uy\/noticias\/2022\/12\/22\/segunda-noche-del-pensamiento-conto-con-participacion-de-docentes-de-anep\/","title":{"rendered":"Segunda \u00abNoche del pensamiento\u00bb cont\u00f3 con participaci\u00f3n de docentes de ANEP"},"content":{"rendered":"\n<figure class=\"wp-block-image aligncenter size-full\"><img loading=\"lazy\" decoding=\"async\" width=\"755\" height=\"390\" src=\"https:\/\/diariotiempo.com.uy\/noticias\/wp-content\/uploads\/2022\/12\/anepp.jpg\" alt=\"\" class=\"wp-image-9041\" srcset=\"https:\/\/diariotiempo.com.uy\/noticias\/wp-content\/uploads\/2022\/12\/anepp.jpg 755w, https:\/\/diariotiempo.com.uy\/noticias\/wp-content\/uploads\/2022\/12\/anepp-300x155.jpg 300w\" sizes=\"auto, (max-width: 755px) 100vw, 755px\" \/><\/figure>\n\n\n\n<p>El Plan Educativo Cultural de la Administraci\u00f3n Nacional de Educaci\u00f3n P\u00fablica (ANEP) organiz\u00f3 por segundo a\u00f1o consecutivo la \u00abNoche del Pensamiento\u00bb en el marco de la Noche de los Museos. El espacio fue concebido como una oportunidad de acercar a la comunidad parte del conocimiento generado por docentes del organismo.<\/p>\n\n\n\n<p>El coordinador del Plan Educativo Cultural, Horacio Bernardo, se\u00f1al\u00f3 que el cometido de esta iniciativa reside en \u201caprovechar la Noche de los Museos y ofrecer una instancia educativa y cultural con conferencias y talleres que se extienden a lo largo de la noche\u201d.<\/p>\n\n\n\n<p>Las conferencias fueron abiertas para todas las personas que se acercaron al Museo Pedag\u00f3gico \u201cJos\u00e9 Pedro Varela\u201d durante la Noche de los Museos. \u201cEl tema de este a\u00f1o fue pensar la noche. Para ello, integramos a docentes de todos los subsistemas. Con esta actividad se busca revalorizar el papel intelectual y de conferencistas de los docentes que tienen mucho para decir\u201d.<\/p>\n\n\n\n<p>En este sentido, Bernardo resalt\u00f3 la apuesta \u201ca integrar la actividad docente con la comunidad, posicionando al educador como un comunicador y creador de conocimiento y de saber\u201d.<br>Asimismo, destac\u00f3 la alta participaci\u00f3n y la calidad de las disertaciones.<\/p>\n\n\n\n<p>La actividad se inici\u00f3 con la conferencia titulada \u201cLuces y sombras, d\u00eda y noche. La realidad y sus niveles\u201d, a cargo de la profesora de la Direcci\u00f3n General de Educaci\u00f3n T\u00e9cnico Profesional, Viviana R\u00e9bora. Luego continu\u00f3 con la presentaci\u00f3n de \u201cSue\u00f1o y deseo\u201d, en la que expuso el profesor del Consejo de Formaci\u00f3n en Educaci\u00f3n, Andr\u00e9s Musto.<\/p>\n\n\n\n<p>En tanto, los profesores de la Direcci\u00f3n General de Educaci\u00f3n Secundaria, Vanesa Artas\u00e1nchez, Alejandra Dopico y N\u00e9stor Sanguinetti, ofrecieron la charla \u201cPoes\u00eda para noct\u00e1mbulos. La noche en la obra de Idea Vilari\u00f1o, Alfredo Fressia y Cristina Peri Rossi\u201d.<\/p>\n\n\n\n<p>\u201cEl cielo nocturno: un museo abierto\u201d fue abordado por la profesora de Secundaria Reina Pintos y el astrofot\u00f3grafo Fefo Bouvier.<\/p>\n\n\n\n<p>Por \u00faltimo, el profesor de Secundaria, Juan Sebasti\u00e1n Peralta, expuso \u201cFilosof\u00eda en \/ de la noche\u201d.<\/p>\n","protected":false},"excerpt":{"rendered":"<p>El Plan Educativo Cultural de la Administraci\u00f3n Nacional de Educaci\u00f3n P\u00fablica (ANEP) organiz\u00f3 por segundo&#8230;<\/p>\n","protected":false},"author":1,"featured_media":9041,"comment_status":"open","ping_status":"open","sticky":false,"template":"","format":"standard","meta":{"_monsterinsights_skip_tracking":false,"_monsterinsights_sitenote_active":false,"_monsterinsights_sitenote_note":"","_monsterinsights_sitenote_category":0,"footnotes":""},"categories":[79],"tags":[],"class_list":["post-9040","post","type-post","status-publish","format-standard","has-post-thumbnail","hentry","category-nacionales"],"featured_image_urls":{"full":["https:\/\/diariotiempo.com.uy\/noticias\/wp-content\/uploads\/2022\/12\/anepp.jpg",755,390,false],"thumbnail":["https:\/\/diariotiempo.com.uy\/noticias\/wp-content\/uploads\/2022\/12\/anepp-150x150.jpg",150,150,true],"medium":["https:\/\/diariotiempo.com.uy\/noticias\/wp-content\/uploads\/2022\/12\/anepp-300x155.jpg",300,155,true],"medium_large":["https:\/\/diariotiempo.com.uy\/noticias\/wp-content\/uploads\/2022\/12\/anepp.jpg",640,331,false],"large":["https:\/\/diariotiempo.com.uy\/noticias\/wp-content\/uploads\/2022\/12\/anepp.jpg",640,331,false],"rpg_gallery_admin_thumb":["https:\/\/diariotiempo.com.uy\/noticias\/wp-content\/uploads\/2022\/12\/anepp.jpg",150,77,false],"rpg_gallery_thumb":["https:\/\/diariotiempo.com.uy\/noticias\/wp-content\/uploads\/2022\/12\/anepp.jpg",150,77,false],"1536x1536":["https:\/\/diariotiempo.com.uy\/noticias\/wp-content\/uploads\/2022\/12\/anepp.jpg",755,390,false],"2048x2048":["https:\/\/diariotiempo.com.uy\/noticias\/wp-content\/uploads\/2022\/12\/anepp.jpg",755,390,false],"covernews-slider-full":["https:\/\/diariotiempo.com.uy\/noticias\/wp-content\/uploads\/2022\/12\/anepp.jpg",755,390,false],"covernews-slider-center":["https:\/\/diariotiempo.com.uy\/noticias\/wp-content\/uploads\/2022\/12\/anepp.jpg",755,390,false],"covernews-featured":["https:\/\/diariotiempo.com.uy\/noticias\/wp-content\/uploads\/2022\/12\/anepp.jpg",755,390,false],"covernews-medium":["https:\/\/diariotiempo.com.uy\/noticias\/wp-content\/uploads\/2022\/12\/anepp-540x340.jpg",540,340,true],"covernews-medium-square":["https:\/\/diariotiempo.com.uy\/noticias\/wp-content\/uploads\/2022\/12\/anepp-400x250.jpg",400,250,true]},"author_info":{"display_name":"diario","author_link":"https:\/\/diariotiempo.com.uy\/noticias\/author\/diario\/"},"category_info":"<a href=\"https:\/\/diariotiempo.com.uy\/noticias\/category\/nacionales\/\" rel=\"category tag\">NACIONALES<\/a>","tag_info":"NACIONALES","comment_count":"0","_links":{"self":[{"href":"https:\/\/diariotiempo.com.uy\/noticias\/wp-json\/wp\/v2\/posts\/9040","targetHints":{"allow":["GET"]}}],"collection":[{"href":"https:\/\/diariotiempo.com.uy\/noticias\/wp-json\/wp\/v2\/posts"}],"about":[{"href":"https:\/\/diariotiempo.com.uy\/noticias\/wp-json\/wp\/v2\/types\/post"}],"author":[{"embeddable":true,"href":"https:\/\/diariotiempo.com.uy\/noticias\/wp-json\/wp\/v2\/users\/1"}],"replies":[{"embeddable":true,"href":"https:\/\/diariotiempo.com.uy\/noticias\/wp-json\/wp\/v2\/comments?post=9040"}],"version-history":[{"count":1,"href":"https:\/\/diariotiempo.com.uy\/noticias\/wp-json\/wp\/v2\/posts\/9040\/revisions"}],"predecessor-version":[{"id":9042,"href":"https:\/\/diariotiempo.com.uy\/noticias\/wp-json\/wp\/v2\/posts\/9040\/revisions\/9042"}],"wp:featuredmedia":[{"embeddable":true,"href":"https:\/\/diariotiempo.com.uy\/noticias\/wp-json\/wp\/v2\/media\/9041"}],"wp:attachment":[{"href":"https:\/\/diariotiempo.com.uy\/noticias\/wp-json\/wp\/v2\/media?parent=9040"}],"wp:term":[{"taxonomy":"category","embeddable":true,"href":"https:\/\/diariotiempo.com.uy\/noticias\/wp-json\/wp\/v2\/categories?post=9040"},{"taxonomy":"post_tag","embeddable":true,"href":"https:\/\/diariotiempo.com.uy\/noticias\/wp-json\/wp\/v2\/tags?post=9040"}],"curies":[{"name":"wp","href":"https:\/\/api.w.org\/{rel}","templated":true}]}}