{"id":9043,"date":"2022-12-22T14:14:37","date_gmt":"2022-12-22T14:14:37","guid":{"rendered":"https:\/\/diariotiempo.com.uy\/noticias\/?p=9043"},"modified":"2022-12-22T14:15:10","modified_gmt":"2022-12-22T14:15:10","slug":"realizaron-apertura-de-temporada-en-parador-de-utu-en-punta-del-este-con-la-presencia-del-capitan-miranda","status":"publish","type":"post","link":"https:\/\/diariotiempo.com.uy\/noticias\/2022\/12\/22\/realizaron-apertura-de-temporada-en-parador-de-utu-en-punta-del-este-con-la-presencia-del-capitan-miranda\/","title":{"rendered":"Realizaron apertura de temporada en parador de UTU, en Punta del Este, con la presencia del Capit\u00e1n Miranda"},"content":{"rendered":"\n<figure class=\"wp-block-image size-full\"><img loading=\"lazy\" decoding=\"async\" width=\"800\" height=\"480\" src=\"https:\/\/diariotiempo.com.uy\/noticias\/wp-content\/uploads\/2022\/12\/mirandaa.jpg\" alt=\"\" class=\"wp-image-9044\" srcset=\"https:\/\/diariotiempo.com.uy\/noticias\/wp-content\/uploads\/2022\/12\/mirandaa.jpg 800w, https:\/\/diariotiempo.com.uy\/noticias\/wp-content\/uploads\/2022\/12\/mirandaa-300x180.jpg 300w, https:\/\/diariotiempo.com.uy\/noticias\/wp-content\/uploads\/2022\/12\/mirandaa-768x461.jpg 768w\" sizes=\"auto, (max-width: 800px) 100vw, 800px\" \/><\/figure>\n\n\n\n<p>Se realiz\u00f3 el lanzamiento de la temporada de verano del parador de la Escuela Superior de Alta Gastronom\u00eda de UTU en la Playa Mansa de Punta del Este, Maldonado.<\/p>\n\n\n\n<p>Participaron de la apertura el director general de UTU, Juan Pereyra, la subdirectora, Laura Otamendi, el presidente del Codicen de ANEP, Robert Silva, el director general de Turismo, Mart\u00edn Laventure, el director general de Cultura, Jorge C\u00e9spedes, el intendente de Maldonado, Enrique Ant\u00eda, el alcalde de Punta del Este, Javier Carballal, y autoridades de la educaci\u00f3n. Acompa\u00f1\u00f3 la jornada Carlos Perciavalle, destacado actor y humorista de nuestro pa\u00eds.<\/p>\n\n\n\n<p>El evento se realiz\u00f3 a la tardecita, cuando el sol proyectaba sus \u00faltimos rayos en el horizonte, frente a la maravillosa Isla Gorriti, en la pen\u00ednsula de Punta del Este.<\/p>\n\n\n\n<p>En ese momento, a las 19:00 horas, el Capit\u00e1n Miranda, velero escuela y emblema de la Armada Nacional, iz\u00f3 la bandera de Sentimiento UTU, junto al Pabell\u00f3n Nacional frente al parador, hecho hist\u00f3rico para la instituci\u00f3n que quedar\u00e1 impregnado en el recuerdo de todos los presentes. Luego, realiz\u00f3 varios disparos de salva de ca\u00f1\u00f3n, como saludo y homenaje a la ceremonia y a la educaci\u00f3n p\u00fablica.<\/p>\n\n\n\n<p>El buque estuvo acompa\u00f1ado por embarcaciones de la Asociaci\u00f3n Honoraria de Salvamentos Mar\u00edtimos y Fluviales (ADES), del Yacht Club de Punta del Este y de la Prefectura de Maldonado.<\/p>\n\n\n\n<p>Mientras tanto, en el parador ya sonaba la magn\u00edfica m\u00fasica de la orquesta institucional de UTU que agrad\u00f3 a los invitados con su repertorio, y se compart\u00eda una copa de bienvenida con bocados fr\u00edos y calientes.<\/p>\n\n\n\n<p>\u201cGracias a todos, gran alegr\u00eda, los que son de UTU y aquellos que tienen el Sentimiento UTU y por eso est\u00e1n ac\u00e1, un d\u00eda para nosotros muy importante de hacer el lanzamiento de nuestra querida escuela de Parada 12\u201d, dijo el director general de UTU, Juan Pereyra.<\/p>\n\n\n\n<p>Para UTU, la Escuela Superior de Alta Gastronom\u00eda es un sitio representativo para la preparaci\u00f3n de los futuros t\u00e9cnicos que se har\u00e1n cargo de la industria del turismo.<\/p>\n\n\n\n<p>\u201cLa UTU tiene esa particularidad, que est\u00e1 permanentemente abriendo puertas, desde el Capit\u00e1n Miranda que est\u00e1 ac\u00e1, generando oportunidades y haciendo posible que la educaci\u00f3n, m\u00e1s que nunca, en una sociedad llamada del conocimiento como la que vivimos, ocupe el rol que hist\u00f3ricamente ha ocupado en nuestro pa\u00eds y que nos hace sentir tan orgullosos\u201d, mencion\u00f3 el presidente de Codicen, Robert Silva.<\/p>\n\n\n\n<p>Fue una celebraci\u00f3n con mucho mar y barcos, que elogian a la instituci\u00f3n, en el sentido de que UTU tiene un v\u00ednculo muy \u00edntimo con el mar desde su fundaci\u00f3n; su sede central est\u00e1 instalada a pocas cuadras del R\u00edo de la Plata, ese sue\u00f1o marinero de nuestras tierras y de nuestros antepasados.<\/p>\n\n\n\n<p>\u201cAl equipo de UTU, que hace tantas cosas, todo lo que significa UTU, que sin duda el emblema de una educaci\u00f3n p\u00fablica que nos tiene que unir y hacernos sentir altamente orgullosos de que este peque\u00f1o gran pa\u00eds es un gran pa\u00eds\u201d, agreg\u00f3 Silva.<\/p>\n\n\n\n<p>Cabe destacar que el parador estar\u00e1 abierto durante el mes de diciembre, de 10:00 a 19.00 horas (toda la semana), y a partir del 2 de enero, de 10:00 a 00:00 horas, (toda la semana). Los s\u00e1bados 24 y 31 de diciembre, y los domingos 25 de diciembre y 1\u00b0 de enero permanecer\u00e1 cerrado.<br>Fuente y foto https:\/\/www.utu.edu.uy\/<\/p>\n","protected":false},"excerpt":{"rendered":"<p>Se realiz\u00f3 el lanzamiento de la temporada de verano del parador de la Escuela Superior&#8230;<\/p>\n","protected":false},"author":1,"featured_media":9044,"comment_status":"open","ping_status":"open","sticky":false,"template":"","format":"standard","meta":{"_monsterinsights_skip_tracking":false,"_monsterinsights_sitenote_active":false,"_monsterinsights_sitenote_note":"","_monsterinsights_sitenote_category":0,"footnotes":""},"categories":[79],"tags":[],"class_list":["post-9043","post","type-post","status-publish","format-standard","has-post-thumbnail","hentry","category-nacionales"],"featured_image_urls":{"full":["https:\/\/diariotiempo.com.uy\/noticias\/wp-content\/uploads\/2022\/12\/mirandaa.jpg",800,480,false],"thumbnail":["https:\/\/diariotiempo.com.uy\/noticias\/wp-content\/uploads\/2022\/12\/mirandaa-150x150.jpg",150,150,true],"medium":["https:\/\/diariotiempo.com.uy\/noticias\/wp-content\/uploads\/2022\/12\/mirandaa-300x180.jpg",300,180,true],"medium_large":["https:\/\/diariotiempo.com.uy\/noticias\/wp-content\/uploads\/2022\/12\/mirandaa-768x461.jpg",640,384,true],"large":["https:\/\/diariotiempo.com.uy\/noticias\/wp-content\/uploads\/2022\/12\/mirandaa.jpg",640,384,false],"rpg_gallery_admin_thumb":["https:\/\/diariotiempo.com.uy\/noticias\/wp-content\/uploads\/2022\/12\/mirandaa.jpg",150,90,false],"rpg_gallery_thumb":["https:\/\/diariotiempo.com.uy\/noticias\/wp-content\/uploads\/2022\/12\/mirandaa.jpg",150,90,false],"1536x1536":["https:\/\/diariotiempo.com.uy\/noticias\/wp-content\/uploads\/2022\/12\/mirandaa.jpg",800,480,false],"2048x2048":["https:\/\/diariotiempo.com.uy\/noticias\/wp-content\/uploads\/2022\/12\/mirandaa.jpg",800,480,false],"covernews-slider-full":["https:\/\/diariotiempo.com.uy\/noticias\/wp-content\/uploads\/2022\/12\/mirandaa.jpg",800,480,false],"covernews-slider-center":["https:\/\/diariotiempo.com.uy\/noticias\/wp-content\/uploads\/2022\/12\/mirandaa.jpg",800,480,false],"covernews-featured":["https:\/\/diariotiempo.com.uy\/noticias\/wp-content\/uploads\/2022\/12\/mirandaa.jpg",800,480,false],"covernews-medium":["https:\/\/diariotiempo.com.uy\/noticias\/wp-content\/uploads\/2022\/12\/mirandaa-540x340.jpg",540,340,true],"covernews-medium-square":["https:\/\/diariotiempo.com.uy\/noticias\/wp-content\/uploads\/2022\/12\/mirandaa-400x250.jpg",400,250,true]},"author_info":{"display_name":"diario","author_link":"https:\/\/diariotiempo.com.uy\/noticias\/author\/diario\/"},"category_info":"<a href=\"https:\/\/diariotiempo.com.uy\/noticias\/category\/nacionales\/\" rel=\"category tag\">NACIONALES<\/a>","tag_info":"NACIONALES","comment_count":"0","_links":{"self":[{"href":"https:\/\/diariotiempo.com.uy\/noticias\/wp-json\/wp\/v2\/posts\/9043","targetHints":{"allow":["GET"]}}],"collection":[{"href":"https:\/\/diariotiempo.com.uy\/noticias\/wp-json\/wp\/v2\/posts"}],"about":[{"href":"https:\/\/diariotiempo.com.uy\/noticias\/wp-json\/wp\/v2\/types\/post"}],"author":[{"embeddable":true,"href":"https:\/\/diariotiempo.com.uy\/noticias\/wp-json\/wp\/v2\/users\/1"}],"replies":[{"embeddable":true,"href":"https:\/\/diariotiempo.com.uy\/noticias\/wp-json\/wp\/v2\/comments?post=9043"}],"version-history":[{"count":1,"href":"https:\/\/diariotiempo.com.uy\/noticias\/wp-json\/wp\/v2\/posts\/9043\/revisions"}],"predecessor-version":[{"id":9045,"href":"https:\/\/diariotiempo.com.uy\/noticias\/wp-json\/wp\/v2\/posts\/9043\/revisions\/9045"}],"wp:featuredmedia":[{"embeddable":true,"href":"https:\/\/diariotiempo.com.uy\/noticias\/wp-json\/wp\/v2\/media\/9044"}],"wp:attachment":[{"href":"https:\/\/diariotiempo.com.uy\/noticias\/wp-json\/wp\/v2\/media?parent=9043"}],"wp:term":[{"taxonomy":"category","embeddable":true,"href":"https:\/\/diariotiempo.com.uy\/noticias\/wp-json\/wp\/v2\/categories?post=9043"},{"taxonomy":"post_tag","embeddable":true,"href":"https:\/\/diariotiempo.com.uy\/noticias\/wp-json\/wp\/v2\/tags?post=9043"}],"curies":[{"name":"wp","href":"https:\/\/api.w.org\/{rel}","templated":true}]}}