{"id":9088,"date":"2022-12-23T11:23:03","date_gmt":"2022-12-23T11:23:03","guid":{"rendered":"https:\/\/diariotiempo.com.uy\/noticias\/?p=9088"},"modified":"2022-12-23T11:23:04","modified_gmt":"2022-12-23T11:23:04","slug":"paseo-costero","status":"publish","type":"post","link":"https:\/\/diariotiempo.com.uy\/noticias\/2022\/12\/23\/paseo-costero\/","title":{"rendered":"Paseo costero:"},"content":{"rendered":"\n<figure class=\"wp-block-image size-full\"><img loading=\"lazy\" decoding=\"async\" width=\"800\" height=\"533\" src=\"https:\/\/diariotiempo.com.uy\/noticias\/wp-content\/uploads\/2022\/12\/ramas.jpg\" alt=\"\" class=\"wp-image-9089\" srcset=\"https:\/\/diariotiempo.com.uy\/noticias\/wp-content\/uploads\/2022\/12\/ramas.jpg 800w, https:\/\/diariotiempo.com.uy\/noticias\/wp-content\/uploads\/2022\/12\/ramas-300x200.jpg 300w, https:\/\/diariotiempo.com.uy\/noticias\/wp-content\/uploads\/2022\/12\/ramas-768x512.jpg 768w\" sizes=\"auto, (max-width: 800px) 100vw, 800px\" \/><figcaption class=\"wp-element-caption\">2022.12.17 Limpieza paseo costero. Ciudad de la costa.<\/figcaption><\/figure>\n\n\n\n<p><strong>Hicieron trabajo de raleo y desmalezamiento como forma de evitar la inseguridad<\/strong><\/p>\n\n\n\n<p>Se realiz\u00f3 un trabajo de raleo y desmalezamiento en zonas sobre el Paseo Costero de Ciudad de la Costa para evitar la inseguridad en las paradas de \u00f3mnibus, adem\u00e1s, la tarea sirvi\u00f3 para despejar los sitios en los que la gente camina o hace ejercicio. La limpieza se realiz\u00f3 desde Barra de Carrasco hasta Solymar. La Intendencia de Canelones tiene un compromiso con la convivencia y desarrolla tareas para facilitar la visibilidad y el acceso seguro a la libre circulaci\u00f3n. Esto se viene reforzando con la inauguraci\u00f3n de luminaria LED en buena parte del paseo costero.<\/p>\n\n\n\n<p>Participaron de la actividad la Pro Secretaria General del Gobierno de Canelones, Silvana Nieves, el Director de Seguridad y Convivencia, Nicol\u00e1s Guillenea, el Director de Espacios P\u00fablicos, Mart\u00edn Barindelli, la Directora de G\u00e9nero y Equidad, Nohelia Mill\u00e1n, la Alcaldesa de Ciudad de la Costa, Mtra. Sonia Misiri\u00e1n, junto a autoridades del Ministerio del Interior (MI) y de Prefectura.<\/p>\n\n\n\n<p>Misiri\u00e1n destac\u00f3 que se trat\u00f3 de un trabajo conjunto entre varias direcciones de la Intendencia, mientras que Guillenea dijo que el trabajo se llev\u00f3 a cabo porque la costa estaba muy tupida de maleza, en especial sobre las paradas de \u00f3mnibus. \u201cLo que queremos generar es visibilidad\u201d, explic\u00f3, y agreg\u00f3 que en criminolog\u00eda a esto sitios se los llama zonas oscuras y que pueden generar situaciones de inseguridad si no son mantenidos en condiciones. \u201cEl Intendente ha expresado que la Intendencia debe ser soporte en la disuasi\u00f3n y prevenci\u00f3n del delito, por lo que el trabajo articulado con ellos (Prefectura y Ministerio del Interior) termina siendo fundamental\u201d, se\u00f1al\u00f3.<\/p>\n\n\n\n<p>Por su parte, Mill\u00e1n asegur\u00f3 que el primer punto de su tarea es evitar la violencia basada en g\u00e9nero, en especial en los espacios p\u00fablicos, haciendo que estos sean \u201cseguros, disfrutables y transitables\u201d. \u201cVenimos trabajando en un proyecto que se llama Ciudades seguras en tres zonas piloto, que son San Luis, Atl\u00e1ntida y Las Piedras. Hicimos un primer diagn\u00f3stico de cu\u00e1l es el recorrido, el itinerario, de las mujeres, ni\u00f1as, ni\u00f1os y adolescentes y cu\u00e1les son los lugares inseguros. Estamos trabajando en una comisi\u00f3n con todas las direcciones pensando estrategias y una de ellas es esta\u201d, se\u00f1al\u00f3. A su vez, indic\u00f3 que el trabajo en la franja costera se hace de manera regular pero que en esta \u00e9poca del a\u00f1o la maleza crece m\u00e1s y es necesario realizar las limpiezas con m\u00e1s regularidad.<\/p>\n\n\n\n<p>En tanto, Barindelli enfatiz\u00f3 que \u201ctodo lo que es la rambla en los \u00faltimos a\u00f1os se ha ido mejorando con un paseo costero que nos permite a toda la poblaci\u00f3n recorrer, andar en bicicleta, hacer ejercicio, y eso ha hecho que una cantidad de gente se vuelque hacia este espacio\u201d.<\/p>\n\n\n\n<p>En esta oportunidad, el desembarco fue con 15 funcionarios, \u201cpara poder hacer un trabajo m\u00e1s profundo\u201d, y antes se realiz\u00f3 un recorrido para ver cu\u00e1les eran los puntos m\u00e1s cr\u00edticos en los que las paradas estaban m\u00e1s invadidas. \u201cLo que tratamos de hacer es despejar las malezas para dar m\u00e1s seguridad a la poblaci\u00f3n\u201d, concluy\u00f3.<\/p>\n","protected":false},"excerpt":{"rendered":"<p>Hicieron trabajo de raleo y desmalezamiento como forma de evitar la inseguridad Se realiz\u00f3 un&#8230;<\/p>\n","protected":false},"author":1,"featured_media":9089,"comment_status":"open","ping_status":"open","sticky":false,"template":"","format":"standard","meta":{"_monsterinsights_skip_tracking":false,"_monsterinsights_sitenote_active":false,"_monsterinsights_sitenote_note":"","_monsterinsights_sitenote_category":0,"footnotes":""},"categories":[83],"tags":[],"class_list":["post-9088","post","type-post","status-publish","format-standard","has-post-thumbnail","hentry","category-ciudad-de-la-costa"],"featured_image_urls":{"full":["https:\/\/diariotiempo.com.uy\/noticias\/wp-content\/uploads\/2022\/12\/ramas.jpg",800,533,false],"thumbnail":["https:\/\/diariotiempo.com.uy\/noticias\/wp-content\/uploads\/2022\/12\/ramas-150x150.jpg",150,150,true],"medium":["https:\/\/diariotiempo.com.uy\/noticias\/wp-content\/uploads\/2022\/12\/ramas-300x200.jpg",300,200,true],"medium_large":["https:\/\/diariotiempo.com.uy\/noticias\/wp-content\/uploads\/2022\/12\/ramas-768x512.jpg",640,427,true],"large":["https:\/\/diariotiempo.com.uy\/noticias\/wp-content\/uploads\/2022\/12\/ramas.jpg",640,426,false],"rpg_gallery_admin_thumb":["https:\/\/diariotiempo.com.uy\/noticias\/wp-content\/uploads\/2022\/12\/ramas.jpg",150,100,false],"rpg_gallery_thumb":["https:\/\/diariotiempo.com.uy\/noticias\/wp-content\/uploads\/2022\/12\/ramas.jpg",150,100,false],"1536x1536":["https:\/\/diariotiempo.com.uy\/noticias\/wp-content\/uploads\/2022\/12\/ramas.jpg",800,533,false],"2048x2048":["https:\/\/diariotiempo.com.uy\/noticias\/wp-content\/uploads\/2022\/12\/ramas.jpg",800,533,false],"covernews-slider-full":["https:\/\/diariotiempo.com.uy\/noticias\/wp-content\/uploads\/2022\/12\/ramas.jpg",800,533,false],"covernews-slider-center":["https:\/\/diariotiempo.com.uy\/noticias\/wp-content\/uploads\/2022\/12\/ramas-800x500.jpg",800,500,true],"covernews-featured":["https:\/\/diariotiempo.com.uy\/noticias\/wp-content\/uploads\/2022\/12\/ramas.jpg",800,533,false],"covernews-medium":["https:\/\/diariotiempo.com.uy\/noticias\/wp-content\/uploads\/2022\/12\/ramas-540x340.jpg",540,340,true],"covernews-medium-square":["https:\/\/diariotiempo.com.uy\/noticias\/wp-content\/uploads\/2022\/12\/ramas-400x250.jpg",400,250,true]},"author_info":{"display_name":"diario","author_link":"https:\/\/diariotiempo.com.uy\/noticias\/author\/diario\/"},"category_info":"<a href=\"https:\/\/diariotiempo.com.uy\/noticias\/category\/departamental\/ciudad-de-la-costa\/\" rel=\"category tag\">Ciudad de la Costa<\/a>","tag_info":"Ciudad de la Costa","comment_count":"0","_links":{"self":[{"href":"https:\/\/diariotiempo.com.uy\/noticias\/wp-json\/wp\/v2\/posts\/9088","targetHints":{"allow":["GET"]}}],"collection":[{"href":"https:\/\/diariotiempo.com.uy\/noticias\/wp-json\/wp\/v2\/posts"}],"about":[{"href":"https:\/\/diariotiempo.com.uy\/noticias\/wp-json\/wp\/v2\/types\/post"}],"author":[{"embeddable":true,"href":"https:\/\/diariotiempo.com.uy\/noticias\/wp-json\/wp\/v2\/users\/1"}],"replies":[{"embeddable":true,"href":"https:\/\/diariotiempo.com.uy\/noticias\/wp-json\/wp\/v2\/comments?post=9088"}],"version-history":[{"count":1,"href":"https:\/\/diariotiempo.com.uy\/noticias\/wp-json\/wp\/v2\/posts\/9088\/revisions"}],"predecessor-version":[{"id":9090,"href":"https:\/\/diariotiempo.com.uy\/noticias\/wp-json\/wp\/v2\/posts\/9088\/revisions\/9090"}],"wp:featuredmedia":[{"embeddable":true,"href":"https:\/\/diariotiempo.com.uy\/noticias\/wp-json\/wp\/v2\/media\/9089"}],"wp:attachment":[{"href":"https:\/\/diariotiempo.com.uy\/noticias\/wp-json\/wp\/v2\/media?parent=9088"}],"wp:term":[{"taxonomy":"category","embeddable":true,"href":"https:\/\/diariotiempo.com.uy\/noticias\/wp-json\/wp\/v2\/categories?post=9088"},{"taxonomy":"post_tag","embeddable":true,"href":"https:\/\/diariotiempo.com.uy\/noticias\/wp-json\/wp\/v2\/tags?post=9088"}],"curies":[{"name":"wp","href":"https:\/\/api.w.org\/{rel}","templated":true}]}}