{"id":9095,"date":"2022-12-23T11:27:29","date_gmt":"2022-12-23T11:27:29","guid":{"rendered":"https:\/\/diariotiempo.com.uy\/noticias\/?p=9095"},"modified":"2022-12-23T11:27:30","modified_gmt":"2022-12-23T11:27:30","slug":"nicolich-avanza-en-obras-viales","status":"publish","type":"post","link":"https:\/\/diariotiempo.com.uy\/noticias\/2022\/12\/23\/nicolich-avanza-en-obras-viales\/","title":{"rendered":"Nicolich avanza en obras viales"},"content":{"rendered":"\n<figure class=\"wp-block-image size-full\"><img loading=\"lazy\" decoding=\"async\" width=\"800\" height=\"533\" src=\"https:\/\/diariotiempo.com.uy\/noticias\/wp-content\/uploads\/2022\/12\/nicolich-1.jpg\" alt=\"\" class=\"wp-image-9096\" srcset=\"https:\/\/diariotiempo.com.uy\/noticias\/wp-content\/uploads\/2022\/12\/nicolich-1.jpg 800w, https:\/\/diariotiempo.com.uy\/noticias\/wp-content\/uploads\/2022\/12\/nicolich-1-300x200.jpg 300w, https:\/\/diariotiempo.com.uy\/noticias\/wp-content\/uploads\/2022\/12\/nicolich-1-768x512.jpg 768w\" sizes=\"auto, (max-width: 800px) 100vw, 800px\" \/><\/figure>\n\n\n\n<p>La Intendencia de Canelones, a trav\u00e9s de la Direcci\u00f3n General de Obras, junto al Municipio Nicolich-Ciudad Gral. L\u00edber Seregni est\u00e1n realizando la obra de pavimentaci\u00f3n en las calles Los Para\u00edsos, Jacarand\u00e1, Los Tilos y Aeropuerto. La obra tiene una extensi\u00f3n de 850 metros e incluye el tendido de carpeta asf\u00e1ltica y la construcci\u00f3n de una vereda peatonal. El asfaltado comprende el tramo entre Ruta 102 hasta la Escuela N\u00b0 155, y contempla la se\u00f1alizaci\u00f3n horizontal y vertical correspondiente.<\/p>\n\n\n\n<p>\u201cEs una obra muy importante porque es una calle que une la Ruta 102 con la escuela N\u00b0155, es la calle m\u00e1s importante de Colonia Nicolich\u201d, inform\u00f3 el Alcalde de Nicolich-Ciudad Gral Liber Seregni, L\u00edber Moreno. As\u00ed tambi\u00e9n, asegur\u00f3 que es una intervenci\u00f3n fundamental tomando en cuenta los beneficios que brindar\u00e1 a toda la poblaci\u00f3n del barrio y en particular a ni\u00f1os, ni\u00f1as y sus familias en d\u00edas escolares, priorizando la seguridad en la circulaci\u00f3n peatonal por la nueva vereda.<\/p>\n\n\n\n<p>La inversi\u00f3n ronda unos $10.000.000 millones de pesos y se estima que las obras finalicen en los \u00faltimos d\u00edas de diciembre. \u201cLa idea es que la semana pr\u00f3xima se pinte la se\u00f1alizaci\u00f3n vial, se coloque las se\u00f1ales vertical y horizontal, que nos va a permitir dar por finalizada la obra y poder disfrutarla por completo\u201d.<\/p>\n\n\n\n<p>A su vez, el Alcalde Moreno, inform\u00f3 que, \u201cel objetivo que tenemos planificado con el Plan Operativo Anual (POA) del a\u00f1o que viene, es poder asfaltar las otras entradas de Colonia Nicolich, por lo tanto, todas las calles van a quedar con sus entradas asfaltadas\u201d.<\/p>\n","protected":false},"excerpt":{"rendered":"<p>La Intendencia de Canelones, a trav\u00e9s de la Direcci\u00f3n General de Obras, junto al Municipio&#8230;<\/p>\n","protected":false},"author":1,"featured_media":9096,"comment_status":"open","ping_status":"open","sticky":false,"template":"","format":"standard","meta":{"_monsterinsights_skip_tracking":false,"_monsterinsights_sitenote_active":false,"_monsterinsights_sitenote_note":"","_monsterinsights_sitenote_category":0,"footnotes":""},"categories":[94],"tags":[],"class_list":["post-9095","post","type-post","status-publish","format-standard","has-post-thumbnail","hentry","category-colonia-nicolich"],"featured_image_urls":{"full":["https:\/\/diariotiempo.com.uy\/noticias\/wp-content\/uploads\/2022\/12\/nicolich-1.jpg",800,533,false],"thumbnail":["https:\/\/diariotiempo.com.uy\/noticias\/wp-content\/uploads\/2022\/12\/nicolich-1-150x150.jpg",150,150,true],"medium":["https:\/\/diariotiempo.com.uy\/noticias\/wp-content\/uploads\/2022\/12\/nicolich-1-300x200.jpg",300,200,true],"medium_large":["https:\/\/diariotiempo.com.uy\/noticias\/wp-content\/uploads\/2022\/12\/nicolich-1-768x512.jpg",640,427,true],"large":["https:\/\/diariotiempo.com.uy\/noticias\/wp-content\/uploads\/2022\/12\/nicolich-1.jpg",640,426,false],"rpg_gallery_admin_thumb":["https:\/\/diariotiempo.com.uy\/noticias\/wp-content\/uploads\/2022\/12\/nicolich-1.jpg",150,100,false],"rpg_gallery_thumb":["https:\/\/diariotiempo.com.uy\/noticias\/wp-content\/uploads\/2022\/12\/nicolich-1.jpg",150,100,false],"1536x1536":["https:\/\/diariotiempo.com.uy\/noticias\/wp-content\/uploads\/2022\/12\/nicolich-1.jpg",800,533,false],"2048x2048":["https:\/\/diariotiempo.com.uy\/noticias\/wp-content\/uploads\/2022\/12\/nicolich-1.jpg",800,533,false],"covernews-slider-full":["https:\/\/diariotiempo.com.uy\/noticias\/wp-content\/uploads\/2022\/12\/nicolich-1.jpg",800,533,false],"covernews-slider-center":["https:\/\/diariotiempo.com.uy\/noticias\/wp-content\/uploads\/2022\/12\/nicolich-1-800x500.jpg",800,500,true],"covernews-featured":["https:\/\/diariotiempo.com.uy\/noticias\/wp-content\/uploads\/2022\/12\/nicolich-1.jpg",800,533,false],"covernews-medium":["https:\/\/diariotiempo.com.uy\/noticias\/wp-content\/uploads\/2022\/12\/nicolich-1-540x340.jpg",540,340,true],"covernews-medium-square":["https:\/\/diariotiempo.com.uy\/noticias\/wp-content\/uploads\/2022\/12\/nicolich-1-400x250.jpg",400,250,true]},"author_info":{"display_name":"diario","author_link":"https:\/\/diariotiempo.com.uy\/noticias\/author\/diario\/"},"category_info":"<a href=\"https:\/\/diariotiempo.com.uy\/noticias\/category\/departamental\/colonia-nicolich\/\" rel=\"category tag\">Colonia Nicolich<\/a>","tag_info":"Colonia Nicolich","comment_count":"0","_links":{"self":[{"href":"https:\/\/diariotiempo.com.uy\/noticias\/wp-json\/wp\/v2\/posts\/9095","targetHints":{"allow":["GET"]}}],"collection":[{"href":"https:\/\/diariotiempo.com.uy\/noticias\/wp-json\/wp\/v2\/posts"}],"about":[{"href":"https:\/\/diariotiempo.com.uy\/noticias\/wp-json\/wp\/v2\/types\/post"}],"author":[{"embeddable":true,"href":"https:\/\/diariotiempo.com.uy\/noticias\/wp-json\/wp\/v2\/users\/1"}],"replies":[{"embeddable":true,"href":"https:\/\/diariotiempo.com.uy\/noticias\/wp-json\/wp\/v2\/comments?post=9095"}],"version-history":[{"count":1,"href":"https:\/\/diariotiempo.com.uy\/noticias\/wp-json\/wp\/v2\/posts\/9095\/revisions"}],"predecessor-version":[{"id":9097,"href":"https:\/\/diariotiempo.com.uy\/noticias\/wp-json\/wp\/v2\/posts\/9095\/revisions\/9097"}],"wp:featuredmedia":[{"embeddable":true,"href":"https:\/\/diariotiempo.com.uy\/noticias\/wp-json\/wp\/v2\/media\/9096"}],"wp:attachment":[{"href":"https:\/\/diariotiempo.com.uy\/noticias\/wp-json\/wp\/v2\/media?parent=9095"}],"wp:term":[{"taxonomy":"category","embeddable":true,"href":"https:\/\/diariotiempo.com.uy\/noticias\/wp-json\/wp\/v2\/categories?post=9095"},{"taxonomy":"post_tag","embeddable":true,"href":"https:\/\/diariotiempo.com.uy\/noticias\/wp-json\/wp\/v2\/tags?post=9095"}],"curies":[{"name":"wp","href":"https:\/\/api.w.org\/{rel}","templated":true}]}}