{"id":9102,"date":"2022-12-23T11:33:03","date_gmt":"2022-12-23T11:33:03","guid":{"rendered":"https:\/\/diariotiempo.com.uy\/noticias\/?p=9102"},"modified":"2022-12-23T11:33:04","modified_gmt":"2022-12-23T11:33:04","slug":"pirotecnia-celebraciones-peligrosas","status":"publish","type":"post","link":"https:\/\/diariotiempo.com.uy\/noticias\/2022\/12\/23\/pirotecnia-celebraciones-peligrosas\/","title":{"rendered":"PIROTECNIA, CELEBRACIONES PELIGROSAS"},"content":{"rendered":"\n<p>Desde la invenci\u00f3n de la p\u00f3lvora en la antigua China, luego conocida y utilizada en los pa\u00edses europeos y el mundo, el hombre ha utilizado este invento con distintos fines, entre ellos, el l\u00fadico -al que nos referiremos en esta opini\u00f3n- como forma de celebraci\u00f3n de muy distintos eventos, seg\u00fan sea la cultura que observemos. La utilizaci\u00f3n de esta sustancia explosiva, a la que se le agregan metales pesados para lograr los distintos colores que nos maravillan y sorprenden, no est\u00e1 exenta de peligros a los que se exponen los que la manipulan. Y su uso irresponsable o no regulado por las autoridades correspondientes, causan generalmente da\u00f1os de muy distinta \u00edndole, algunos claramente identificables y otros de muy dif\u00edcil cuantificaci\u00f3n y evaluaci\u00f3n real de sus consecuencias. Al innegable impacto ambiental que ocasionan, se suma el riesgo de ser un factor potencial de incendios, por eso el necesario control que sobre estos materiales debe ejercer la autoridad y la \u201cpolic\u00eda del fuego\u201d. Las emergencias de los hospitales y sanatorios no se salvan de atender lesionados, algunos de ellos de extrema gravedad, ya que pueden sufrir da\u00f1os irreparables y permanentes. Estos perjuicios aumentan con relaci\u00f3n a las personas con capacidades diferentes o quienes padecen de enfermedades de espectro autista, los que muchas veces se a\u00edslan y manifiestan su temor o miedo y no alcanzan a comprender el sentido de las explosiones y menos las llamadas \u201cbombas de estruendo\u201d que impactan en el sentido del o\u00eddo hipersensible, sin siquiera manifestarse con colores, lo que muestra la sinraz\u00f3n de quienes las detonan. Los festejos, en los que se incluye esta demostraci\u00f3n de \u201cluz y sonido\u201d causado por bater\u00edas de fuegos artificiales, ya sean de uso familiar o dom\u00e9stico, como profesional, inciden negativamente tambi\u00e9n en el bienestar animal, ocasion\u00e1ndoles taquicardias, confusi\u00f3n, aturdimiento, n\u00e1useas y falta de aire. Se impone una regulaci\u00f3n normativa de alcance nacional en la materia, no siendo suficientes las de alcance departamental, o local, en lo que se refiere a la comercializaci\u00f3n, utilizaci\u00f3n y a los ruidos molestos. Las celebraciones o festejos no debieran causar perjuicio a nadie, ni al ambiente, ni a las personas, ni a los animales. La regulaci\u00f3n que se pretende busca proteger a las personas, pero sin descuidar el medio ambiente y a los animales, de modo que se limite la libertad de su uso o comercializaci\u00f3n en aras de lograr la protecci\u00f3n de la vida, el bienestar de las personas y animales as\u00ed como la protecci\u00f3n del medio ambiente. En nuestra sociedad, el uso de pirotecnia se limita por lo general a los festejos de las Fiestas Tradicionales y alguna celebraci\u00f3n deportiva o social. La intervenci\u00f3n de profesionales en el manejo de estos elementos se requiere, para garantizar esos derechos b\u00e1sicos, m\u00e1s cuando se trata de un evento p\u00fablico de significaci\u00f3n, donde la bater\u00eda de fuegos a lanzarse, se realiza hasta electr\u00f3nicamente. Se trata en suma, de reglamentar normativamente esta actividad, donde el festejo de unos puede significar el da\u00f1o o perjuicio de otros, buscando evitar la contaminaci\u00f3n ac\u00fastica y el racional y ponderado equilibrio de los derechos en juego.<\/p>\n","protected":false},"excerpt":{"rendered":"<p>Desde la invenci\u00f3n de la p\u00f3lvora en la antigua China, luego conocida y utilizada en&#8230;<\/p>\n","protected":false},"author":1,"featured_media":0,"comment_status":"open","ping_status":"open","sticky":false,"template":"","format":"standard","meta":{"_monsterinsights_skip_tracking":false,"_monsterinsights_sitenote_active":false,"_monsterinsights_sitenote_note":"","_monsterinsights_sitenote_category":0,"footnotes":""},"categories":[13],"tags":[],"class_list":["post-9102","post","type-post","status-publish","format-standard","hentry","category-articulos-de-opinion"],"featured_image_urls":{"full":"","thumbnail":"","medium":"","medium_large":"","large":"","rpg_gallery_admin_thumb":"","rpg_gallery_thumb":"","1536x1536":"","2048x2048":"","covernews-slider-full":"","covernews-slider-center":"","covernews-featured":"","covernews-medium":"","covernews-medium-square":""},"author_info":{"display_name":"diario","author_link":"https:\/\/diariotiempo.com.uy\/noticias\/author\/diario\/"},"category_info":"<a href=\"https:\/\/diariotiempo.com.uy\/noticias\/category\/opinion\/articulos-de-opinion\/\" rel=\"category tag\">Art\u00edculos de Opini\u00f3n<\/a>","tag_info":"Art\u00edculos de Opini\u00f3n","comment_count":"0","_links":{"self":[{"href":"https:\/\/diariotiempo.com.uy\/noticias\/wp-json\/wp\/v2\/posts\/9102","targetHints":{"allow":["GET"]}}],"collection":[{"href":"https:\/\/diariotiempo.com.uy\/noticias\/wp-json\/wp\/v2\/posts"}],"about":[{"href":"https:\/\/diariotiempo.com.uy\/noticias\/wp-json\/wp\/v2\/types\/post"}],"author":[{"embeddable":true,"href":"https:\/\/diariotiempo.com.uy\/noticias\/wp-json\/wp\/v2\/users\/1"}],"replies":[{"embeddable":true,"href":"https:\/\/diariotiempo.com.uy\/noticias\/wp-json\/wp\/v2\/comments?post=9102"}],"version-history":[{"count":1,"href":"https:\/\/diariotiempo.com.uy\/noticias\/wp-json\/wp\/v2\/posts\/9102\/revisions"}],"predecessor-version":[{"id":9103,"href":"https:\/\/diariotiempo.com.uy\/noticias\/wp-json\/wp\/v2\/posts\/9102\/revisions\/9103"}],"wp:attachment":[{"href":"https:\/\/diariotiempo.com.uy\/noticias\/wp-json\/wp\/v2\/media?parent=9102"}],"wp:term":[{"taxonomy":"category","embeddable":true,"href":"https:\/\/diariotiempo.com.uy\/noticias\/wp-json\/wp\/v2\/categories?post=9102"},{"taxonomy":"post_tag","embeddable":true,"href":"https:\/\/diariotiempo.com.uy\/noticias\/wp-json\/wp\/v2\/tags?post=9102"}],"curies":[{"name":"wp","href":"https:\/\/api.w.org\/{rel}","templated":true}]}}