{"id":9145,"date":"2022-12-28T18:19:02","date_gmt":"2022-12-28T18:19:02","guid":{"rendered":"https:\/\/diariotiempo.com.uy\/noticias\/?p=9145"},"modified":"2022-12-28T18:19:03","modified_gmt":"2022-12-28T18:19:03","slug":"comenzo-la-vacunacion-de-refuerzo-complementario-contra-covid-19","status":"publish","type":"post","link":"https:\/\/diariotiempo.com.uy\/noticias\/2022\/12\/28\/comenzo-la-vacunacion-de-refuerzo-complementario-contra-covid-19\/","title":{"rendered":"Comenz\u00f3 la vacunaci\u00f3n de refuerzo complementario contra covid-19"},"content":{"rendered":"\n<figure class=\"wp-block-image size-full\"><img loading=\"lazy\" decoding=\"async\" width=\"800\" height=\"548\" src=\"https:\/\/diariotiempo.com.uy\/noticias\/wp-content\/uploads\/2022\/12\/vacuna.jpg\" alt=\"\" class=\"wp-image-9146\" srcset=\"https:\/\/diariotiempo.com.uy\/noticias\/wp-content\/uploads\/2022\/12\/vacuna.jpg 800w, https:\/\/diariotiempo.com.uy\/noticias\/wp-content\/uploads\/2022\/12\/vacuna-300x206.jpg 300w, https:\/\/diariotiempo.com.uy\/noticias\/wp-content\/uploads\/2022\/12\/vacuna-768x526.jpg 768w\" sizes=\"auto, (max-width: 800px) 100vw, 800px\" \/><\/figure>\n\n\n\n<p>Dada la situaci\u00f3n epidemiol\u00f3gica actual de aumento de la incidencia de nuevos casos de covid-19, el Ministerio de Salud P\u00fablica resolvi\u00f3 adelantar la administraci\u00f3n del refuerzo complementario de vacunaci\u00f3n contra covid-19.<\/p>\n\n\n\n<p>La vacunaci\u00f3n ser\u00e1 sin agenda y escalonada con priorizaci\u00f3n de los distintos grupos poblacionales.<\/p>\n\n\n\n<p>El lunes se comenz\u00f3 a administrar en personas mayores de 80 a\u00f1os y personas inmunodeprimidas en Montevideo, en el resto del pa\u00eds, la vacunaci\u00f3n para este grupo comenzar\u00e1 el lunes 2 de enero.<br>Se informar\u00e1 oportunamente las fechas en las que se comience a administrar la dosis de refuerzo complementario en los dem\u00e1s grupos.<br>En todos los casos se deber\u00e1 esperar 180 d\u00edas luego de la \u00faltima dosis de vacuna anti covid-19 recibida, lo mismo luego de haber cursado la enfermedad.<br>Asimismo, se recomienda especialmente que las personas mayores de 50 a\u00f1os se administre la tercera y cuarta dosis seg\u00fan corresponda.<\/p>\n\n\n\n<p>En la p\u00e1gina web del MSP est\u00e1 disponible toda la informaci\u00f3n respecto a los esquemas de vacunaci\u00f3n correspondientes seg\u00fan el grupo poblacional.<\/p>\n\n\n\n<p><strong>Lista de causas de inmunosupresi\u00f3n:<\/strong><\/p>\n\n\n\n<p>Quimioterapia y radioterapia activa para tumores s\u00f3lidos y neoplasias hematol\u00f3gicas.<br>Receptores de trasplante de \u00f3rgano s\u00f3lido o progenitores hematopoy\u00e9ticos.<br>Inmunodeficiencia primaria moderada o grave (por ejemplo, enfermedad de inmunodeficiencia variable com\u00fan, inmunodeficiencia combinada grave, entre otras).<br>Infecci\u00f3n por VIH avanzada o no tratada (personas con VIH y recuentos de c\u00e9lulas CD4 menores a 200\/mm3, sin terapia antirretroviral).<br>Pacientes en di\u00e1lisis cr\u00f3nica.<br>Pacientes con enfermedades autoinmunes en tratamiento con inumosupresores (ver lista):<br>Dosis altas de corticoides (es decir, 20 o m\u00e1s mg de prednisona o su equivalente por d\u00eda cuando se administra durante 2 o m\u00e1s semanas).<\/p>\n\n\n\n<p><strong>Biol\u00f3gicos:<\/strong><\/p>\n\n\n\n<p>Anticuerpos monoclonales como los anti-TNF, como infliximab, tocilizumab, adalimumab, certolizumab, etanercept, golimumab. En el caso de anti CD20 como Rituximab (hasta 6 meses luego del \u00faltimo tratamiento)<br>Inhibidores de la quinasa Janus (JAK) Tofacitinib, Upadacitinib,<br>Inhibiores de la tirosina cinasa de Bruton (ibrutinib)<\/p>\n\n\n\n<p>Metotrexate<br>Azatioprina<br>6-mercaptopurina<br>Ciclofosfamida<br>Leflunomida<br>Interferones<br>Micofenolato mofetilo<br>Inhibidores de la calcineurina (tacrolimus, ciclosporina)<br>Sulfazalasina<br>Fingolimod<br>Inhibidores del complemento: Eculizumab<\/p>\n\n\n\n<p>Otros medicamentos no incluidos en el listado que se asocien a inmunosupresi\u00f3n con criterio de m\u00e9dico tratante.<\/p>\n","protected":false},"excerpt":{"rendered":"<p>Dada la situaci\u00f3n epidemiol\u00f3gica actual de aumento de la incidencia de nuevos casos de covid-19,&#8230;<\/p>\n","protected":false},"author":1,"featured_media":9146,"comment_status":"open","ping_status":"open","sticky":false,"template":"","format":"standard","meta":{"_monsterinsights_skip_tracking":false,"_monsterinsights_sitenote_active":false,"_monsterinsights_sitenote_note":"","_monsterinsights_sitenote_category":0,"footnotes":""},"categories":[79],"tags":[],"class_list":["post-9145","post","type-post","status-publish","format-standard","has-post-thumbnail","hentry","category-nacionales"],"featured_image_urls":{"full":["https:\/\/diariotiempo.com.uy\/noticias\/wp-content\/uploads\/2022\/12\/vacuna.jpg",800,548,false],"thumbnail":["https:\/\/diariotiempo.com.uy\/noticias\/wp-content\/uploads\/2022\/12\/vacuna-150x150.jpg",150,150,true],"medium":["https:\/\/diariotiempo.com.uy\/noticias\/wp-content\/uploads\/2022\/12\/vacuna-300x206.jpg",300,206,true],"medium_large":["https:\/\/diariotiempo.com.uy\/noticias\/wp-content\/uploads\/2022\/12\/vacuna-768x526.jpg",640,438,true],"large":["https:\/\/diariotiempo.com.uy\/noticias\/wp-content\/uploads\/2022\/12\/vacuna.jpg",640,438,false],"rpg_gallery_admin_thumb":["https:\/\/diariotiempo.com.uy\/noticias\/wp-content\/uploads\/2022\/12\/vacuna.jpg",150,103,false],"rpg_gallery_thumb":["https:\/\/diariotiempo.com.uy\/noticias\/wp-content\/uploads\/2022\/12\/vacuna.jpg",150,103,false],"1536x1536":["https:\/\/diariotiempo.com.uy\/noticias\/wp-content\/uploads\/2022\/12\/vacuna.jpg",800,548,false],"2048x2048":["https:\/\/diariotiempo.com.uy\/noticias\/wp-content\/uploads\/2022\/12\/vacuna.jpg",800,548,false],"covernews-slider-full":["https:\/\/diariotiempo.com.uy\/noticias\/wp-content\/uploads\/2022\/12\/vacuna.jpg",800,548,false],"covernews-slider-center":["https:\/\/diariotiempo.com.uy\/noticias\/wp-content\/uploads\/2022\/12\/vacuna-800x500.jpg",800,500,true],"covernews-featured":["https:\/\/diariotiempo.com.uy\/noticias\/wp-content\/uploads\/2022\/12\/vacuna.jpg",800,548,false],"covernews-medium":["https:\/\/diariotiempo.com.uy\/noticias\/wp-content\/uploads\/2022\/12\/vacuna-540x340.jpg",540,340,true],"covernews-medium-square":["https:\/\/diariotiempo.com.uy\/noticias\/wp-content\/uploads\/2022\/12\/vacuna-400x250.jpg",400,250,true]},"author_info":{"display_name":"diario","author_link":"https:\/\/diariotiempo.com.uy\/noticias\/author\/diario\/"},"category_info":"<a href=\"https:\/\/diariotiempo.com.uy\/noticias\/category\/nacionales\/\" rel=\"category tag\">NACIONALES<\/a>","tag_info":"NACIONALES","comment_count":"0","_links":{"self":[{"href":"https:\/\/diariotiempo.com.uy\/noticias\/wp-json\/wp\/v2\/posts\/9145","targetHints":{"allow":["GET"]}}],"collection":[{"href":"https:\/\/diariotiempo.com.uy\/noticias\/wp-json\/wp\/v2\/posts"}],"about":[{"href":"https:\/\/diariotiempo.com.uy\/noticias\/wp-json\/wp\/v2\/types\/post"}],"author":[{"embeddable":true,"href":"https:\/\/diariotiempo.com.uy\/noticias\/wp-json\/wp\/v2\/users\/1"}],"replies":[{"embeddable":true,"href":"https:\/\/diariotiempo.com.uy\/noticias\/wp-json\/wp\/v2\/comments?post=9145"}],"version-history":[{"count":1,"href":"https:\/\/diariotiempo.com.uy\/noticias\/wp-json\/wp\/v2\/posts\/9145\/revisions"}],"predecessor-version":[{"id":9147,"href":"https:\/\/diariotiempo.com.uy\/noticias\/wp-json\/wp\/v2\/posts\/9145\/revisions\/9147"}],"wp:featuredmedia":[{"embeddable":true,"href":"https:\/\/diariotiempo.com.uy\/noticias\/wp-json\/wp\/v2\/media\/9146"}],"wp:attachment":[{"href":"https:\/\/diariotiempo.com.uy\/noticias\/wp-json\/wp\/v2\/media?parent=9145"}],"wp:term":[{"taxonomy":"category","embeddable":true,"href":"https:\/\/diariotiempo.com.uy\/noticias\/wp-json\/wp\/v2\/categories?post=9145"},{"taxonomy":"post_tag","embeddable":true,"href":"https:\/\/diariotiempo.com.uy\/noticias\/wp-json\/wp\/v2\/tags?post=9145"}],"curies":[{"name":"wp","href":"https:\/\/api.w.org\/{rel}","templated":true}]}}