{"id":9253,"date":"2023-01-26T12:26:12","date_gmt":"2023-01-26T12:26:12","guid":{"rendered":"https:\/\/diariotiempo.com.uy\/noticias\/?p=9253"},"modified":"2023-01-26T12:26:13","modified_gmt":"2023-01-26T12:26:13","slug":"inacoop-postergara-vencimientos-para-cooperativas-agrarias-ante-emergencia-hidrica","status":"publish","type":"post","link":"https:\/\/diariotiempo.com.uy\/noticias\/2023\/01\/26\/inacoop-postergara-vencimientos-para-cooperativas-agrarias-ante-emergencia-hidrica\/","title":{"rendered":"Inacoop postergar\u00e1 vencimientos para cooperativas agrarias ante emergencia h\u00eddrica"},"content":{"rendered":"\n<figure class=\"wp-block-image size-full\"><img loading=\"lazy\" decoding=\"async\" width=\"800\" height=\"471\" src=\"https:\/\/diariotiempo.com.uy\/noticias\/wp-content\/uploads\/2023\/01\/MARTIN.jpg\" alt=\"\" class=\"wp-image-9254\" srcset=\"https:\/\/diariotiempo.com.uy\/noticias\/wp-content\/uploads\/2023\/01\/MARTIN.jpg 800w, https:\/\/diariotiempo.com.uy\/noticias\/wp-content\/uploads\/2023\/01\/MARTIN-300x177.jpg 300w, https:\/\/diariotiempo.com.uy\/noticias\/wp-content\/uploads\/2023\/01\/MARTIN-768x452.jpg 768w\" sizes=\"auto, (max-width: 800px) 100vw, 800px\" \/><\/figure>\n\n\n\n<p>El presidente del Instituto Nacional del Cooperativismo (Inacoop), Mart\u00edn Fern\u00e1ndez, luego de reunirse con el secretario de la Presidencia, \u00c1lvaro Delgado, anunci\u00f3 que se defini\u00f3 postergar los vencimientos que tengan las cooperativas agrarias con el organismo en los pr\u00e9stamos con vencimiento en los pr\u00f3ximos 90 d\u00edas. Adem\u00e1s, se contemplar\u00e1 la postergaci\u00f3n del pago de la prestaci\u00f3n coactiva de las cooperativas del rubro.<\/p>\n\n\n\n<p>El encuentro se concret\u00f3 este martes 24 en Torre Ejecutiva y participaron adem\u00e1s el ministro de Ganader\u00eda, Fernando Mattos y el subsecretario Juan Buffa.<\/p>\n\n\n\n<p>\u201cNos vamos con el benepl\u00e1cito del secretario de Presidencia, que nos recalc\u00f3 la voluntad y la necesidad de trabajar conjuntamente con el Instituto a los efectos de brindar un mayor financiamiento a las cooperativas agrarias que lo necesiten, en el marco de esta emergencia h\u00eddrica\u201d, sostuvo Fern\u00e1ndez luego de la reuni\u00f3n.<\/p>\n\n\n\n<p>Explic\u00f3 que la idea es generar un corrimiento por 90 d\u00edas para extender el plazo de pago de los pr\u00e9stamos, y evitar moras y recargos. Las cooperativas agrarias que mantienen pr\u00e9stamos vigentes, al momento del vencimiento, podr\u00e1n optar por efectuar el pago o acogerse al beneficio, se\u00f1al\u00f3. Inform\u00f3 que los convenios con prestaci\u00f3n coactiva, tributo anual de estas cooperativas, en el caso que existan vencimientos en los pr\u00f3ximos tres meses tambi\u00e9n podr\u00e1n acceder a la pr\u00f3rroga.<\/p>\n\n\n\n<p>Fern\u00e1ndez explic\u00f3 que se trata de medidas paliativas que pueden tomarse para transmitirle a los productores la cercan\u00eda y amparo del Instituto. Adem\u00e1s, indic\u00f3 que el cooperativismo agrario representa el 25 % de la producci\u00f3n del pa\u00eds, con 50 % de producci\u00f3n familiar y 25 % mediante cooperativas.<\/p>\n","protected":false},"excerpt":{"rendered":"<p>El presidente del Instituto Nacional del Cooperativismo (Inacoop), Mart\u00edn Fern\u00e1ndez, luego de reunirse con el&#8230;<\/p>\n","protected":false},"author":1,"featured_media":9254,"comment_status":"open","ping_status":"open","sticky":false,"template":"","format":"standard","meta":{"_monsterinsights_skip_tracking":false,"_monsterinsights_sitenote_active":false,"_monsterinsights_sitenote_note":"","_monsterinsights_sitenote_category":0,"footnotes":""},"categories":[79],"tags":[],"class_list":["post-9253","post","type-post","status-publish","format-standard","has-post-thumbnail","hentry","category-nacionales"],"featured_image_urls":{"full":["https:\/\/diariotiempo.com.uy\/noticias\/wp-content\/uploads\/2023\/01\/MARTIN.jpg",800,471,false],"thumbnail":["https:\/\/diariotiempo.com.uy\/noticias\/wp-content\/uploads\/2023\/01\/MARTIN-150x150.jpg",150,150,true],"medium":["https:\/\/diariotiempo.com.uy\/noticias\/wp-content\/uploads\/2023\/01\/MARTIN-300x177.jpg",300,177,true],"medium_large":["https:\/\/diariotiempo.com.uy\/noticias\/wp-content\/uploads\/2023\/01\/MARTIN-768x452.jpg",640,377,true],"large":["https:\/\/diariotiempo.com.uy\/noticias\/wp-content\/uploads\/2023\/01\/MARTIN.jpg",640,377,false],"rpg_gallery_admin_thumb":["https:\/\/diariotiempo.com.uy\/noticias\/wp-content\/uploads\/2023\/01\/MARTIN.jpg",150,88,false],"rpg_gallery_thumb":["https:\/\/diariotiempo.com.uy\/noticias\/wp-content\/uploads\/2023\/01\/MARTIN.jpg",150,88,false],"1536x1536":["https:\/\/diariotiempo.com.uy\/noticias\/wp-content\/uploads\/2023\/01\/MARTIN.jpg",800,471,false],"2048x2048":["https:\/\/diariotiempo.com.uy\/noticias\/wp-content\/uploads\/2023\/01\/MARTIN.jpg",800,471,false],"covernews-slider-full":["https:\/\/diariotiempo.com.uy\/noticias\/wp-content\/uploads\/2023\/01\/MARTIN.jpg",800,471,false],"covernews-slider-center":["https:\/\/diariotiempo.com.uy\/noticias\/wp-content\/uploads\/2023\/01\/MARTIN.jpg",800,471,false],"covernews-featured":["https:\/\/diariotiempo.com.uy\/noticias\/wp-content\/uploads\/2023\/01\/MARTIN.jpg",800,471,false],"covernews-medium":["https:\/\/diariotiempo.com.uy\/noticias\/wp-content\/uploads\/2023\/01\/MARTIN-540x340.jpg",540,340,true],"covernews-medium-square":["https:\/\/diariotiempo.com.uy\/noticias\/wp-content\/uploads\/2023\/01\/MARTIN-400x250.jpg",400,250,true]},"author_info":{"display_name":"diario","author_link":"https:\/\/diariotiempo.com.uy\/noticias\/author\/diario\/"},"category_info":"<a href=\"https:\/\/diariotiempo.com.uy\/noticias\/category\/nacionales\/\" rel=\"category tag\">NACIONALES<\/a>","tag_info":"NACIONALES","comment_count":"0","_links":{"self":[{"href":"https:\/\/diariotiempo.com.uy\/noticias\/wp-json\/wp\/v2\/posts\/9253","targetHints":{"allow":["GET"]}}],"collection":[{"href":"https:\/\/diariotiempo.com.uy\/noticias\/wp-json\/wp\/v2\/posts"}],"about":[{"href":"https:\/\/diariotiempo.com.uy\/noticias\/wp-json\/wp\/v2\/types\/post"}],"author":[{"embeddable":true,"href":"https:\/\/diariotiempo.com.uy\/noticias\/wp-json\/wp\/v2\/users\/1"}],"replies":[{"embeddable":true,"href":"https:\/\/diariotiempo.com.uy\/noticias\/wp-json\/wp\/v2\/comments?post=9253"}],"version-history":[{"count":1,"href":"https:\/\/diariotiempo.com.uy\/noticias\/wp-json\/wp\/v2\/posts\/9253\/revisions"}],"predecessor-version":[{"id":9255,"href":"https:\/\/diariotiempo.com.uy\/noticias\/wp-json\/wp\/v2\/posts\/9253\/revisions\/9255"}],"wp:featuredmedia":[{"embeddable":true,"href":"https:\/\/diariotiempo.com.uy\/noticias\/wp-json\/wp\/v2\/media\/9254"}],"wp:attachment":[{"href":"https:\/\/diariotiempo.com.uy\/noticias\/wp-json\/wp\/v2\/media?parent=9253"}],"wp:term":[{"taxonomy":"category","embeddable":true,"href":"https:\/\/diariotiempo.com.uy\/noticias\/wp-json\/wp\/v2\/categories?post=9253"},{"taxonomy":"post_tag","embeddable":true,"href":"https:\/\/diariotiempo.com.uy\/noticias\/wp-json\/wp\/v2\/tags?post=9253"}],"curies":[{"name":"wp","href":"https:\/\/api.w.org\/{rel}","templated":true}]}}