{"id":9263,"date":"2023-01-27T11:46:34","date_gmt":"2023-01-27T11:46:34","guid":{"rendered":"https:\/\/diariotiempo.com.uy\/noticias\/?p=9263"},"modified":"2023-01-27T11:46:52","modified_gmt":"2023-01-27T11:46:52","slug":"incendio-de-campo-en-ruta-interbalnearia-km-53","status":"publish","type":"post","link":"https:\/\/diariotiempo.com.uy\/noticias\/2023\/01\/27\/incendio-de-campo-en-ruta-interbalnearia-km-53\/","title":{"rendered":"Incendio de campo en Ruta Interbalnearia Km 53"},"content":{"rendered":"\n<figure class=\"wp-block-gallery has-nested-images columns-2 is-cropped wp-block-gallery-1 is-layout-flex wp-block-gallery-is-layout-flex\">\n<figure class=\"wp-block-image size-large\"><img loading=\"lazy\" decoding=\"async\" width=\"548\" height=\"314\" data-id=\"9264\" src=\"https:\/\/diariotiempo.com.uy\/noticias\/wp-content\/uploads\/2023\/01\/FOTO-CAPTURA.jpg\" alt=\"\" class=\"wp-image-9264\" srcset=\"https:\/\/diariotiempo.com.uy\/noticias\/wp-content\/uploads\/2023\/01\/FOTO-CAPTURA.jpg 548w, https:\/\/diariotiempo.com.uy\/noticias\/wp-content\/uploads\/2023\/01\/FOTO-CAPTURA-300x172.jpg 300w\" sizes=\"auto, (max-width: 548px) 100vw, 548px\" \/><\/figure>\n\n\n\n<figure class=\"wp-block-image size-large\"><img loading=\"lazy\" decoding=\"async\" width=\"800\" height=\"550\" data-id=\"9266\" src=\"https:\/\/diariotiempo.com.uy\/noticias\/wp-content\/uploads\/2023\/01\/foto-jefatura.jpg\" alt=\"\" class=\"wp-image-9266\" srcset=\"https:\/\/diariotiempo.com.uy\/noticias\/wp-content\/uploads\/2023\/01\/foto-jefatura.jpg 800w, https:\/\/diariotiempo.com.uy\/noticias\/wp-content\/uploads\/2023\/01\/foto-jefatura-300x206.jpg 300w, https:\/\/diariotiempo.com.uy\/noticias\/wp-content\/uploads\/2023\/01\/foto-jefatura-768x528.jpg 768w\" sizes=\"auto, (max-width: 800px) 100vw, 800px\" \/><\/figure>\n\n\n\n<figure class=\"wp-block-image size-large\"><img loading=\"lazy\" decoding=\"async\" width=\"800\" height=\"365\" data-id=\"9265\" src=\"https:\/\/diariotiempo.com.uy\/noticias\/wp-content\/uploads\/2023\/01\/incendio.jpg\" alt=\"\" class=\"wp-image-9265\" srcset=\"https:\/\/diariotiempo.com.uy\/noticias\/wp-content\/uploads\/2023\/01\/incendio.jpg 800w, https:\/\/diariotiempo.com.uy\/noticias\/wp-content\/uploads\/2023\/01\/incendio-300x137.jpg 300w, https:\/\/diariotiempo.com.uy\/noticias\/wp-content\/uploads\/2023\/01\/incendio-768x350.jpg 768w\" sizes=\"auto, (max-width: 800px) 100vw, 800px\" \/><\/figure>\n<\/figure>\n\n\n\n<p>De J.P.C. Pasadas las 15:00 horas de este jueves 26 de enero, se desarroll\u00f3 un incendio de campo en Ruta Interbalnearia Km 53, en balneario La Floresta, lado Norte (Canelones). El fuego se propag\u00f3 r\u00e1pidamente afectando de forma total un aserradero de la empresa LIDENOR. Se logr\u00f3 salvar una vivienda con cubierta de quincho que se encuentra en la zona, siendo afectado parcialmente por las llamas. Trabajan todos los destacamentos del Este del \u00c1rea Metropolitana, Carrasco, Solymar, Parque del Plata, Biarritz, cisternas desde el Cuartel Centenario y Brigadas forestales de Las Brujas y de Ciudad del Plata con apoyo de un Helic\u00f3ptero de fuerza A\u00e9rea. El incendio se encuentra controlado, de todas formas se realiza una vigilancia permanente y enfriamiento de puntos calientes.<\/p>\n\n\n\n<p>A causa del incendio, Polic\u00eda Caminera cort\u00f3 totalmente la circulaci\u00f3n por la ruta 35 y el tr\u00e1nsito por Ruta Interbalnearia fue desviado desde el este a la altura del kil\u00f3metro 58, debiendo ingresar a Costa Azul y retomando la Interbalnearia en el kil\u00f3metro 52, en Las Vegas. El tr\u00e1nsito que pretenda salir a ruta 8 debi\u00f3 hacerlo por ruta 11, dado que la ruta 35 est\u00e1 cortada.<\/p>\n\n\n\n<p>A \u00faltima hora de este jueves, el Ministerio del Interior inform\u00f3 que el desv\u00edo de Interbalnearia fue levantado, pero el ingreso a dicha ruta se encontraba \u00absumamente congestionado\u00bb, con colas de un kil\u00f3metro en ambos sentidos.<\/p>\n","protected":false},"excerpt":{"rendered":"<p>De J.P.C. Pasadas las 15:00 horas de este jueves 26 de enero, se desarroll\u00f3 un&#8230;<\/p>\n","protected":false},"author":1,"featured_media":9265,"comment_status":"open","ping_status":"open","sticky":false,"template":"","format":"standard","meta":{"_monsterinsights_skip_tracking":false,"_monsterinsights_sitenote_active":false,"_monsterinsights_sitenote_note":"","_monsterinsights_sitenote_category":0,"footnotes":""},"categories":[11],"tags":[],"class_list":["post-9263","post","type-post","status-publish","format-standard","has-post-thumbnail","hentry","category-noticia-destacada"],"featured_image_urls":{"full":["https:\/\/diariotiempo.com.uy\/noticias\/wp-content\/uploads\/2023\/01\/incendio.jpg",800,365,false],"thumbnail":["https:\/\/diariotiempo.com.uy\/noticias\/wp-content\/uploads\/2023\/01\/incendio-150x150.jpg",150,150,true],"medium":["https:\/\/diariotiempo.com.uy\/noticias\/wp-content\/uploads\/2023\/01\/incendio-300x137.jpg",300,137,true],"medium_large":["https:\/\/diariotiempo.com.uy\/noticias\/wp-content\/uploads\/2023\/01\/incendio-768x350.jpg",640,292,true],"large":["https:\/\/diariotiempo.com.uy\/noticias\/wp-content\/uploads\/2023\/01\/incendio.jpg",640,292,false],"rpg_gallery_admin_thumb":["https:\/\/diariotiempo.com.uy\/noticias\/wp-content\/uploads\/2023\/01\/incendio.jpg",150,68,false],"rpg_gallery_thumb":["https:\/\/diariotiempo.com.uy\/noticias\/wp-content\/uploads\/2023\/01\/incendio.jpg",150,68,false],"1536x1536":["https:\/\/diariotiempo.com.uy\/noticias\/wp-content\/uploads\/2023\/01\/incendio.jpg",800,365,false],"2048x2048":["https:\/\/diariotiempo.com.uy\/noticias\/wp-content\/uploads\/2023\/01\/incendio.jpg",800,365,false],"covernews-slider-full":["https:\/\/diariotiempo.com.uy\/noticias\/wp-content\/uploads\/2023\/01\/incendio.jpg",800,365,false],"covernews-slider-center":["https:\/\/diariotiempo.com.uy\/noticias\/wp-content\/uploads\/2023\/01\/incendio.jpg",800,365,false],"covernews-featured":["https:\/\/diariotiempo.com.uy\/noticias\/wp-content\/uploads\/2023\/01\/incendio.jpg",800,365,false],"covernews-medium":["https:\/\/diariotiempo.com.uy\/noticias\/wp-content\/uploads\/2023\/01\/incendio-540x340.jpg",540,340,true],"covernews-medium-square":["https:\/\/diariotiempo.com.uy\/noticias\/wp-content\/uploads\/2023\/01\/incendio-400x250.jpg",400,250,true]},"author_info":{"display_name":"diario","author_link":"https:\/\/diariotiempo.com.uy\/noticias\/author\/diario\/"},"category_info":"<a href=\"https:\/\/diariotiempo.com.uy\/noticias\/category\/noticia-destacada\/\" rel=\"category tag\">NOTICIA DESTACADA<\/a>","tag_info":"NOTICIA DESTACADA","comment_count":"0","_links":{"self":[{"href":"https:\/\/diariotiempo.com.uy\/noticias\/wp-json\/wp\/v2\/posts\/9263","targetHints":{"allow":["GET"]}}],"collection":[{"href":"https:\/\/diariotiempo.com.uy\/noticias\/wp-json\/wp\/v2\/posts"}],"about":[{"href":"https:\/\/diariotiempo.com.uy\/noticias\/wp-json\/wp\/v2\/types\/post"}],"author":[{"embeddable":true,"href":"https:\/\/diariotiempo.com.uy\/noticias\/wp-json\/wp\/v2\/users\/1"}],"replies":[{"embeddable":true,"href":"https:\/\/diariotiempo.com.uy\/noticias\/wp-json\/wp\/v2\/comments?post=9263"}],"version-history":[{"count":1,"href":"https:\/\/diariotiempo.com.uy\/noticias\/wp-json\/wp\/v2\/posts\/9263\/revisions"}],"predecessor-version":[{"id":9267,"href":"https:\/\/diariotiempo.com.uy\/noticias\/wp-json\/wp\/v2\/posts\/9263\/revisions\/9267"}],"wp:featuredmedia":[{"embeddable":true,"href":"https:\/\/diariotiempo.com.uy\/noticias\/wp-json\/wp\/v2\/media\/9265"}],"wp:attachment":[{"href":"https:\/\/diariotiempo.com.uy\/noticias\/wp-json\/wp\/v2\/media?parent=9263"}],"wp:term":[{"taxonomy":"category","embeddable":true,"href":"https:\/\/diariotiempo.com.uy\/noticias\/wp-json\/wp\/v2\/categories?post=9263"},{"taxonomy":"post_tag","embeddable":true,"href":"https:\/\/diariotiempo.com.uy\/noticias\/wp-json\/wp\/v2\/tags?post=9263"}],"curies":[{"name":"wp","href":"https:\/\/api.w.org\/{rel}","templated":true}]}}