{"id":9271,"date":"2023-01-27T11:51:30","date_gmt":"2023-01-27T11:51:30","guid":{"rendered":"https:\/\/diariotiempo.com.uy\/noticias\/?p=9271"},"modified":"2023-01-27T11:51:31","modified_gmt":"2023-01-27T11:51:31","slug":"autoridades-nacionales-y-departamentales-recorrieron-el-noreste-y-santoral-canario-evaluando-el-deficit-hidrico","status":"publish","type":"post","link":"https:\/\/diariotiempo.com.uy\/noticias\/2023\/01\/27\/autoridades-nacionales-y-departamentales-recorrieron-el-noreste-y-santoral-canario-evaluando-el-deficit-hidrico\/","title":{"rendered":"Autoridades nacionales y departamentales recorrieron el noreste y santoral canario evaluando el d\u00e9ficit h\u00eddrico"},"content":{"rendered":"\n<figure class=\"wp-block-image size-full\"><img loading=\"lazy\" decoding=\"async\" width=\"800\" height=\"533\" src=\"https:\/\/diariotiempo.com.uy\/noticias\/wp-content\/uploads\/2023\/01\/orsi.jpg\" alt=\"\" class=\"wp-image-9272\" srcset=\"https:\/\/diariotiempo.com.uy\/noticias\/wp-content\/uploads\/2023\/01\/orsi.jpg 800w, https:\/\/diariotiempo.com.uy\/noticias\/wp-content\/uploads\/2023\/01\/orsi-300x200.jpg 300w, https:\/\/diariotiempo.com.uy\/noticias\/wp-content\/uploads\/2023\/01\/orsi-768x512.jpg 768w\" sizes=\"auto, (max-width: 800px) 100vw, 800px\" \/><figcaption class=\"wp-element-caption\">Recorrida sequ\u00eda. Canelones<\/figcaption><\/figure>\n\n\n\n<p>Para conocer de primera mano la situaci\u00f3n preocupante que est\u00e1 viviendo el sector agropecuario en nuestro departamento, se realiz\u00f3 una recorrida evaluatoria que permita diseccionar mejor los recursos, encabezada por el Intendente de Canelones, Prof. Yamand\u00fa Orsi, el Ministro de Ganader\u00eda, Agricultura y Pesca (MGAP), Fernando Mattos, representantes de diversas gremiales, confederaciones y asociaciones rurales, autoridades nacionales, departamentales y locales.<\/p>\n\n\n\n<p>El Intendente Orsi inform\u00f3 que vienen trabajando en forma coordinada con el Ministerio para asistir al sector agropecuario y que, adem\u00e1s, cuentan con pol\u00edticas propias para brindando asistencia a productores rurales a trav\u00e9s de diferentes planes. \u201cLo primero a resolver es el agua para consumo humano desde el CECOED. Despu\u00e9s la asistencia al productor con limpieza de tajamares, en algunos casos llevando agua para consumo animal\u201d, se\u00f1al\u00f3 el jerarca canario. Orsi tambi\u00e9n hizo hincapi\u00e9 en la importancia del subsidio de combustibles para mover las maquinas y la malla que est\u00e1 brindando la Intendencia para la sombra de los animales.<br>\u201cEn este momento la estrategia es acompa\u00f1ar al Estado en toda su dimensi\u00f3n, pero la discusi\u00f3n pol\u00edtica es si alcanza o si no alcanza y qu\u00e9 hay que hacer para adelante. Ac\u00e1 el que sufre es el productor y el que va a sufrir es el consumidor cuando los precios aumenten demasiado. Por eso, creo que el productor necesita pol\u00edticas de Estado bastante m\u00e1s contundentes\u201d, reflexion\u00f3 Orsi<\/p>\n\n\n\n<p>Por su parte, el Ministro de MGAP, Fernando Mattos, expres\u00f3 que \u201chay un quebranto productivo en mayor o menor grado de acuerdo al rubro y preparaci\u00f3n\u201d y se\u00f1al\u00f3 que \u201cesto es una p\u00e9rdida productiva para el pa\u00eds: empleos, ventas que se pierden, dificultades financieras y c\u00f3mo hace para vivir el productor hasta culminar el pr\u00f3ximo ciclo\u201d.<\/p>\n\n\n\n<p>Adem\u00e1s, sostuvo que la recorrida sirvi\u00f3 para conocer de primera mano la cr\u00edtica situaci\u00f3n por la que atraviesa nuestro sector productivo.<\/p>\n\n\n\n<p>La compleja situaci\u00f3n del sector agropecuario<\/p>\n\n\n\n<p>El sector agropecuario en nuestro pa\u00eds, con especial foco en aquellas producciones intensivas del sector granjero est\u00e1n pasando por una compleja situaci\u00f3n que, a pesar de los esfuerzos, planes e inversiones realizadas, no alcanzan ya que la falta de lluvias de un volumen interesante hace que toda mitigaci\u00f3n sea insuficiente.<br>En zonas productivas de mayor intensidad como es la granja en cultivos como zanahorias, sand\u00eda, cebollas, boniatos, entre otros, la afectaci\u00f3n es muy importante a pesar de las<br>previsiones e inversiones que se han realizado.<\/p>\n\n\n\n<p>Antonella Gordillo, productora de zanahoria cuyo emprendimiento est\u00e1 ubicado en Ruta 81 km. 40, zona de San Antonio, directiva de la C\u00e1mara Fruticola del Uruguay y Secretaria de la Confederaci\u00f3n Granjera del Uruguay expres\u00f3 que la granja est\u00e1 atravesando un momento dif\u00edcil desde el a\u00f1o pasado, cuando no se pudieron llenar las reservas de agua a pesar de las inversiones realizadas por algunos productores. \u201cEs una situaci\u00f3n de sequ\u00eda prolongada en el tiempo que no recuerdo haberla vivido con anterioridad\u201d, sostuvo con preocupaci\u00f3n. Agreg\u00f3 que la situaci\u00f3n es cr\u00edtica, ya que no ha llovido lo suficiente, principalmente en la zona de Melilla, que es de producci\u00f3n intensiva.<br>En la recorrida, los productores eval\u00faan positivamente que las autoridades est\u00e9n presentes para evaluar en territorio.<\/p>\n\n\n\n<p>Fuente y foto IMC<\/p>\n","protected":false},"excerpt":{"rendered":"<p>Para conocer de primera mano la situaci\u00f3n preocupante que est\u00e1 viviendo el sector agropecuario en&#8230;<\/p>\n","protected":false},"author":1,"featured_media":9272,"comment_status":"open","ping_status":"open","sticky":false,"template":"","format":"standard","meta":{"_monsterinsights_skip_tracking":false,"_monsterinsights_sitenote_active":false,"_monsterinsights_sitenote_note":"","_monsterinsights_sitenote_category":0,"footnotes":""},"categories":[4],"tags":[],"class_list":["post-9271","post","type-post","status-publish","format-standard","has-post-thumbnail","hentry","category-departamental"],"featured_image_urls":{"full":["https:\/\/diariotiempo.com.uy\/noticias\/wp-content\/uploads\/2023\/01\/orsi.jpg",800,533,false],"thumbnail":["https:\/\/diariotiempo.com.uy\/noticias\/wp-content\/uploads\/2023\/01\/orsi-150x150.jpg",150,150,true],"medium":["https:\/\/diariotiempo.com.uy\/noticias\/wp-content\/uploads\/2023\/01\/orsi-300x200.jpg",300,200,true],"medium_large":["https:\/\/diariotiempo.com.uy\/noticias\/wp-content\/uploads\/2023\/01\/orsi-768x512.jpg",640,427,true],"large":["https:\/\/diariotiempo.com.uy\/noticias\/wp-content\/uploads\/2023\/01\/orsi.jpg",640,426,false],"rpg_gallery_admin_thumb":["https:\/\/diariotiempo.com.uy\/noticias\/wp-content\/uploads\/2023\/01\/orsi.jpg",150,100,false],"rpg_gallery_thumb":["https:\/\/diariotiempo.com.uy\/noticias\/wp-content\/uploads\/2023\/01\/orsi.jpg",150,100,false],"1536x1536":["https:\/\/diariotiempo.com.uy\/noticias\/wp-content\/uploads\/2023\/01\/orsi.jpg",800,533,false],"2048x2048":["https:\/\/diariotiempo.com.uy\/noticias\/wp-content\/uploads\/2023\/01\/orsi.jpg",800,533,false],"covernews-slider-full":["https:\/\/diariotiempo.com.uy\/noticias\/wp-content\/uploads\/2023\/01\/orsi.jpg",800,533,false],"covernews-slider-center":["https:\/\/diariotiempo.com.uy\/noticias\/wp-content\/uploads\/2023\/01\/orsi-800x500.jpg",800,500,true],"covernews-featured":["https:\/\/diariotiempo.com.uy\/noticias\/wp-content\/uploads\/2023\/01\/orsi.jpg",800,533,false],"covernews-medium":["https:\/\/diariotiempo.com.uy\/noticias\/wp-content\/uploads\/2023\/01\/orsi-540x340.jpg",540,340,true],"covernews-medium-square":["https:\/\/diariotiempo.com.uy\/noticias\/wp-content\/uploads\/2023\/01\/orsi-400x250.jpg",400,250,true]},"author_info":{"display_name":"diario","author_link":"https:\/\/diariotiempo.com.uy\/noticias\/author\/diario\/"},"category_info":"<a href=\"https:\/\/diariotiempo.com.uy\/noticias\/category\/departamental\/\" rel=\"category tag\">DEPARTAMENTAL<\/a>","tag_info":"DEPARTAMENTAL","comment_count":"0","_links":{"self":[{"href":"https:\/\/diariotiempo.com.uy\/noticias\/wp-json\/wp\/v2\/posts\/9271","targetHints":{"allow":["GET"]}}],"collection":[{"href":"https:\/\/diariotiempo.com.uy\/noticias\/wp-json\/wp\/v2\/posts"}],"about":[{"href":"https:\/\/diariotiempo.com.uy\/noticias\/wp-json\/wp\/v2\/types\/post"}],"author":[{"embeddable":true,"href":"https:\/\/diariotiempo.com.uy\/noticias\/wp-json\/wp\/v2\/users\/1"}],"replies":[{"embeddable":true,"href":"https:\/\/diariotiempo.com.uy\/noticias\/wp-json\/wp\/v2\/comments?post=9271"}],"version-history":[{"count":1,"href":"https:\/\/diariotiempo.com.uy\/noticias\/wp-json\/wp\/v2\/posts\/9271\/revisions"}],"predecessor-version":[{"id":9273,"href":"https:\/\/diariotiempo.com.uy\/noticias\/wp-json\/wp\/v2\/posts\/9271\/revisions\/9273"}],"wp:featuredmedia":[{"embeddable":true,"href":"https:\/\/diariotiempo.com.uy\/noticias\/wp-json\/wp\/v2\/media\/9272"}],"wp:attachment":[{"href":"https:\/\/diariotiempo.com.uy\/noticias\/wp-json\/wp\/v2\/media?parent=9271"}],"wp:term":[{"taxonomy":"category","embeddable":true,"href":"https:\/\/diariotiempo.com.uy\/noticias\/wp-json\/wp\/v2\/categories?post=9271"},{"taxonomy":"post_tag","embeddable":true,"href":"https:\/\/diariotiempo.com.uy\/noticias\/wp-json\/wp\/v2\/tags?post=9271"}],"curies":[{"name":"wp","href":"https:\/\/api.w.org\/{rel}","templated":true}]}}