{"id":9274,"date":"2023-01-27T11:52:16","date_gmt":"2023-01-27T11:52:16","guid":{"rendered":"https:\/\/diariotiempo.com.uy\/noticias\/?p=9274"},"modified":"2023-01-27T11:52:16","modified_gmt":"2023-01-27T11:52:16","slug":"ciudad-de-la-costa-4","status":"publish","type":"post","link":"https:\/\/diariotiempo.com.uy\/noticias\/2023\/01\/27\/ciudad-de-la-costa-4\/","title":{"rendered":"CIUDAD DE LA COSTA"},"content":{"rendered":"\n<p>OFICINA N\u00ba 14<\/p>\n\n\n\n<p>En Solymar, Canelones el d\u00eda 23 de enero de 2023 a las 11:25 horas, a petici\u00f3n de los interesados hago saber que han proyectado unirse en matrimonio: VICTOR BRIAN SAS\u00cdAS AZAMBUYA c\u00e9dula de identidad 51749570 nacido\/a en Uruguay, de nacionalidad uruguayo, de 28 a\u00f1os de edad, de estado civil soltero, de profesi\u00f3n barbero, domiciliado en Av. Giannattasio, Mz. 303 S. 16, Lomas de Solymar, Canelones.FATIMA FABIANA DE NOBREGA SOBRINHO BARRERA, c\u00e9dula de identidad 51280667, nacido\/o en Uruguay, de nacionalidad uruguaya, de 27 a\u00f1os de edad, de estado civil soltera, de profesi\u00f3n empleada, domiciliada en Av. Giannattasio, Mz. 303 S. 16, Lomas de Solymar, Canelones. En fe de lo cual intimo a los que supieren de alg\u00fan impedimento para el matrimonio proyectado denuncien por escrito ante esta Oficina haciendo conocer las causas. Y lo firmo para que sea fijado en la puerta de esta Oficina por espacio de 8 d\u00edas como lo manda la ley. Oficial de Estado Civil, Ana Maria Vera .3 pub. del 25\/1 a 27\/1\/23. rbo. 3249<\/p>\n\n\n\n<p>BARROS BLANCOS<br>OFICINA N\u00ba 407<\/p>\n\n\n\n<p>En Barros Blancos, Canelones el d\u00eda 29 de diciembre de 2022 a las 10:26 horas, a petici\u00f3n de los interesados hago saber que han proyectado unirse en matrimonio: TERESITA ADRIANA REVELLO SOSA c\u00e9dula de identidad 12938786 nacido\/a en Uruguay, de nacionalidad uruguaya, de 61 a\u00f1os de edad, de estado civil soltera, de profesi\u00f3n labores, domiciliado en Las Acacias, Barros Blancos, Canelones.PABLO SANTIAGO ALBUQUERQUE SILVEIRA, c\u00e9dula de identidad 13267910, nacido\/o en Uruguay, de nacionalidad uruguaya, de 61 a\u00f1os de edad, de estado civil divorciado, de profesi\u00f3n jubilado, domiciliado en Las Acacias, Barros Blancos, Canelones. En fe de lo cual intimo a los que supieren de alg\u00fan impedimento para el matrimonio proyectado denuncien por escrito ante esta Oficina haciendo conocer las causas. Y lo firmo para que sea fijado en la puerta de esta Oficina por espacio de 8 d\u00edas como lo manda la ley. Oficial de Estado Civil, Julian Rocha .3 pub. del 23\/1 a 25\/1\/23.<\/p>\n\n\n\n<p>LA FLORESTA<br>OFICINA N\u00ba 411<\/p>\n\n\n\n<p>En La Floresta, Canelones el d\u00eda 20 de enero de 2023 a las 12:10 horas, a petici\u00f3n de los interesados hago saber que han proyectado unirse en matrimonio: SILVANA VERONICA TERAN GARCIA c\u00e9dula de identidad 33372109 nacido\/a en Argentina, de nacionalidad uruguaya, de 46 a\u00f1os de edad, de estado civil soltera, de profesi\u00f3n empleada, domiciliada en San Martin s\/n, La Floresta, Canelones. CARLOS MAR\u00cdA KEEL CALLEO, c\u00e9dula de identidad 10779112, nacido\/o en Uruguay, de nacionalidad uruguaya, de 77 a\u00f1os de edad, de estado civil viudo, de profesi\u00f3n jubilado bancario, domiciliado en Pedro de Mendoza, La Floresta, Canelones. En fe de lo cual intimo a los que supieren de alg\u00fan impedimento para el matrimonio proyectado denuncien por escrito ante esta Oficina haciendo conocer las causas. Y lo firmo para que sea fijado en la puerta de esta Oficina por espacio de 8 d\u00edas como lo manda la ley. Documento firmado por Nancy Fuentes, Oficial de Estado Civil. 3 pub. del 26\/1 a 30\/1\/23.<\/p>\n\n\n\n<p>OFICINA N\u00ba 418<\/p>\n\n\n\n<p>En Pando, Canelones el d\u00eda 24 de enero de 2023 a las 11:16 horas, a petici\u00f3n de los interesados hago saber que han proyectado unirse en matrimonio: JULIO CESAR GUTIERREZ DIAZ c\u00e9dula de identidad 44139122 nacido\/a en Uruguay, de nacionalidad uruguayo, de 40 a\u00f1os de edad, de estado civil soltero, de profesi\u00f3n empleada, domiciliado en Empalme Olmos, Canelones. ANA LAURA SARAVIA, c\u00e9dula de identidad 45207297, nacido\/o en Uruguay, de nacionalidad uruguaya, de 42 a\u00f1os de edad, de estado civil soltera, de profesi\u00f3n comerciante, domiciliado en Emplame Olmos, Canelones. En fe de lo cual intimo a los que supieren de alg\u00fan impedimento para el matrimonio proyectado denuncien por escrito ante esta Oficina haciendo conocer las causas. Y lo firmo para que sea fijado en la puerta de esta Oficina por espacio de 8 d\u00edas como lo manda la ley. Documento firmado por Daysi P\u00e9rez, Oficial de Estado Civil 3 pub. del 26\/1 a 30\/1\/23.<\/p>\n\n\n\n<p>GOBIERNO DE CANELONES<\/p>\n\n\n\n<p>DIRECCI\u00d3N GENERAL<br>ADMINISTRACI\u00d3N<\/p>\n\n\n\n<p>DIRECCI\u00d3N DE<br>NECR\u00d3POLIS<\/p>\n\n\n\n<p>Por disposici\u00f3n del Art. 20 Lit. B) de la Ordenanza de Necr\u00f3polis N\u00ba 95\/15, se hace saber que: Mirtha Sonia, Lionel Hubert, Wilson Rudy y Juan Jos\u00e9 MORALES UMPI\u00c9RREZ, solicita t\u00edtulo de Pante\u00f3n N\u00ba 47 Sector D del Cementerio de la ciudad de Migues por regularizaci\u00f3n del mismo.<br>Se emplazar\u00e1 a todos los interesados para que concurran en un plazo de 30 d\u00edas corridos, contados a partir de la presente publicaci\u00f3n, a deducir derechos sobre el bien funerario ante Necr\u00f3polis Municipio de Migues.<\/p>\n\n\n\n<p>EXPTE. 2022-81-1250-00070. Alba Alicia Garreta, Directora Necr\u00f3polis.<br>5 pub. del 27\/1 a 2\/2\/2023<\/p>\n","protected":false},"excerpt":{"rendered":"<p>OFICINA N\u00ba 14 En Solymar, Canelones el d\u00eda 23 de enero de 2023 a las&#8230;<\/p>\n","protected":false},"author":1,"featured_media":1819,"comment_status":"open","ping_status":"open","sticky":false,"template":"","format":"standard","meta":{"_monsterinsights_skip_tracking":false,"_monsterinsights_sitenote_active":false,"_monsterinsights_sitenote_note":"","_monsterinsights_sitenote_category":0,"footnotes":""},"categories":[27],"tags":[],"class_list":["post-9274","post","type-post","status-publish","format-standard","has-post-thumbnail","hentry","category-edictos"],"featured_image_urls":{"full":["https:\/\/diariotiempo.com.uy\/noticias\/wp-content\/uploads\/2021\/09\/judicial.jpg",800,416,false],"thumbnail":["https:\/\/diariotiempo.com.uy\/noticias\/wp-content\/uploads\/2021\/09\/judicial-150x150.jpg",150,150,true],"medium":["https:\/\/diariotiempo.com.uy\/noticias\/wp-content\/uploads\/2021\/09\/judicial-300x156.jpg",300,156,true],"medium_large":["https:\/\/diariotiempo.com.uy\/noticias\/wp-content\/uploads\/2021\/09\/judicial-768x399.jpg",640,333,true],"large":["https:\/\/diariotiempo.com.uy\/noticias\/wp-content\/uploads\/2021\/09\/judicial.jpg",640,333,false],"rpg_gallery_admin_thumb":["https:\/\/diariotiempo.com.uy\/noticias\/wp-content\/uploads\/2021\/09\/judicial.jpg",150,78,false],"rpg_gallery_thumb":["https:\/\/diariotiempo.com.uy\/noticias\/wp-content\/uploads\/2021\/09\/judicial.jpg",150,78,false],"1536x1536":["https:\/\/diariotiempo.com.uy\/noticias\/wp-content\/uploads\/2021\/09\/judicial.jpg",800,416,false],"2048x2048":["https:\/\/diariotiempo.com.uy\/noticias\/wp-content\/uploads\/2021\/09\/judicial.jpg",800,416,false],"covernews-slider-full":["https:\/\/diariotiempo.com.uy\/noticias\/wp-content\/uploads\/2021\/09\/judicial.jpg",800,416,false],"covernews-slider-center":["https:\/\/diariotiempo.com.uy\/noticias\/wp-content\/uploads\/2021\/09\/judicial.jpg",800,416,false],"covernews-featured":["https:\/\/diariotiempo.com.uy\/noticias\/wp-content\/uploads\/2021\/09\/judicial.jpg",800,416,false],"covernews-medium":["https:\/\/diariotiempo.com.uy\/noticias\/wp-content\/uploads\/2021\/09\/judicial-540x340.jpg",540,340,true],"covernews-medium-square":["https:\/\/diariotiempo.com.uy\/noticias\/wp-content\/uploads\/2021\/09\/judicial-400x250.jpg",400,250,true]},"author_info":{"display_name":"diario","author_link":"https:\/\/diariotiempo.com.uy\/noticias\/author\/diario\/"},"category_info":"<a href=\"https:\/\/diariotiempo.com.uy\/noticias\/category\/publicaciones\/edictos\/\" rel=\"category tag\">Edictos<\/a>","tag_info":"Edictos","comment_count":"0","_links":{"self":[{"href":"https:\/\/diariotiempo.com.uy\/noticias\/wp-json\/wp\/v2\/posts\/9274","targetHints":{"allow":["GET"]}}],"collection":[{"href":"https:\/\/diariotiempo.com.uy\/noticias\/wp-json\/wp\/v2\/posts"}],"about":[{"href":"https:\/\/diariotiempo.com.uy\/noticias\/wp-json\/wp\/v2\/types\/post"}],"author":[{"embeddable":true,"href":"https:\/\/diariotiempo.com.uy\/noticias\/wp-json\/wp\/v2\/users\/1"}],"replies":[{"embeddable":true,"href":"https:\/\/diariotiempo.com.uy\/noticias\/wp-json\/wp\/v2\/comments?post=9274"}],"version-history":[{"count":1,"href":"https:\/\/diariotiempo.com.uy\/noticias\/wp-json\/wp\/v2\/posts\/9274\/revisions"}],"predecessor-version":[{"id":9275,"href":"https:\/\/diariotiempo.com.uy\/noticias\/wp-json\/wp\/v2\/posts\/9274\/revisions\/9275"}],"wp:featuredmedia":[{"embeddable":true,"href":"https:\/\/diariotiempo.com.uy\/noticias\/wp-json\/wp\/v2\/media\/1819"}],"wp:attachment":[{"href":"https:\/\/diariotiempo.com.uy\/noticias\/wp-json\/wp\/v2\/media?parent=9274"}],"wp:term":[{"taxonomy":"category","embeddable":true,"href":"https:\/\/diariotiempo.com.uy\/noticias\/wp-json\/wp\/v2\/categories?post=9274"},{"taxonomy":"post_tag","embeddable":true,"href":"https:\/\/diariotiempo.com.uy\/noticias\/wp-json\/wp\/v2\/tags?post=9274"}],"curies":[{"name":"wp","href":"https:\/\/api.w.org\/{rel}","templated":true}]}}